{"id":1006,"date":"2015-08-12T18:59:00","date_gmt":"2015-08-12T18:59:00","guid":{"rendered":"http:\/\/vitoria.cnt.es\/mh\/?p=1006"},"modified":"2020-07-01T00:56:17","modified_gmt":"2020-07-01T00:56:17","slug":"dias-de-memoria-3-de-junio-de-1896-nacimiento-de-isaac-puente-amestoy","status":"publish","type":"post","link":"https:\/\/vitoria.cnt.es\/mh\/dias-de-memoria-3-de-junio-de-1896-nacimiento-de-isaac-puente-amestoy\/","title":{"rendered":"3 de junio de 1896. <\/br>Nace ISAAC PUENTE AMESTOY"},"content":{"rendered":"<figure id=\"attachment_973\" aria-describedby=\"caption-attachment-973\" style=\"width: 250px\" class=\"wp-caption alignleft\"><a href=\"http:\/\/vitoria.cnt.es\/mh\/wp-content\/uploads\/sites\/2\/2015\/07\/isaac_puente.jpg\"><img loading=\"lazy\" decoding=\"async\" class=\"wp-image-973\" title=\"Isaac Puente Amestoy\" src=\"http:\/\/vitoria.cnt.es\/mh\/wp-content\/uploads\/sites\/2\/2015\/07\/isaac_puente-216x300.jpg\" alt=\"Isaac Puente Amestoy\" width=\"250\" height=\"347\" srcset=\"https:\/\/vitoria.cnt.es\/mh\/wp-content\/uploads\/sites\/2\/2015\/07\/isaac_puente-216x300.jpg 216w, https:\/\/vitoria.cnt.es\/mh\/wp-content\/uploads\/sites\/2\/2015\/07\/isaac_puente-17x24.jpg 17w, https:\/\/vitoria.cnt.es\/mh\/wp-content\/uploads\/sites\/2\/2015\/07\/isaac_puente-26x36.jpg 26w, https:\/\/vitoria.cnt.es\/mh\/wp-content\/uploads\/sites\/2\/2015\/07\/isaac_puente-35x48.jpg 35w, https:\/\/vitoria.cnt.es\/mh\/wp-content\/uploads\/sites\/2\/2015\/07\/isaac_puente.jpg 281w\" sizes=\"auto, (max-width: 250px) 100vw, 250px\" \/><\/a><figcaption id=\"caption-attachment-973\" class=\"wp-caption-text\">Isaac Puente Amestoy<\/figcaption><\/figure>\n<p>&nbsp;<\/p>\n<p>El tres de junio de 1896 nace en la localidad vizca\u00edna de Las Carreras (Abanto y Ci\u00e9rvana) Isaac Puente Amestoy, que con el tiempo ser\u00eda el m\u00e1s reconocido anarquista de \u00c1lava y, aunque no se diga, con harta diferencia, el m\u00e1s le\u00eddo escritor de la provincia. Hijo de un carlista, estudi\u00f3 el bachillerato en los jesuitas de Ordu\u00f1a y en Vitoria (1911), y medicina en Valladolid y Santiago de Compostela (se desplaz\u00f3 a Santiago en 1914) hasta 1918. Tambi\u00e9n tuvo en su adolescencia inquietudes art\u00edsticas (se le premi\u00f3 con un acc\u00e9sit en la Escuela de Artes y Oficios de Vitoria en 1913).<\/p>\n<p>Ejerci\u00f3 su profesi\u00f3n en Cirue\u00f1a, Corres (1924, en abril como m\u00e9dico titular del lugar acudi\u00f3 como perito m\u00e9dico de la defensa a un juicio por un suceso all\u00ed ocurrido), V\u00edrgala y Maeztu (m\u00e9dico de partido responsable de varias localidades y, como tal, secretario inspector de la junta municipal, en este sentido en enero de 1925 pide a la Diputaci\u00f3n que obligue a los ayuntamientos del partido a que le paguen por sus servicios tal como est\u00e1 estipulado).<\/p>\n<p>En Maeztu permaneci\u00f3 hasta su detenci\u00f3n y posterior asesinato. No se conoce con exactitud la fecha en que inici\u00f3 relaciones con el anarquismo, pero es segura su presencia en el movimiento al menos desde 1926 (ayuda a los represaliados de Vera de Bidasoa). Comienza a colaborar en la prensa libertaria por entonces y su firma (seud\u00f3nimo famoso: Un m\u00e9dico rural) se populariza a trav\u00e9s de art\u00edculos m\u00e9dicos (especialmente de prevenci\u00f3n sanitaria e informaci\u00f3n sexual), de modo especial en la revista <em>Estudios<\/em>.<\/p>\n<p>En 1928 lo vemos, con J. Juan Pastor, en el comit\u00e9 fundador de la Liga Mundial para la Reforma Sexual sobre Bases Cient\u00edficas de Copenhague (que pronto rechaz\u00f3 por reformista y timorata: en 1930, poco antes de la celebraci\u00f3n del congreso vien\u00e9s de La Liga Mundial rehus\u00f3 formar parte de la secci\u00f3n espa\u00f1ola porque entend\u00eda que era una entidad reformista y ped\u00eda que pasara a denominarse Liga Espa\u00f1ola para la Subversi\u00f3n Sexual sobre Bases Humanas), a\u00f1o en que se le critic\u00f3 duramente en <em>La Revista Blanca<\/em> por sus comentarios sobre dos novelas de la casa (<em>La Victoria<\/em> y <em>El hijo de Clara<\/em>).<\/p>\n<p>En 1929 part\u00edcipe de la comisi\u00f3n pro indulto de Shum (en los \u00faltimos a\u00f1os de la dictadura de Primo, seg\u00fan Plaja, lo visit\u00f3 frecuentemente como tambi\u00e9n a Leopoldo Mart\u00ednez, presos ambos en El Dueso, visitas sin duda facilitadas por ser poseedor de un autom\u00f3vil, con el que se desplazaba por el partido de Maestu, como an\u00e9cdota digamos que su matr\u00edcula era VI-1706 y que en marzo de 1936 logr\u00f3 que la Diputaci\u00f3n le rebajara a la mitad el coste del impuesto de circulaci\u00f3n.<\/p>\n<p>En 1930 se produce un hecho de importancia: apenas defenestrado Primo de Rivera, se le nombra diputado provincial de \u00c1lava (por acuerdo un\u00e1nime del Colegio de M\u00e9dicos), y asiste a la primera reuni\u00f3n, febrero, en la que se le adjudican diversas comisiones (instrucci\u00f3n p\u00fablica, montes y caminos, lucha antituberculosa..), aunque rehus\u00f3 asistir a posteriores reuniones (present\u00f3 la dimisi\u00f3n en abril por \u201cescr\u00fapulos de conciencia\u201d, y su escrito de dimisi\u00f3n fue elogiad\u00edsimo por los republicanos que organizaron un banquete en su honor, que no sabemos si finalmente se realiz\u00f3 tras varios aplazamientos), algunos anarquistas \u2013de manera relevante Garc\u00eda Oliver\u2013 criticaron duramente su actitud como si eso significara el paso de Puente al reformismo, deducci\u00f3n que los hechos demostraron err\u00f3nea. En la segunda mitad de 1930 la Juventud Republicana se sinti\u00f3 pr\u00f3xima a Puente: disert\u00f3 sobre <em>\u201cEl m\u00e9dico ante la misi\u00f3n social de la medicina\u201d<\/em> en el Casino Republicano en noviembre (acto en el que se mostr\u00f3 revolucionario en la idea y muy \u00e1cido hacia la medicina oficial) y lo incluyeron como orador en Mondrag\u00f3n (acto finalmente prohibido y en el que lo anunciaban \u201cen representaci\u00f3n de los j\u00f3venes republicanos de Vitoria\u201d) y tambi\u00e9n la Federaci\u00f3n de Sociedades Obreras esperaba contar con \u00e9l: organizaron un acto en los embalses de Gorbea en julio en el que Apraiz y Puente denunciar\u00edan la ineficacia de esos embalses. El 24 de agosto de 1930 la comisi\u00f3n del Sindicato \u00danico de Vitoria organiza un mitin en pro de la amnist\u00eda con Sirvent, Clar\u00e1 y Puente, y a fines de a\u00f1o Puente diserta en la sede del sindicato confederal.<\/p>\n<p>En el periodo republicano su figura alcanza relieve nacional y notorio prestigio en el campo libertario por sus escritos en prensa, folletos sobre temas cient\u00edficos y actividades espec\u00edficamente anarquistas.<\/p>\n<p>En 1931 propuso, con Augusto Alcrudo, la creaci\u00f3n de la Federaci\u00f3n Nacional de Sanidad en CNT, objetivo conseguido con la celebraci\u00f3n del Congreso de noviembre de 1931 que encarg\u00f3 a Puente, Orive y Alcrudo redactar sus estatutos y en el que Puente present\u00f3 una ponencia sobre naturisno que no lleg\u00f3 a discutirse. En octubre de 1931 orador en la sede de la CNT vitoriana codo a codo con Eleuterio Ledesma y en diciembre con San Agust\u00edn y Orille en la misma ciudad. En noviembre de 1931 nombrado m\u00e9dico de la sociedad de socorros creada por los obreros de la empresa Ajuria, muchos afectos a la CNT.<\/p>\n<p>En febrero de 1932 fue amenazado por el gobernador Amilibia para que se abstuviera de pasar por Vitoria embarcada en una huelga general. En marzo de 1932 diserta en <em>La Terraza de Bibao<\/em>. Detenido tras los sucesos de abril de 1932 en Vitoria (con la excusa de poseer una pistola sin licencia), a comienzos de mayo se puso en huelga y fue excarcelado con fianza de dos mil pesetas (se le proces\u00f3 y juzg\u00f3 en julio de 1933, juicio suspendido al no aparecer el arma).<\/p>\n<p>Preso gubernativo en Vitoria desde el 23 de julio de 1933 dentro de una redada contra militantes confederales. En 1933, un Pleno Peninsular de FAI lo nombra ponente para redactar el dictamen sobre concepto de comunismo libertario y, a fines de a\u00f1o, se incorpora al Comit\u00e9 Nacional Revolucionario (en noviembre asisti\u00f3 al Pleno Regional de la CNT celebrado en Zaragoza) encargado de encauzar la sublevaci\u00f3n en Arag\u00f3n y La Rioja, aceptando la petici\u00f3n del Comit\u00e9 Peninsular de FAI y abandonando sus compromisos y ocupaciones. Tras el ahogamiento de la sublevaci\u00f3n, se le mult\u00f3 (con veinte mil pesetas por decisi\u00f3n del ministro de Gobernaci\u00f3n) y encarcel\u00f3 en Zaragoza y Burgos hasta mayo de 1934 en que se le liber\u00f3, seg\u00fan unos al desaparecer el sumario judicial (robado por un grupo anarquista), seg\u00fan otros (que parece lo m\u00e1s seguro) alcanzado por una amnist\u00eda.<\/p>\n<p>En abril de 1934 firma con otros presos recluidos en el penal de Burgos, escrito publicado en <em>Solidaridad Obrera<\/em>. Tras su liberaci\u00f3n, prosigui\u00f3 con sus actividades m\u00e9dicas en \u00c1lava y su tarea de divulgaci\u00f3n m\u00e9dica y social. Su prestigio, muy grande por entonces, explica que el Congreso de Zaragoza de 1936 asumiera en gran parte sus tesis sobre comunismo libertario.<\/p>\n<p>Triunfantes los militares en julio de 1936 en \u00c1lava, se le detuvo y asesin\u00f3 sin proceso (despu\u00e9s de muerto un tribunal de Burgos lo conden\u00f3 a muerte) seguramente en Pancorbo (Burgos), 1-9-1936.<\/p>\n<p>Como escritor y m\u00e9dico, mantuvo dos consultorios en las revistas <em>Estudios<\/em> e <em>Iniciales<\/em>, mostrose progresista como sex\u00f3logo y partidario de una medicina naturista y preventiva. Como te\u00f3rico del anarquismo, se le recordar\u00e1 siempre como autor de un leid\u00edsimo folleto sobre el comunismo libertario. Escritos suyos pueden leerse <em>Acci\u00f3n<\/em>, <em>\u00c1lava Republicana<\/em>, <em>Algo<\/em>, <em>El Amigo del Pueblo<\/em>, <em>Antorcha<\/em> de Las Palmas (1935), <em>CNT<\/em> (1932-1933), <em>Crisol<\/em>, <em>Cultura Libertaria<\/em>, <em>Cultura Proletaria<\/em>, <em>\u00a1Despertad!<\/em> de Vigo (1928-1929), <em>En Marcha<\/em>, <em>Estudios<\/em> (1929-1937), <em>\u00c9tica<\/em> (1927-1929), <em>Eugenia<\/em> (1926-1927), <em>Faro<\/em> de J\u00e1tiva (1933), <em>Generaci\u00f3n Consciente<\/em> (1924-1928), <em>Helios<\/em> (1928-1931), <em>Iniciales<\/em> (1932), <em>Inquietudes<\/em>, <em>Liberaci\u00f3n<\/em> (1935), <em>Ma\u00f1ana<\/em> (1930, 1933), <em>M\u00e1s Lejos<\/em> de Barcelona, <em>La Medicina \u00cdbera<\/em> (1927), <em>Nervio<\/em> (1932), <em>Orto<\/em> (1932), <em>El P\u00e1jaro Azul<\/em> (1928-1930), <em>Prismas<\/em> (1928), <em>Proa<\/em>, <em>La Revista Blanca<\/em> (1935), <em>Revista de Medicina de \u00c1lava<\/em> (1928), <em>Revista Nueva<\/em> (1924-1925), <em>Revista \u00danica<\/em>, <em>Ruta<\/em>, <em>El Sembrador<\/em> (1932), <em>Solidaridad<\/em>, <em>Solidaridad Humana<\/em>, <em>Solidaridad Obrera<\/em> de Barcelona (1930-1936, con asiduidad, adem\u00e1s en la segunda mitad de 1932 corresponsal en Vitoria) y La Coru\u00f1a (1931-1932), <em>Suplemento de La Protesta<\/em> (1926, 1930), <em>Suplemento de Tierra y Libertad<\/em> (1932-1933), <em>Tiempos Nuevos<\/em> (1934-1936), <em>La Tierra<\/em>, <em>Tierra y Libertad<\/em>, <em>Trabajo<\/em> de Soria (1931-1936), <em>Umbral<\/em>, <em>El \u00danico<\/em>, <em>La Verdad<\/em>, <em>Voz Libertaria<\/em> de Bruselas, etc. Prolog\u00f3 obras de Devald\u00e9s, F. Caro, Segarra, Mart\u00ednez Prieto y R. Sanz y es autor de numerosos folletos y libros: <em>Alpinismo<\/em> (Vitoria, Viuda e Hijos de Sar, 1925, reeditado en Vitoria, AIP, 2010), <em>Apuntes sobre el comunismo libertario<\/em> (Barcelona, Tierra y Libertad, 1932), <em>C\u00f3mo curar la impotencia sexual, El comunismo libertario. Sus posibilidades de realizaci\u00f3n en Espa\u00f1a<\/em> (Valencia, Estudios s.f., m\u00e1s tarde con el t\u00edtulo <em>Finalidad de la CNT. El comunismo libertario<\/em>, Barcelona, Tierra y Libertad, 1933, 1935 y otras muchas ediciones con cambios en el t\u00edtulo), <em>Consejos pr\u00e1cticos para evitar el contagio de las enfermedades ven\u00e9reas, Divulgaci\u00f3n de la embriolog\u00eda<\/em> (Valencia, 1927 y Madrid, Comisi\u00f3n de Propaganda Confederal y Anarquista, 1938), <em>Embriolog\u00eda<\/em> (Valencia, Generaci\u00f3n Consciente y Estudios, s.f., m\u00faltiples ediciones), <em>La fiebre. Sus causas. Su tratamiento<\/em> (Valencia, Estudios, 1934 y 1936), <em>Higiene individual o privada<\/em> (Valencia, Estudios, 1930 y Cuadernos de Cultura, 1930), <em>La higiene, la salud y los microbios<\/em> (Valencia, Estudios, 1935), <em>Hip\u00f3tesis, experimentaci\u00f3n y perfeccionamiento<\/em> (Barcelona, Horizonte, 1933), <em>Independencia econ\u00f3mica, libertad y soberan\u00eda individual<\/em> (Barcelona, Cuadernos Rojo y Negro, 1935), <em>Los m\u00e1rtires de la CNT<\/em> (Barcelona, 1932, con Leopoldo Mart\u00ednez), <em>Menstruaci\u00f3n, su significaci\u00f3n e higiene, Los microbios y y la infecci\u00f3n<\/em> (Valencia, Cuadernos de Cultura, 1931), <em>M\u00e9todos anticoncepcionales<\/em> (Barcelona, Iniciales, 1933), <em>El ocultismo cient\u00edfico del aborto<\/em> (1935), <em>Por pensar as\u00ed, \u00bfsomos delincuentes?<\/em> (Logro\u00f1o, Natura, s.f.), <em>Proyecto de ordenanzas de montes de \u00c1lava<\/em> (Vitoria, s.i., 1930), <em>Propaganda<\/em> (Barcelona, Tierra y Libertad, 1938), <em>Pueblo, el Gobierno es tu enemigo<\/em> (Requena, Grupo Cultura, 1931), <em>La sociedad del porvenir<\/em> (Barcelona, 1932), <em>La sociedad del porvenir. El comunismo an\u00e1rquico<\/em> (Barcelona, Amor y Voluntad, 1933), <em>Tratamiento de la fiebre (conocimientos cient\u00edfico-naturales al alcance de todos), Tratamiento de la impotencia sexual<\/em> (Valencia, Estudios, 1935), <em>Ventajas e inconvenientes de los procedimientos anticoncepcionales<\/em> (Barcelona, Iniciales, 1934).<\/p>\n","protected":false},"excerpt":{"rendered":"<p>&nbsp; El tres de junio de 1896 nace en la localidad vizca\u00edna de Las Carreras (Abanto y Ci\u00e9rvana) Isaac Puente Amestoy, que con el tiempo ser\u00eda el m\u00e1s reconocido anarquista de \u00c1lava y, aunque no se diga, con harta diferencia, &hellip; <\/p>\n","protected":false},"author":2,"featured_media":973,"comment_status":"closed","ping_status":"open","sticky":false,"template":"","format":"standard","meta":{"jetpack_post_was_ever_published":false,"_jetpack_newsletter_access":"","_jetpack_dont_email_post_to_subs":false,"_jetpack_newsletter_tier_id":0,"_jetpack_memberships_contains_paywalled_content":false,"_jetpack_memberships_contains_paid_content":false,"footnotes":"","jetpack_publicize_message":"","jetpack_publicize_feature_enabled":true,"jetpack_social_post_already_shared":true,"jetpack_social_options":{"image_generator_settings":{"template":"highway","enabled":false},"version":2}},"categories":[7],"tags":[9],"class_list":["post-1006","post","type-post","status-publish","format-standard","has-post-thumbnail","hentry","category-dias-de-memoria","tag-dias-de-memoria"],"jetpack_publicize_connections":[],"jetpack_featured_media_url":"https:\/\/vitoria.cnt.es\/mh\/wp-content\/uploads\/sites\/2\/2015\/07\/isaac_puente.jpg","jetpack_sharing_enabled":true,"jetpack_shortlink":"https:\/\/wp.me\/p58fhe-ge","_links":{"self":[{"href":"https:\/\/vitoria.cnt.es\/mh\/wp-json\/wp\/v2\/posts\/1006","targetHints":{"allow":["GET"]}}],"collection":[{"href":"https:\/\/vitoria.cnt.es\/mh\/wp-json\/wp\/v2\/posts"}],"about":[{"href":"https:\/\/vitoria.cnt.es\/mh\/wp-json\/wp\/v2\/types\/post"}],"author":[{"embeddable":true,"href":"https:\/\/vitoria.cnt.es\/mh\/wp-json\/wp\/v2\/users\/2"}],"replies":[{"embeddable":true,"href":"https:\/\/vitoria.cnt.es\/mh\/wp-json\/wp\/v2\/comments?post=1006"}],"version-history":[{"count":9,"href":"https:\/\/vitoria.cnt.es\/mh\/wp-json\/wp\/v2\/posts\/1006\/revisions"}],"predecessor-version":[{"id":1014,"href":"https:\/\/vitoria.cnt.es\/mh\/wp-json\/wp\/v2\/posts\/1006\/revisions\/1014"}],"wp:featuredmedia":[{"embeddable":true,"href":"https:\/\/vitoria.cnt.es\/mh\/wp-json\/wp\/v2\/media\/973"}],"wp:attachment":[{"href":"https:\/\/vitoria.cnt.es\/mh\/wp-json\/wp\/v2\/media?parent=1006"}],"wp:term":[{"taxonomy":"category","embeddable":true,"href":"https:\/\/vitoria.cnt.es\/mh\/wp-json\/wp\/v2\/categories?post=1006"},{"taxonomy":"post_tag","embeddable":true,"href":"https:\/\/vitoria.cnt.es\/mh\/wp-json\/wp\/v2\/tags?post=1006"}],"curies":[{"name":"wp","href":"https:\/\/api.w.org\/{rel}","templated":true}]}}