{"id":1017,"date":"2015-09-03T15:12:08","date_gmt":"2015-09-03T15:12:08","guid":{"rendered":"http:\/\/vitoria.cnt.es\/mh\/?p=1017"},"modified":"2020-07-01T01:01:07","modified_gmt":"2020-07-01T01:01:07","slug":"dias-de-memoria-14-de-junio-de-1905-nacimiento-de-joaquin-lucarini-macazaga","status":"publish","type":"post","link":"https:\/\/vitoria.cnt.es\/mh\/dias-de-memoria-14-de-junio-de-1905-nacimiento-de-joaquin-lucarini-macazaga\/","title":{"rendered":"14 de junio de 1905. <\/br>Nace JOAQU\u00cdN LUCARINI MACAZAGA"},"content":{"rendered":"<figure id=\"attachment_1020\" aria-describedby=\"caption-attachment-1020\" style=\"width: 300px\" class=\"wp-caption alignleft\"><a href=\"http:\/\/vitoria.cnt.es\/mh\/wp-content\/uploads\/sites\/2\/2015\/09\/joaquin_lucarini_macazaga.jpg\"><img loading=\"lazy\" decoding=\"async\" class=\"wp-image-1020\" src=\"http:\/\/vitoria.cnt.es\/mh\/wp-content\/uploads\/sites\/2\/2015\/09\/joaquin_lucarini_macazaga-252x300.jpg\" alt=\"Joaqu\u00edn Lucarini Macazaga\" title=\"Joaqu\u00edn Lucarini Macazaga\" width=\"300\" height=\"357\" srcset=\"https:\/\/vitoria.cnt.es\/mh\/wp-content\/uploads\/sites\/2\/2015\/09\/joaquin_lucarini_macazaga-252x300.jpg 252w, https:\/\/vitoria.cnt.es\/mh\/wp-content\/uploads\/sites\/2\/2015\/09\/joaquin_lucarini_macazaga-20x24.jpg 20w, https:\/\/vitoria.cnt.es\/mh\/wp-content\/uploads\/sites\/2\/2015\/09\/joaquin_lucarini_macazaga-30x36.jpg 30w, https:\/\/vitoria.cnt.es\/mh\/wp-content\/uploads\/sites\/2\/2015\/09\/joaquin_lucarini_macazaga-40x48.jpg 40w, https:\/\/vitoria.cnt.es\/mh\/wp-content\/uploads\/sites\/2\/2015\/09\/joaquin_lucarini_macazaga.jpg 274w\" sizes=\"auto, (max-width: 300px) 100vw, 300px\" \/><\/a><figcaption id=\"caption-attachment-1020\" class=\"wp-caption-text\">Joaqu\u00edn Lucarini Macazaga<\/figcaption><\/figure>\n<p>&nbsp;<\/p>\n<p>El 14 de junio de 1905 nace en la localidad alavesa de Fontecha-Puntelarr\u00e1-Lantar\u00f3n, en el seno de una familia de creencias y pr\u00e1cticas anarquistas Joaqu\u00edn Lucarini Macazaga. Tanto su padre (\u00c1ngel, escultor italiano) como sus hermanos (Alberto, Amador y Liberto) fueron reconocidos cultivadores del esperantismo y del naturismo y activistas del anarquismo y de la CNT en tierras norte\u00f1as.<\/p>\n<p>Mayor de cuatro hermanos, se traslad\u00f3 de Vitoria a Bilbao para estudiar en la Escuela de Bellas Artes con Larrea y Basterra en la que como dibujante y escultor fue repetidamente premiado.<\/p>\n<p>Expone en 1925 y 1928 (Bilbao y Vitoria) con mucho \u00e9xito y sobresale como realista (<em>El hombre<\/em>, <em>\u00c1ngel tocando la alboca<\/em>, <em>Cristo en la cruz<\/em>, <em>Cupido<\/em>, <em>\u00c1ngel m\u00fasico<\/em>). Pensionado por la diputaci\u00f3n de \u00c1lava (1929), marcha a Francia (se elogia su <em>Enfant anormal<\/em>) donde es alumno de Ponchon (curso superior de dibujo aplicado al arte y a la industria) y en su estudio de Bilbao concluye obras (<em>Busto de Do\u00f1a Carolina MacMahon<\/em>, <em>Mi hermano Florencio<\/em>, <em>Oto\u00f1o<\/em>) en las que ya se vislumbra su calidad art\u00edstica.<\/p>\n<p>En 1930 recorre B\u00e9lgica, en 1931 Italia, y en 1932 se le premia en Madrid. En a\u00f1os sucesivos gana concursos y esculpe y cincela en San Sebasti\u00e1n, Vitoria (1935, las dos matronas de la fachada de la caja de ahorros) y Bermeo.<\/p>\n<p>Expone durante la guerra en Par\u00eds, Londres, Mosc\u00fa, Buenos Aires y M\u00e9xico. A diferencia de sus hermanos no padeci\u00f3 la represi\u00f3n franquista, posiblemente por sus largas estad\u00edas fuera del pa\u00eds y porque, aun siendo anarquista de s\u00f3lida formaci\u00f3n, su categor\u00eda art\u00edstica tempranamente reconocida le impidi\u00f3 militar en las organizaciones con la intensidad de sus hermanos.<\/p>\n<p>En la posguerra adquiri\u00f3 mucha nombrad\u00eda por sus esculturas religiosas y de car\u00e1cter \u00e9pico repartidas por todo el Pa\u00eds Vasco (Basauri, Deusto, Bilbao, San Sebasti\u00e1n, Leza, Santurce, Guernica, San Juan de Gaztelugache), La Rioja (Logro\u00f1o, Hu\u00e9rcanos) y especialmente Burgos, ciudad en la que pasaba largas temporadas y en la que falleci\u00f3 el 21 de septiembre de 1969.<\/p>\n<p>En 1959 se celebr\u00f3 una exposici\u00f3n antol\u00f3gica de su obra en Vitoria. En la revista anarquista <em>Horizontes<\/em> se publicaron reproducciones de sus esculturas como tambi\u00e9n en <em>El P\u00e1jaro Azul<\/em> de Vitoria (1928). Entre sus obras: <em>Isidoro Walls<\/em> (1927), <em>El hambre<\/em> (1928), <em>Relieves del Club Deportivo de Bilbao<\/em> (1929), <em>Del 14 al 18<\/em> (1930), <em>La victoria de la M\u00fasica<\/em> (1932), <em>Leyendo<\/em> (1932), <em>Boxeador<\/em> (1932), <em>Lanzador de peso<\/em> (1932), <em>Verso la parte dove si leva il sole<\/em> (1932), <em>Alegor\u00eda de la Justicia<\/em> (1935), <em>H\u00e9roes del Alc\u00e1zar de Toledo<\/em> (1939), <em>El Tigre<\/em> (1943) (aut\u00e9ntico s\u00edmbolo de Bilbao), <em>San Roque<\/em> (1947), <em>Ceres y Mercurio<\/em> (1949), <em>Monumento a Sancho el Sabio<\/em> (1950), <em>San Pedro<\/em> (1951), <em>Ciclo cidiano<\/em> (1953-1955, <em>El Obispo don Jer\u00f3nimo<\/em>, <em>Do\u00f1a Jimena<\/em>, <em>Mart\u00edn Antol\u00ednez<\/em>, <em>\u00c1lvar F\u00e1\u00f1ez<\/em> y otras en Burgos), <em>Sagrado Coraz\u00f3n de Mar\u00eda<\/em> (1956, situada en el monte Urgull), <em>Alegor\u00eda del Ahorro y los campesinos<\/em> (1959, en Logro\u00f1o), <em>Hern\u00e1n Cort\u00e9s<\/em> (1959), <em>Sagrada Familia<\/em> (1959), <em>San Pedro Ap\u00f3stol<\/em> (1961), <em>Homenaje a Fleming<\/em> (1962), <em>Fortaleza y Templanza<\/em> (1962), <em>Virgen de Bego\u00f1a<\/em> (1963) y <em>La Sardinera<\/em> (1964).<\/p>\n","protected":false},"excerpt":{"rendered":"<p>&nbsp; El 14 de junio de 1905 nace en la localidad alavesa de Fontecha-Puntelarr\u00e1-Lantar\u00f3n, en el seno de una familia de creencias y pr\u00e1cticas anarquistas Joaqu\u00edn Lucarini Macazaga. Tanto su padre (\u00c1ngel, escultor italiano) como sus hermanos (Alberto, Amador y &hellip; <\/p>\n","protected":false},"author":2,"featured_media":1020,"comment_status":"closed","ping_status":"open","sticky":false,"template":"","format":"standard","meta":{"jetpack_post_was_ever_published":false,"_jetpack_newsletter_access":"","_jetpack_dont_email_post_to_subs":false,"_jetpack_newsletter_tier_id":0,"_jetpack_memberships_contains_paywalled_content":false,"_jetpack_memberships_contains_paid_content":false,"footnotes":"","jetpack_publicize_message":"","jetpack_publicize_feature_enabled":true,"jetpack_social_post_already_shared":true,"jetpack_social_options":{"image_generator_settings":{"template":"highway","enabled":false},"version":2}},"categories":[7],"tags":[9],"class_list":["post-1017","post","type-post","status-publish","format-standard","has-post-thumbnail","hentry","category-dias-de-memoria","tag-dias-de-memoria"],"jetpack_publicize_connections":[],"jetpack_featured_media_url":"https:\/\/vitoria.cnt.es\/mh\/wp-content\/uploads\/sites\/2\/2015\/09\/joaquin_lucarini_macazaga.jpg","jetpack_sharing_enabled":true,"jetpack_shortlink":"https:\/\/wp.me\/p58fhe-gp","_links":{"self":[{"href":"https:\/\/vitoria.cnt.es\/mh\/wp-json\/wp\/v2\/posts\/1017","targetHints":{"allow":["GET"]}}],"collection":[{"href":"https:\/\/vitoria.cnt.es\/mh\/wp-json\/wp\/v2\/posts"}],"about":[{"href":"https:\/\/vitoria.cnt.es\/mh\/wp-json\/wp\/v2\/types\/post"}],"author":[{"embeddable":true,"href":"https:\/\/vitoria.cnt.es\/mh\/wp-json\/wp\/v2\/users\/2"}],"replies":[{"embeddable":true,"href":"https:\/\/vitoria.cnt.es\/mh\/wp-json\/wp\/v2\/comments?post=1017"}],"version-history":[{"count":9,"href":"https:\/\/vitoria.cnt.es\/mh\/wp-json\/wp\/v2\/posts\/1017\/revisions"}],"predecessor-version":[{"id":2456,"href":"https:\/\/vitoria.cnt.es\/mh\/wp-json\/wp\/v2\/posts\/1017\/revisions\/2456"}],"wp:featuredmedia":[{"embeddable":true,"href":"https:\/\/vitoria.cnt.es\/mh\/wp-json\/wp\/v2\/media\/1020"}],"wp:attachment":[{"href":"https:\/\/vitoria.cnt.es\/mh\/wp-json\/wp\/v2\/media?parent=1017"}],"wp:term":[{"taxonomy":"category","embeddable":true,"href":"https:\/\/vitoria.cnt.es\/mh\/wp-json\/wp\/v2\/categories?post=1017"},{"taxonomy":"post_tag","embeddable":true,"href":"https:\/\/vitoria.cnt.es\/mh\/wp-json\/wp\/v2\/tags?post=1017"}],"curies":[{"name":"wp","href":"https:\/\/api.w.org\/{rel}","templated":true}]}}