{"id":1031,"date":"2015-10-28T15:42:54","date_gmt":"2015-10-28T15:42:54","guid":{"rendered":"http:\/\/vitoria.cnt.es\/mh\/?p=1031"},"modified":"2020-07-01T01:05:12","modified_gmt":"2020-07-01T01:05:12","slug":"documentos-historicos-trincheras-en-el-monte-jarindo-aproximadamente-1945","status":"publish","type":"post","link":"https:\/\/vitoria.cnt.es\/mh\/documentos-historicos-trincheras-en-el-monte-jarindo-aproximadamente-1945\/","title":{"rendered":"TRINCHERAS EN EL MONTE JARINDO. <\/br>Aproximadamente 1945"},"content":{"rendered":"<figure id=\"attachment_1033\" aria-describedby=\"caption-attachment-1033\" style=\"width: 350px\" class=\"wp-caption alignleft\"><a href=\"http:\/\/vitoria.cnt.es\/mh\/wp-content\/uploads\/sites\/2\/2015\/10\/trincheras_monte_jarindo.jpg\"><img loading=\"lazy\" decoding=\"async\" class=\"wp-image-1033\" src=\"http:\/\/vitoria.cnt.es\/mh\/wp-content\/uploads\/sites\/2\/2015\/10\/trincheras_monte_jarindo.jpg\" alt=\"Trincheras en el monte Jarindo\" title=\"Trincheras en el monte Jarindo\" width=\"350\" height=\"485\" srcset=\"https:\/\/vitoria.cnt.es\/mh\/wp-content\/uploads\/sites\/2\/2015\/10\/trincheras_monte_jarindo.jpg 361w, https:\/\/vitoria.cnt.es\/mh\/wp-content\/uploads\/sites\/2\/2015\/10\/trincheras_monte_jarindo-217x300.jpg 217w, https:\/\/vitoria.cnt.es\/mh\/wp-content\/uploads\/sites\/2\/2015\/10\/trincheras_monte_jarindo-17x24.jpg 17w, https:\/\/vitoria.cnt.es\/mh\/wp-content\/uploads\/sites\/2\/2015\/10\/trincheras_monte_jarindo-26x36.jpg 26w, https:\/\/vitoria.cnt.es\/mh\/wp-content\/uploads\/sites\/2\/2015\/10\/trincheras_monte_jarindo-35x48.jpg 35w\" sizes=\"auto, (max-width: 350px) 100vw, 350px\" \/><\/a><figcaption id=\"caption-attachment-1033\" class=\"wp-caption-text\">Trincheras en el monte Jarindo (\u00c1lava)<\/figcaption><\/figure>\n<p>&nbsp;<\/p>\n<p>Red de trincheras en las cercan\u00edas de la cima del monte Jarindo (\u00c1lava). Como se puede observar en la fotograf\u00eda, durante la Guerra Civil todo el monte se mantuvo sin \u00e1rboles, para facilitar la visi\u00f3n y, de esta manera, la defensa de las posiciones.<\/p>\n<p>Durante los primeros meses de la contienda, hasta la Batalla de Villarreal en Noviembre de 1936, estas trincheras estuvieron ocupadas por los milicianos del Batall\u00f3n Isaac Puente de la CNT.<\/p>\n<p>Entre el 31 de marzo y el 1 de abril de 1937 fueron definitivamente desalojadas mediante dur\u00edsimos ataques y bombardeos del bando faccioso.<\/p>\n<p><span style=\"color: red;\">Fotograf\u00eda en: http:\/\/www.guregipuzkoa.net<\/span><\/p>\n","protected":false},"excerpt":{"rendered":"<p>&nbsp; Red de trincheras en las cercan\u00edas de la cima del monte Jarindo (\u00c1lava). Como se puede observar en la fotograf\u00eda, durante la Guerra Civil todo el monte se mantuvo sin \u00e1rboles, para facilitar la visi\u00f3n y, de esta manera, &hellip; <\/p>\n","protected":false},"author":2,"featured_media":1033,"comment_status":"closed","ping_status":"open","sticky":false,"template":"","format":"standard","meta":{"jetpack_post_was_ever_published":false,"_jetpack_newsletter_access":"","_jetpack_dont_email_post_to_subs":false,"_jetpack_newsletter_tier_id":0,"_jetpack_memberships_contains_paywalled_content":false,"_jetpack_memberships_contains_paid_content":false,"footnotes":"","jetpack_publicize_message":"","jetpack_publicize_feature_enabled":true,"jetpack_social_post_already_shared":true,"jetpack_social_options":{"image_generator_settings":{"template":"highway","enabled":false},"version":2}},"categories":[11],"tags":[8],"class_list":["post-1031","post","type-post","status-publish","format-standard","has-post-thumbnail","hentry","category-documentos-historicos","tag-documentos-historicos"],"jetpack_publicize_connections":[],"jetpack_featured_media_url":"https:\/\/vitoria.cnt.es\/mh\/wp-content\/uploads\/sites\/2\/2015\/10\/trincheras_monte_jarindo.jpg","jetpack_sharing_enabled":true,"jetpack_shortlink":"https:\/\/wp.me\/p58fhe-gD","_links":{"self":[{"href":"https:\/\/vitoria.cnt.es\/mh\/wp-json\/wp\/v2\/posts\/1031","targetHints":{"allow":["GET"]}}],"collection":[{"href":"https:\/\/vitoria.cnt.es\/mh\/wp-json\/wp\/v2\/posts"}],"about":[{"href":"https:\/\/vitoria.cnt.es\/mh\/wp-json\/wp\/v2\/types\/post"}],"author":[{"embeddable":true,"href":"https:\/\/vitoria.cnt.es\/mh\/wp-json\/wp\/v2\/users\/2"}],"replies":[{"embeddable":true,"href":"https:\/\/vitoria.cnt.es\/mh\/wp-json\/wp\/v2\/comments?post=1031"}],"version-history":[{"count":11,"href":"https:\/\/vitoria.cnt.es\/mh\/wp-json\/wp\/v2\/posts\/1031\/revisions"}],"predecessor-version":[{"id":2460,"href":"https:\/\/vitoria.cnt.es\/mh\/wp-json\/wp\/v2\/posts\/1031\/revisions\/2460"}],"wp:featuredmedia":[{"embeddable":true,"href":"https:\/\/vitoria.cnt.es\/mh\/wp-json\/wp\/v2\/media\/1033"}],"wp:attachment":[{"href":"https:\/\/vitoria.cnt.es\/mh\/wp-json\/wp\/v2\/media?parent=1031"}],"wp:term":[{"taxonomy":"category","embeddable":true,"href":"https:\/\/vitoria.cnt.es\/mh\/wp-json\/wp\/v2\/categories?post=1031"},{"taxonomy":"post_tag","embeddable":true,"href":"https:\/\/vitoria.cnt.es\/mh\/wp-json\/wp\/v2\/tags?post=1031"}],"curies":[{"name":"wp","href":"https:\/\/api.w.org\/{rel}","templated":true}]}}