{"id":1151,"date":"2016-02-28T13:51:53","date_gmt":"2016-02-28T13:51:53","guid":{"rendered":"http:\/\/vitoria.cnt.es\/mh\/?p=1151"},"modified":"2020-07-01T01:34:54","modified_gmt":"2020-07-01T01:34:54","slug":"dias-de-memoria-1-de-octubre-de-1920-nace-ines-ajuria-de-la-torre","status":"publish","type":"post","link":"https:\/\/vitoria.cnt.es\/mh\/dias-de-memoria-1-de-octubre-de-1920-nace-ines-ajuria-de-la-torre\/","title":{"rendered":"1 de octubre de 1920. <\/br>Nace IN\u00c9S AJURIA DE LA TORRE"},"content":{"rendered":"<figure id=\"attachment_1153\" aria-describedby=\"caption-attachment-1153\" style=\"width: 250px\" class=\"wp-caption alignleft\"><a href=\"http:\/\/vitoria.cnt.es\/mh\/wp-content\/uploads\/sites\/2\/2016\/02\/ines_ajuria_de_la_torre.jpg\"><img loading=\"lazy\" decoding=\"async\" class=\"wp-image-1153\" title=\"In\u00e9s Ajuria de la Torre\" src=\"http:\/\/vitoria.cnt.es\/mh\/wp-content\/uploads\/sites\/2\/2016\/02\/ines_ajuria_de_la_torre-348x500.jpg\" alt=\"In\u00e9s Ajuria de la Torre\" width=\"250\" height=\"359\" srcset=\"https:\/\/vitoria.cnt.es\/mh\/wp-content\/uploads\/sites\/2\/2016\/02\/ines_ajuria_de_la_torre-348x500.jpg 348w, https:\/\/vitoria.cnt.es\/mh\/wp-content\/uploads\/sites\/2\/2016\/02\/ines_ajuria_de_la_torre-17x24.jpg 17w, https:\/\/vitoria.cnt.es\/mh\/wp-content\/uploads\/sites\/2\/2016\/02\/ines_ajuria_de_la_torre-25x36.jpg 25w, https:\/\/vitoria.cnt.es\/mh\/wp-content\/uploads\/sites\/2\/2016\/02\/ines_ajuria_de_la_torre-33x48.jpg 33w, https:\/\/vitoria.cnt.es\/mh\/wp-content\/uploads\/sites\/2\/2016\/02\/ines_ajuria_de_la_torre.jpg 361w\" sizes=\"auto, (max-width: 250px) 100vw, 250px\" \/><\/a><figcaption id=\"caption-attachment-1153\" class=\"wp-caption-text\">In\u00e9s Ajuria de la Torre<\/figcaption><\/figure>\n<p>&nbsp;<\/p>\n<p>El uno de octubre de 1920 nace en Guernica (Vizcaya) In\u00e9s Ajuria de la Torre. Sufri\u00f3 el famoso bombardeo de su ciudad natal de abril de 1937, en el que muri\u00f3 su madre, y qued\u00f3 en manos de un padre poco comprensivo.<\/p>\n<p>Su entrada en el movimiento libertario data de la posguerra cuando conoce a su futuro compa\u00f1ero, militante de CNT y FIJL, desplazado a Guernica, con el que (harto de detenciones y persecuciones) escap\u00f3 a pie por los Pirineos a fines de 1946.<\/p>\n<p>Residieron en Par\u00eds (hasta 1951), Chile (1951-1957), Uruguay (1957-1964), y de nuevo en Par\u00eds que abandonan con Franco agonizante para asentarse en Vitoria.<\/p>\n<p>En la capital alavesa jug\u00f3 importante papel en la reconstrucci\u00f3n de CNT (1976-1977). Miembro del grupo fundador (Macario Illera, Vicente Cuesta, Atanasio Gainzar\u00e1in, Miguel \u00cd\u00f1iguez, Manuel Guti\u00e9rrez, Jos\u00e9 Mar\u00eda Izquierdo), secretar\u00eda de tesorer\u00eda en su primera Junta, constituida a comienzos de 1977. M\u00e1s adelante tambi\u00e9n particip\u00f3 en la Asociaci\u00f3n Isaac Puente (d\u00e9cada del ochenta) y en la reconstrucci\u00f3n de CNT (d\u00e9cada del noventa).<\/p>\n<p>Culta y temperamental, muri\u00f3 en Vitoria el cuatro de agosto de 2007, con entereza, afiliada a CNT y afecta a la AIP, a las que apoy\u00f3 siempre, como todas las iniciativas libertarias, y, cuando el peso de los a\u00f1os se dej\u00f3 sentir, sobre todo, y con decisi\u00f3n, econ\u00f3micamente. Sin su aportaci\u00f3n no hubiera sido posible adquirir la espl\u00e9ndida sede confederal de la que ahora gozamos, ni se hubieran podido celebrar las famosas Jornadas Libertarias de 2004 ennoblecidas con la presencia de Josefa Mart\u00edn Luego y el conjunto de la Escuela Paideia de M\u00e9rida, ni algunos otros eventos de relieve.<\/p>\n<p>\u201cAnarquista de acci\u00f3n y sentimiento\u201d reza su l\u00e1pida y su entierro, como ella quer\u00eda, no cont\u00f3 con sotanas ni crucifijos (unas semanas m\u00e1s tarde en el cementerio se le rindi\u00f3 un homenaje en el que se entonaron Hijos del pueblo y A las barricadas).<\/p>\n<p>Su compa\u00f1ero, Francisco Mart\u00ednez de la Hidalga (Vitoria, 20-3-1909 \/ Benidorm, octubre de 1985), milit\u00f3 en FIJL y CNT en Bilbao donde trabajaba como moldeador y cortador de calzado, en 1936 combati\u00f3 en el frente del Norte enrolado en el batall\u00f3n Durruti (ejerci\u00f3 de brigada). Represaliado al final de la guerra, tuvo que buscar trabajo en Guernica.<\/p>\n","protected":false},"excerpt":{"rendered":"<p>&nbsp; El uno de octubre de 1920 nace en Guernica (Vizcaya) In\u00e9s Ajuria de la Torre. Sufri\u00f3 el famoso bombardeo de su ciudad natal de abril de 1937, en el que muri\u00f3 su madre, y qued\u00f3 en manos de un &hellip; <\/p>\n","protected":false},"author":2,"featured_media":1153,"comment_status":"closed","ping_status":"open","sticky":false,"template":"","format":"standard","meta":{"jetpack_post_was_ever_published":false,"_jetpack_newsletter_access":"","_jetpack_dont_email_post_to_subs":false,"_jetpack_newsletter_tier_id":0,"_jetpack_memberships_contains_paywalled_content":false,"_jetpack_memberships_contains_paid_content":false,"footnotes":"","jetpack_publicize_message":"","jetpack_publicize_feature_enabled":true,"jetpack_social_post_already_shared":true,"jetpack_social_options":{"image_generator_settings":{"template":"highway","enabled":false},"version":2}},"categories":[7],"tags":[9],"class_list":["post-1151","post","type-post","status-publish","format-standard","has-post-thumbnail","hentry","category-dias-de-memoria","tag-dias-de-memoria"],"jetpack_publicize_connections":[],"jetpack_featured_media_url":"https:\/\/vitoria.cnt.es\/mh\/wp-content\/uploads\/sites\/2\/2016\/02\/ines_ajuria_de_la_torre.jpg","jetpack_sharing_enabled":true,"jetpack_shortlink":"https:\/\/wp.me\/p58fhe-iz","_links":{"self":[{"href":"https:\/\/vitoria.cnt.es\/mh\/wp-json\/wp\/v2\/posts\/1151","targetHints":{"allow":["GET"]}}],"collection":[{"href":"https:\/\/vitoria.cnt.es\/mh\/wp-json\/wp\/v2\/posts"}],"about":[{"href":"https:\/\/vitoria.cnt.es\/mh\/wp-json\/wp\/v2\/types\/post"}],"author":[{"embeddable":true,"href":"https:\/\/vitoria.cnt.es\/mh\/wp-json\/wp\/v2\/users\/2"}],"replies":[{"embeddable":true,"href":"https:\/\/vitoria.cnt.es\/mh\/wp-json\/wp\/v2\/comments?post=1151"}],"version-history":[{"count":11,"href":"https:\/\/vitoria.cnt.es\/mh\/wp-json\/wp\/v2\/posts\/1151\/revisions"}],"predecessor-version":[{"id":1161,"href":"https:\/\/vitoria.cnt.es\/mh\/wp-json\/wp\/v2\/posts\/1151\/revisions\/1161"}],"wp:featuredmedia":[{"embeddable":true,"href":"https:\/\/vitoria.cnt.es\/mh\/wp-json\/wp\/v2\/media\/1153"}],"wp:attachment":[{"href":"https:\/\/vitoria.cnt.es\/mh\/wp-json\/wp\/v2\/media?parent=1151"}],"wp:term":[{"taxonomy":"category","embeddable":true,"href":"https:\/\/vitoria.cnt.es\/mh\/wp-json\/wp\/v2\/categories?post=1151"},{"taxonomy":"post_tag","embeddable":true,"href":"https:\/\/vitoria.cnt.es\/mh\/wp-json\/wp\/v2\/tags?post=1151"}],"curies":[{"name":"wp","href":"https:\/\/api.w.org\/{rel}","templated":true}]}}