{"id":1255,"date":"2017-01-22T16:42:44","date_gmt":"2017-01-22T16:42:44","guid":{"rendered":"http:\/\/vitoria.cnt.es\/mh\/?p=1255"},"modified":"2020-07-02T00:05:40","modified_gmt":"2020-07-02T00:05:40","slug":"dias-de-memoria-23-de-septiembre-de-1923-asesinato-de-jesus-pascual-aguirre","status":"publish","type":"post","link":"https:\/\/vitoria.cnt.es\/mh\/dias-de-memoria-23-de-septiembre-de-1923-asesinato-de-jesus-pascual-aguirre\/","title":{"rendered":"23 de septiembre de 1923. <\/br>Asesinato de JES\u00daS PASCUAL AGUIRRE"},"content":{"rendered":"<figure id=\"attachment_1260\" aria-describedby=\"caption-attachment-1260\" style=\"width: 250px\" class=\"wp-caption alignleft\"><a href=\"http:\/\/vitoria.cnt.es\/mh\/wp-content\/uploads\/sites\/2\/2017\/01\/PASCUAL-AGUIRRE-Jes\u00fas.jpg\"><img loading=\"lazy\" decoding=\"async\" class=\"wp-image-1260\" title=\"Jes\u00fas Pascual Aguirre\" src=\"http:\/\/vitoria.cnt.es\/mh\/wp-content\/uploads\/sites\/2\/2017\/01\/PASCUAL-AGUIRRE-Jes\u00fas.jpg\" alt=\"Jes\u00fas Pascual Aguirre\" width=\"250\" height=\"385\" srcset=\"https:\/\/vitoria.cnt.es\/mh\/wp-content\/uploads\/sites\/2\/2017\/01\/PASCUAL-AGUIRRE-Jes\u00fas.jpg 187w, https:\/\/vitoria.cnt.es\/mh\/wp-content\/uploads\/sites\/2\/2017\/01\/PASCUAL-AGUIRRE-Jes\u00fas-16x24.jpg 16w, https:\/\/vitoria.cnt.es\/mh\/wp-content\/uploads\/sites\/2\/2017\/01\/PASCUAL-AGUIRRE-Jes\u00fas-23x36.jpg 23w, https:\/\/vitoria.cnt.es\/mh\/wp-content\/uploads\/sites\/2\/2017\/01\/PASCUAL-AGUIRRE-Jes\u00fas-31x48.jpg 31w\" sizes=\"auto, (max-width: 250px) 100vw, 250px\" \/><\/a><figcaption id=\"caption-attachment-1260\" class=\"wp-caption-text\">Jes\u00fas Pascual Aguirre<\/figcaption><\/figure>\n<p>&nbsp;<\/p>\n<p>El 23 de septiembre de 1923 fue agarrotado a sus 23 a\u00f1os en Tarrasa (Barcelona) Jes\u00fas Pascual Aguirre. Nacido en Vitoria, abandon\u00f3 la casa familiar con catorce a\u00f1os, se gan\u00f3 la vida por tierras guipuzcoanas, Francia y Barcelona y tempranamente se sum\u00f3 al anarquismo y al sindicalismo revolucionario de CNT. En sus \u00faltimos a\u00f1os se integr\u00f3 en el\u00a0 Sindicato de Alimentaci\u00f3n de Barcelona y en uno de los grupos de acci\u00f3n m\u00e1s renombrados, el encabezado por Saleta. Detenido en el asalto a la caja de ahorros de Tarrasa (20-9-1923), en el que muri\u00f3 el somatenista Juan Castella, se le conden\u00f3 a muerte en consejo de guerra sumar\u00edsimo. Muri\u00f3 con honor, rechazados auxilios espirituales de la clerec\u00eda,\u00a0 al grito de \u00a1Viva la anarqu\u00eda!<\/p>\n<p>La situaci\u00f3n pol\u00edtica, reci\u00e9n implantada la dictadura de Primo de Rivera, demandaba sangre, severidad e inclemencia extremas y los duros exigieron garrote vil para Jos\u00e9 Saleta Pla (un s\u00edmbolo de la resistencia anarcosindicalista contra los sicarios de la patronal y la polic\u00eda en la convulsa Barcelona de la d\u00e9cada del veinte, en su plenitud la lucha social) y su acompa\u00f1ante. Con anterioridad hab\u00eda estado trabajando y preso en San Sebasti\u00e1n, hab\u00eda sido detenido acusado de pr\u00f3fugo en 1922 y se le hab\u00eda expulsado de Francia por sus ideas sindicalistas. La prensa de la \u00e9poca, morbosa ella, citaba el nombre de los verdugos, Rogelio P\u00e9rez y\u00a0 Gregorio Mayoral, se\u00f1alaba que fue ejecutado a las 5\u00b438 de la madrugada y que transcurrieron trece minutos hasta que perdi\u00f3 totalmente el pulso.<\/p>\n","protected":false},"excerpt":{"rendered":"<p>&nbsp; El 23 de septiembre de 1923 fue agarrotado a sus 23 a\u00f1os en Tarrasa (Barcelona) Jes\u00fas Pascual Aguirre. Nacido en Vitoria, abandon\u00f3 la casa familiar con catorce a\u00f1os, se gan\u00f3 la vida por tierras guipuzcoanas, Francia y Barcelona y &hellip; <\/p>\n","protected":false},"author":2,"featured_media":1260,"comment_status":"closed","ping_status":"open","sticky":false,"template":"","format":"standard","meta":{"jetpack_post_was_ever_published":false,"_jetpack_newsletter_access":"","_jetpack_dont_email_post_to_subs":false,"_jetpack_newsletter_tier_id":0,"_jetpack_memberships_contains_paywalled_content":false,"_jetpack_memberships_contains_paid_content":false,"footnotes":"","jetpack_publicize_message":"","jetpack_publicize_feature_enabled":true,"jetpack_social_post_already_shared":true,"jetpack_social_options":{"image_generator_settings":{"template":"highway","enabled":false},"version":2}},"categories":[7],"tags":[9],"class_list":["post-1255","post","type-post","status-publish","format-standard","has-post-thumbnail","hentry","category-dias-de-memoria","tag-dias-de-memoria"],"jetpack_publicize_connections":[],"jetpack_featured_media_url":"https:\/\/vitoria.cnt.es\/mh\/wp-content\/uploads\/sites\/2\/2017\/01\/PASCUAL-AGUIRRE-Jes\u00fas.jpg","jetpack_sharing_enabled":true,"jetpack_shortlink":"https:\/\/wp.me\/p58fhe-kf","_links":{"self":[{"href":"https:\/\/vitoria.cnt.es\/mh\/wp-json\/wp\/v2\/posts\/1255","targetHints":{"allow":["GET"]}}],"collection":[{"href":"https:\/\/vitoria.cnt.es\/mh\/wp-json\/wp\/v2\/posts"}],"about":[{"href":"https:\/\/vitoria.cnt.es\/mh\/wp-json\/wp\/v2\/types\/post"}],"author":[{"embeddable":true,"href":"https:\/\/vitoria.cnt.es\/mh\/wp-json\/wp\/v2\/users\/2"}],"replies":[{"embeddable":true,"href":"https:\/\/vitoria.cnt.es\/mh\/wp-json\/wp\/v2\/comments?post=1255"}],"version-history":[{"count":14,"href":"https:\/\/vitoria.cnt.es\/mh\/wp-json\/wp\/v2\/posts\/1255\/revisions"}],"predecessor-version":[{"id":2479,"href":"https:\/\/vitoria.cnt.es\/mh\/wp-json\/wp\/v2\/posts\/1255\/revisions\/2479"}],"wp:featuredmedia":[{"embeddable":true,"href":"https:\/\/vitoria.cnt.es\/mh\/wp-json\/wp\/v2\/media\/1260"}],"wp:attachment":[{"href":"https:\/\/vitoria.cnt.es\/mh\/wp-json\/wp\/v2\/media?parent=1255"}],"wp:term":[{"taxonomy":"category","embeddable":true,"href":"https:\/\/vitoria.cnt.es\/mh\/wp-json\/wp\/v2\/categories?post=1255"},{"taxonomy":"post_tag","embeddable":true,"href":"https:\/\/vitoria.cnt.es\/mh\/wp-json\/wp\/v2\/tags?post=1255"}],"curies":[{"name":"wp","href":"https:\/\/api.w.org\/{rel}","templated":true}]}}