{"id":1272,"date":"2017-03-27T09:08:18","date_gmt":"2017-03-27T09:08:18","guid":{"rendered":"http:\/\/vitoria.cnt.es\/mh\/?p=1272"},"modified":"2020-07-02T00:10:11","modified_gmt":"2020-07-02T00:10:11","slug":"dias-de-memoria-24-de-diciembre-de-1909-nace-jesus-conde-alonso","status":"publish","type":"post","link":"https:\/\/vitoria.cnt.es\/mh\/dias-de-memoria-24-de-diciembre-de-1909-nace-jesus-conde-alonso\/","title":{"rendered":"24 de diciembre de 1909. <\/br>Nace JES\u00daS CONDE ALONSO"},"content":{"rendered":"<figure id=\"attachment_1273\" aria-describedby=\"caption-attachment-1273\" style=\"width: 250px\" class=\"wp-caption alignleft\"><a href=\"http:\/\/vitoria.cnt.es\/mh\/wp-content\/uploads\/sites\/2\/2017\/03\/jesus-conde-alonso.jpg\"><img loading=\"lazy\" decoding=\"async\" class=\"wp-image-1273\" title=\"Jes\u00fas Conde Alonso\" src=\"http:\/\/vitoria.cnt.es\/mh\/wp-content\/uploads\/sites\/2\/2017\/03\/jesus-conde-alonso-234x300.jpg\" alt=\"Jes\u00fas Conde Alonso\" width=\"250\" height=\"321\" srcset=\"https:\/\/vitoria.cnt.es\/mh\/wp-content\/uploads\/sites\/2\/2017\/03\/jesus-conde-alonso-234x300.jpg 234w, https:\/\/vitoria.cnt.es\/mh\/wp-content\/uploads\/sites\/2\/2017\/03\/jesus-conde-alonso-19x24.jpg 19w, https:\/\/vitoria.cnt.es\/mh\/wp-content\/uploads\/sites\/2\/2017\/03\/jesus-conde-alonso-28x36.jpg 28w, https:\/\/vitoria.cnt.es\/mh\/wp-content\/uploads\/sites\/2\/2017\/03\/jesus-conde-alonso-37x48.jpg 37w, https:\/\/vitoria.cnt.es\/mh\/wp-content\/uploads\/sites\/2\/2017\/03\/jesus-conde-alonso.jpg 336w\" sizes=\"auto, (max-width: 250px) 100vw, 250px\" \/><\/a><figcaption id=\"caption-attachment-1273\" class=\"wp-caption-text\">Jes\u00fas Conde Alonso<\/figcaption><\/figure>\n<p>&nbsp;<\/p>\n<p>El 24 de diciembre de 1909 nace en Vitoria Jes\u00fas Conde Alonso. V\u00e1stago de una familia confederal, ya activista con diecinueve a\u00f1os en la \u00e9poca de la dictadura de Primo de Rivera. Implantada la Rep\u00fablica, \u00a0destac\u00f3 tanto en las JJLL vitorianas (ejerci\u00f3 de secretario) como en la CNT (secretario de propaganda), su voz se oy\u00f3 en excursiones de propaganda por Pa\u00eds Vasco, La Rioja y Burgos y se encarg\u00f3 (1932) de la distribuci\u00f3n en Vitoria del vocero <em>El Libertario<\/em>.<\/p>\n<p>Huido de Vitoria en abril de 1932 tras el descubrimiento de explosivos en casa de su hermano Ismael. Conjurado el peligro, retorn\u00f3, mantuvo su activismo y escribi\u00f3 con \u00e1gil pluma en <em>\u00c1lava Republicana<\/em>, <em>Fragua Social<\/em> y <em>Tierra y Libertad<\/em>.<\/p>\n<p>M\u00e1s tarde, movido por sus creencias naturistas y vegetarianas,\u00a0intent\u00f3 con otros constituir una comuna rural en Torrente, donde le sorprendi\u00f3 la guerra. Apresado al t\u00e9rmino de la contienda, padeci\u00f3 los campos de concentraci\u00f3n de \u00a0los Almendros y Albatera y la c\u00e1rcel de Valencia. Liberado, trabaja de zapatero hasta que, detenido en Valencia en 1946, marcha a Madrid y al poco abandona el pa\u00eds.<\/p>\n<p>Residi\u00f3 en Sao Paulo (1951-1955) y Montevideo (1955-1975). Vuelto a Vitoria a la muerte de Franco, no milit\u00f3 en CNT, pero fue asiduo de la Asociaci\u00f3n Isaac Puente en los ochenta aunque ya, con el peso de los a\u00f1os y las circunstancias vitales, su confianza en el naturismo y el anarquismo hab\u00eda disminuido. Muri\u00f3 en Vitoria, el trece de marzo de 1997.<\/p>\n","protected":false},"excerpt":{"rendered":"<p>&nbsp; El 24 de diciembre de 1909 nace en Vitoria Jes\u00fas Conde Alonso. V\u00e1stago de una familia confederal, ya activista con diecinueve a\u00f1os en la \u00e9poca de la dictadura de Primo de Rivera. Implantada la Rep\u00fablica, \u00a0destac\u00f3 tanto en las &hellip; <\/p>\n","protected":false},"author":2,"featured_media":1273,"comment_status":"closed","ping_status":"open","sticky":false,"template":"","format":"standard","meta":{"jetpack_post_was_ever_published":false,"_jetpack_newsletter_access":"","_jetpack_dont_email_post_to_subs":false,"_jetpack_newsletter_tier_id":0,"_jetpack_memberships_contains_paywalled_content":false,"_jetpack_memberships_contains_paid_content":false,"footnotes":"","jetpack_publicize_message":"","jetpack_publicize_feature_enabled":true,"jetpack_social_post_already_shared":true,"jetpack_social_options":{"image_generator_settings":{"template":"highway","enabled":false},"version":2}},"categories":[7],"tags":[9],"class_list":["post-1272","post","type-post","status-publish","format-standard","has-post-thumbnail","hentry","category-dias-de-memoria","tag-dias-de-memoria"],"jetpack_publicize_connections":[],"jetpack_featured_media_url":"https:\/\/vitoria.cnt.es\/mh\/wp-content\/uploads\/sites\/2\/2017\/03\/jesus-conde-alonso.jpg","jetpack_sharing_enabled":true,"jetpack_shortlink":"https:\/\/wp.me\/p58fhe-kw","_links":{"self":[{"href":"https:\/\/vitoria.cnt.es\/mh\/wp-json\/wp\/v2\/posts\/1272","targetHints":{"allow":["GET"]}}],"collection":[{"href":"https:\/\/vitoria.cnt.es\/mh\/wp-json\/wp\/v2\/posts"}],"about":[{"href":"https:\/\/vitoria.cnt.es\/mh\/wp-json\/wp\/v2\/types\/post"}],"author":[{"embeddable":true,"href":"https:\/\/vitoria.cnt.es\/mh\/wp-json\/wp\/v2\/users\/2"}],"replies":[{"embeddable":true,"href":"https:\/\/vitoria.cnt.es\/mh\/wp-json\/wp\/v2\/comments?post=1272"}],"version-history":[{"count":15,"href":"https:\/\/vitoria.cnt.es\/mh\/wp-json\/wp\/v2\/posts\/1272\/revisions"}],"predecessor-version":[{"id":2480,"href":"https:\/\/vitoria.cnt.es\/mh\/wp-json\/wp\/v2\/posts\/1272\/revisions\/2480"}],"wp:featuredmedia":[{"embeddable":true,"href":"https:\/\/vitoria.cnt.es\/mh\/wp-json\/wp\/v2\/media\/1273"}],"wp:attachment":[{"href":"https:\/\/vitoria.cnt.es\/mh\/wp-json\/wp\/v2\/media?parent=1272"}],"wp:term":[{"taxonomy":"category","embeddable":true,"href":"https:\/\/vitoria.cnt.es\/mh\/wp-json\/wp\/v2\/categories?post=1272"},{"taxonomy":"post_tag","embeddable":true,"href":"https:\/\/vitoria.cnt.es\/mh\/wp-json\/wp\/v2\/tags?post=1272"}],"curies":[{"name":"wp","href":"https:\/\/api.w.org\/{rel}","templated":true}]}}