{"id":1278,"date":"2017-05-31T08:19:29","date_gmt":"2017-05-31T08:19:29","guid":{"rendered":"http:\/\/vitoria.cnt.es\/mh\/?p=1278"},"modified":"2020-07-02T00:13:54","modified_gmt":"2020-07-02T00:13:54","slug":"dias-de-memoria-30-de-julio-de-1912-nace-felix-alonso-garcia","status":"publish","type":"post","link":"https:\/\/vitoria.cnt.es\/mh\/dias-de-memoria-30-de-julio-de-1912-nace-felix-alonso-garcia\/","title":{"rendered":"30 de julio de 1912. <\/br>Nace F\u00c9LIX ALONSO GARC\u00cdA"},"content":{"rendered":"<figure id=\"attachment_1279\" aria-describedby=\"caption-attachment-1279\" style=\"width: 250px\" class=\"wp-caption alignleft\"><a href=\"http:\/\/vitoria.cnt.es\/mh\/wp-content\/uploads\/sites\/2\/2017\/05\/F\u00e9lix-Alonso-Garc\u00eda.jpg\"><img loading=\"lazy\" decoding=\"async\" class=\"wp-image-1279\" title=\"F\u00e9lix Alonso Garc\u00eda\" src=\"http:\/\/vitoria.cnt.es\/mh\/wp-content\/uploads\/sites\/2\/2017\/05\/F\u00e9lix-Alonso-Garc\u00eda-197x300.jpg\" alt=\"F\u00e9lix Alonso Garc\u00eda\" width=\"250\" height=\"381\" srcset=\"https:\/\/vitoria.cnt.es\/mh\/wp-content\/uploads\/sites\/2\/2017\/05\/F\u00e9lix-Alonso-Garc\u00eda-197x300.jpg 197w, https:\/\/vitoria.cnt.es\/mh\/wp-content\/uploads\/sites\/2\/2017\/05\/F\u00e9lix-Alonso-Garc\u00eda-459x700.jpg 459w, https:\/\/vitoria.cnt.es\/mh\/wp-content\/uploads\/sites\/2\/2017\/05\/F\u00e9lix-Alonso-Garc\u00eda-16x24.jpg 16w, https:\/\/vitoria.cnt.es\/mh\/wp-content\/uploads\/sites\/2\/2017\/05\/F\u00e9lix-Alonso-Garc\u00eda-24x36.jpg 24w, https:\/\/vitoria.cnt.es\/mh\/wp-content\/uploads\/sites\/2\/2017\/05\/F\u00e9lix-Alonso-Garc\u00eda-31x48.jpg 31w, https:\/\/vitoria.cnt.es\/mh\/wp-content\/uploads\/sites\/2\/2017\/05\/F\u00e9lix-Alonso-Garc\u00eda.jpg 682w\" sizes=\"auto, (max-width: 250px) 100vw, 250px\" \/><\/a><figcaption id=\"caption-attachment-1279\" class=\"wp-caption-text\">F\u00e9lix Alonso Garc\u00eda<\/figcaption><\/figure>\n<p>&nbsp;<\/p>\n<p>El 30 de julio de 1912 nac\u00eda en Zumaya (Guip\u00fazcoa) F\u00e9lix Alonso Garc\u00eda. Hijo de un mec\u00e1nico dedicado a la reparaci\u00f3n de barcos pesqueros, hu\u00e9rfano con tres a\u00f1os, con ocho en el hospicio de Vitoria hasta los once, periodo que le marc\u00f3, y hasta los catorce en la escuela primaria. Con catorce aprendiz de ebanista en una f\u00e1brica de muebles y proclamada la Rep\u00fablica militante de CNT a la que lo llev\u00f3 Daniel Orille, compa\u00f1ero de f\u00e1brica.<\/p>\n<p>\u00c1vido lector en la biblioteca del sindicato, pronto fue nombrado vocal y al poco secretario del Sindicato de la Madera ubicado en la calle Ortiz de Z\u00e1rate. Detenido en 1931 en el transcurso de una gira confederal a San Vicente de la Sonsierra, se le encarcel\u00f3 en Logro\u00f1o durante quince d\u00edas, motivo alegado por el patr\u00f3n para despedirlo (denunci\u00f3 su caso en <em>Solidaridad Obrera<\/em>).<\/p>\n<p>La ilegalizaci\u00f3n de la CNT vitoriana tras los sucesos del aniversario de la Rep\u00fablica, lo puso en la clandestinidad durante un mes. Vuelta la normalidad, el sindicato abri\u00f3 sus puertas en la calle Pintorer\u00eda, se fundaron las JJLL, a las que se afili\u00f3, y un ateneo libertario, del que igualmente fue asiduo, como del monta\u00f1ismo. Despedido del trabajo en 1933, una huelga de solidaridad logr\u00f3 su readmisi\u00f3n. Enviado a Melilla a servir a la patria burguesa a fines de 1933 durante un a\u00f1o. Vuelto a Vitoria, sin trabajo durante 1935 correoso en el sindicato y en las asambleas de parados.<\/p>\n<p>En julio de 1936 orador, con Villamor, Neira y Orille, en Briviesca. La sublevaci\u00f3n del fascio, lo encontr\u00f3 hospitalizado a cuenta de una bronconeumon\u00eda y s\u00f3lo la firme actitud del doctor Salmer\u00f3n impidi\u00f3 su encarcelamiento. Huido del hospital a los dos meses, permaneci\u00f3 escondido durante medio a\u00f1o hasta que logr\u00f3 alcanzar territorio leal. Enrolado en 1936 en los batallones Internacional y Sacco y Vanzetti (que parece dirigi\u00f3 un tiempo), luch\u00f3 contra el fascismo en el frente del Norte. Exiliado tras la guerra en Francia, padeci\u00f3 dos campos de concentraci\u00f3n, de los que escap\u00f3 con la ayuda de un simpatizante alem\u00e1n. Milit\u00f3 con fuerza en el sindicalismo y tuvo amistad con Paco Ib\u00e1\u00f1ez, y en Vitoria con Jes\u00fas Conde y Jes\u00fas Sarralde. S\u00f3lo muerto Franco volvi\u00f3 de visita a tierras vitorianas. Falleci\u00f3 en Francia en 1983.<\/p>\n<p>Autor de unas <em>Memorias<\/em>, interesantes, en las que se esconde tras el nombre de Felipe. Colabora en <em>CNT del Norte<\/em> y <em>Solidaridad Obrera<\/em> de Barcelona (1931).<\/p>\n","protected":false},"excerpt":{"rendered":"<p>&nbsp; El 30 de julio de 1912 nac\u00eda en Zumaya (Guip\u00fazcoa) F\u00e9lix Alonso Garc\u00eda. Hijo de un mec\u00e1nico dedicado a la reparaci\u00f3n de barcos pesqueros, hu\u00e9rfano con tres a\u00f1os, con ocho en el hospicio de Vitoria hasta los once, periodo &hellip; <\/p>\n","protected":false},"author":2,"featured_media":1279,"comment_status":"closed","ping_status":"open","sticky":false,"template":"","format":"standard","meta":{"jetpack_post_was_ever_published":false,"_jetpack_newsletter_access":"","_jetpack_dont_email_post_to_subs":false,"_jetpack_newsletter_tier_id":0,"_jetpack_memberships_contains_paywalled_content":false,"_jetpack_memberships_contains_paid_content":false,"footnotes":"","jetpack_publicize_message":"","jetpack_publicize_feature_enabled":true,"jetpack_social_post_already_shared":true,"jetpack_social_options":{"image_generator_settings":{"template":"highway","enabled":false},"version":2}},"categories":[7],"tags":[9],"class_list":["post-1278","post","type-post","status-publish","format-standard","has-post-thumbnail","hentry","category-dias-de-memoria","tag-dias-de-memoria"],"jetpack_publicize_connections":[],"jetpack_featured_media_url":"https:\/\/vitoria.cnt.es\/mh\/wp-content\/uploads\/sites\/2\/2017\/05\/F\u00e9lix-Alonso-Garc\u00eda.jpg","jetpack_sharing_enabled":true,"jetpack_shortlink":"https:\/\/wp.me\/p58fhe-kC","_links":{"self":[{"href":"https:\/\/vitoria.cnt.es\/mh\/wp-json\/wp\/v2\/posts\/1278","targetHints":{"allow":["GET"]}}],"collection":[{"href":"https:\/\/vitoria.cnt.es\/mh\/wp-json\/wp\/v2\/posts"}],"about":[{"href":"https:\/\/vitoria.cnt.es\/mh\/wp-json\/wp\/v2\/types\/post"}],"author":[{"embeddable":true,"href":"https:\/\/vitoria.cnt.es\/mh\/wp-json\/wp\/v2\/users\/2"}],"replies":[{"embeddable":true,"href":"https:\/\/vitoria.cnt.es\/mh\/wp-json\/wp\/v2\/comments?post=1278"}],"version-history":[{"count":21,"href":"https:\/\/vitoria.cnt.es\/mh\/wp-json\/wp\/v2\/posts\/1278\/revisions"}],"predecessor-version":[{"id":1500,"href":"https:\/\/vitoria.cnt.es\/mh\/wp-json\/wp\/v2\/posts\/1278\/revisions\/1500"}],"wp:featuredmedia":[{"embeddable":true,"href":"https:\/\/vitoria.cnt.es\/mh\/wp-json\/wp\/v2\/media\/1279"}],"wp:attachment":[{"href":"https:\/\/vitoria.cnt.es\/mh\/wp-json\/wp\/v2\/media?parent=1278"}],"wp:term":[{"taxonomy":"category","embeddable":true,"href":"https:\/\/vitoria.cnt.es\/mh\/wp-json\/wp\/v2\/categories?post=1278"},{"taxonomy":"post_tag","embeddable":true,"href":"https:\/\/vitoria.cnt.es\/mh\/wp-json\/wp\/v2\/tags?post=1278"}],"curies":[{"name":"wp","href":"https:\/\/api.w.org\/{rel}","templated":true}]}}