{"id":1776,"date":"2019-10-12T00:56:20","date_gmt":"2019-10-12T00:56:20","guid":{"rendered":"http:\/\/vitoria.cnt.es\/mh\/?p=1776"},"modified":"2020-07-02T12:15:49","modified_gmt":"2020-07-02T12:15:49","slug":"dias-de-memoria-17-de-abril-de-1895-nace-joaquin-zabarain-fernandez-de-lecea","status":"publish","type":"post","link":"https:\/\/vitoria.cnt.es\/mh\/dias-de-memoria-17-de-abril-de-1895-nace-joaquin-zabarain-fernandez-de-lecea\/","title":{"rendered":"17 de abril de 1895. <\/br>Nace JOAQU\u00cdN ZABAR\u00c1IN FERN\u00c1NDEZ DE LECEA"},"content":{"rendered":"<figure id=\"attachment_1777\" aria-describedby=\"caption-attachment-1777\" style=\"width: 250px\" class=\"wp-caption alignleft\"><a href=\"http:\/\/vitoria.cnt.es\/mh\/wp-content\/uploads\/sites\/2\/2019\/10\/joaquin-zabarain-fernandez-de-lecea.jpg\"><img loading=\"lazy\" decoding=\"async\" class=\"wp-image-1777\" title=\"Joaqu\u00edn Zabar\u00e1in Fern\u00e1ndez de Lecea\" src=\"http:\/\/vitoria.cnt.es\/mh\/wp-content\/uploads\/sites\/2\/2019\/10\/joaquin-zabarain-fernandez-de-lecea-266x300.jpg\" alt=\"Joaqu\u00edn Zabar\u00e1in Fern\u00e1ndez de Lecea\" title=\"Joaqu\u00edn Zabar\u00e1in Fern\u00e1ndez de Lecea\" width=\"250\" height=\"282\" srcset=\"https:\/\/vitoria.cnt.es\/mh\/wp-content\/uploads\/sites\/2\/2019\/10\/joaquin-zabarain-fernandez-de-lecea-266x300.jpg 266w, https:\/\/vitoria.cnt.es\/mh\/wp-content\/uploads\/sites\/2\/2019\/10\/joaquin-zabarain-fernandez-de-lecea-21x24.jpg 21w, https:\/\/vitoria.cnt.es\/mh\/wp-content\/uploads\/sites\/2\/2019\/10\/joaquin-zabarain-fernandez-de-lecea-32x36.jpg 32w, https:\/\/vitoria.cnt.es\/mh\/wp-content\/uploads\/sites\/2\/2019\/10\/joaquin-zabarain-fernandez-de-lecea-43x48.jpg 43w, https:\/\/vitoria.cnt.es\/mh\/wp-content\/uploads\/sites\/2\/2019\/10\/joaquin-zabarain-fernandez-de-lecea.jpg 300w\" sizes=\"auto, (max-width: 250px) 100vw, 250px\" \/><\/a><figcaption id=\"caption-attachment-1777\" class=\"wp-caption-text\">Joaqu\u00edn Zabar\u00e1in Fern\u00e1ndez de Lecea<\/figcaption><\/figure>\n<p>&nbsp;<\/p>\n<p>El 17 de abril de 1895 nace en Araya (\u00c1lava) Joaqu\u00edn Zabar\u00e1in Fern\u00e1ndez de Lecea, gran figura del anarquismo y la CNT del Norte. Tempranamente adscrito a la cuerda libertaria, al menos desde la d\u00e9cada del diez.<\/p>\n<p>Ya en 1915 part\u00edcipe del grupo anarquista Los Cualquiera de Bilbao y miembro de la comisi\u00f3n encargada de gestionar los bienes del disuelto CIO (Centro Instructivo Obrero) de Bilbao, equivalente m\u00e1s o menos a un Ateneo Libertario. Detenido en Bilbao junto a Eleuterio P\u00e9rez a fines de 1916, por su activismo anarquista y sindicalista.<\/p>\n<p>En 1921 propuso a Los Justicieros de Durruti un asalto econ\u00f3mico con vistas a comprar armas con fines revolucionarios, que efectivamente se realiz\u00f3 (con su producto \u00e9l adquiri\u00f3 cien pistolas en Eibar).<\/p>\n<p>Asisti\u00f3 a la famosa Conferencia de Zaragoza de 1922 en representaci\u00f3n de Vizcaya y al Pleno de Matar\u00f3 de febrero de 1923 por la Regional Norte.<\/p>\n<p>Brevemente encarcelado en enero de 1923, siendo presidente del Sindicato \u00danico, tras un atentado contra un obrero tranviario en Bilbao.<\/p>\n<p>Orador de garra: en 1923 mitinea en Vitoria, San Sebasti\u00e1n, con Viteri, Alqu\u00e9zar y otros, Bilbao con Blanco, Carreras, Mira, Buenacasa y Clar\u00e1 en el cierre del Congreso de la CNT del Norte (presidi\u00f3 el acto) y en Burgos (en abril, permanece en la ciudad, en calidad de miembro del Comit\u00e9 Regional, los meses de mayo y junio en apoyo del conflicto de construcci\u00f3n).<\/p>\n<p>Nada sabemos de sus andanzas durante la dictadura de Primo de Rivera ni extra\u00f1amente tampoco sobre los a\u00f1os de guerra y republicanos (tan solo un dato de dif\u00edcil valoraci\u00f3n: a comienzos de 1935 el ayuntamiento de Bilbao le adjudica las obras de construcci\u00f3n de las cunetas del parque del Ensanche).<\/p>\n<p>Ido al destierro al final de la guerra, desde octubre de 1942 reside en M\u00e9xico (desembarcado del buque Nyassa en Veracruz, se asent\u00f3 en la capital) atento al devenir confederal: en 1945 enlace con el Comit\u00e9 Regional de Bayona, en 1947, vocal en el Comit\u00e9 de la Agrupaci\u00f3n de la CNT de Espa\u00f1a en M\u00e9xico, defensora de la CNT clandestina del interior.<\/p>\n<p>Desconocemos su trayectoria posterior, probablemente falleci\u00f3 en tierra mejicana. Su mujer, Everilda Bustamante. Su hijo Higinio, muerto en combate en Barazar, 1-4-1937. Escritos suyos pueden leerse en Fructidor de Mah\u00f3n (1924, desde Bilbao, pidiendo ayuda para Manuel Villalonga), Solidaridad Obrera de Barcelona (1916, desde Bilbao, 1923) y de Bilbao (1920).<\/p>\n","protected":false},"excerpt":{"rendered":"<p>&nbsp; El 17 de abril de 1895 nace en Araya (\u00c1lava) Joaqu\u00edn Zabar\u00e1in Fern\u00e1ndez de Lecea, gran figura del anarquismo y la CNT del Norte. Tempranamente adscrito a la cuerda libertaria, al menos desde la d\u00e9cada del diez. Ya en &hellip; <\/p>\n","protected":false},"author":2,"featured_media":1777,"comment_status":"closed","ping_status":"open","sticky":false,"template":"","format":"standard","meta":{"jetpack_post_was_ever_published":false,"_jetpack_newsletter_access":"","_jetpack_dont_email_post_to_subs":false,"_jetpack_newsletter_tier_id":0,"_jetpack_memberships_contains_paywalled_content":false,"_jetpack_memberships_contains_paid_content":false,"footnotes":"","jetpack_publicize_message":"","jetpack_publicize_feature_enabled":true,"jetpack_social_post_already_shared":true,"jetpack_social_options":{"image_generator_settings":{"template":"highway","enabled":false},"version":2}},"categories":[7],"tags":[9],"class_list":["post-1776","post","type-post","status-publish","format-standard","has-post-thumbnail","hentry","category-dias-de-memoria","tag-dias-de-memoria"],"jetpack_publicize_connections":[],"jetpack_featured_media_url":"https:\/\/vitoria.cnt.es\/mh\/wp-content\/uploads\/sites\/2\/2019\/10\/joaquin-zabarain-fernandez-de-lecea.jpg","jetpack_sharing_enabled":true,"jetpack_shortlink":"https:\/\/wp.me\/p58fhe-sE","_links":{"self":[{"href":"https:\/\/vitoria.cnt.es\/mh\/wp-json\/wp\/v2\/posts\/1776","targetHints":{"allow":["GET"]}}],"collection":[{"href":"https:\/\/vitoria.cnt.es\/mh\/wp-json\/wp\/v2\/posts"}],"about":[{"href":"https:\/\/vitoria.cnt.es\/mh\/wp-json\/wp\/v2\/types\/post"}],"author":[{"embeddable":true,"href":"https:\/\/vitoria.cnt.es\/mh\/wp-json\/wp\/v2\/users\/2"}],"replies":[{"embeddable":true,"href":"https:\/\/vitoria.cnt.es\/mh\/wp-json\/wp\/v2\/comments?post=1776"}],"version-history":[{"count":7,"href":"https:\/\/vitoria.cnt.es\/mh\/wp-json\/wp\/v2\/posts\/1776\/revisions"}],"predecessor-version":[{"id":2489,"href":"https:\/\/vitoria.cnt.es\/mh\/wp-json\/wp\/v2\/posts\/1776\/revisions\/2489"}],"wp:featuredmedia":[{"embeddable":true,"href":"https:\/\/vitoria.cnt.es\/mh\/wp-json\/wp\/v2\/media\/1777"}],"wp:attachment":[{"href":"https:\/\/vitoria.cnt.es\/mh\/wp-json\/wp\/v2\/media?parent=1776"}],"wp:term":[{"taxonomy":"category","embeddable":true,"href":"https:\/\/vitoria.cnt.es\/mh\/wp-json\/wp\/v2\/categories?post=1776"},{"taxonomy":"post_tag","embeddable":true,"href":"https:\/\/vitoria.cnt.es\/mh\/wp-json\/wp\/v2\/tags?post=1776"}],"curies":[{"name":"wp","href":"https:\/\/api.w.org\/{rel}","templated":true}]}}