{"id":1822,"date":"2019-12-24T17:13:07","date_gmt":"2019-12-24T17:13:07","guid":{"rendered":"http:\/\/vitoria.cnt.es\/mh\/?p=1822"},"modified":"2020-07-02T12:40:31","modified_gmt":"2020-07-02T12:40:31","slug":"la-historia-1933-el-ano-de-las-bombas","status":"publish","type":"post","link":"https:\/\/vitoria.cnt.es\/mh\/la-historia-1933-el-ano-de-las-bombas\/","title":{"rendered":"1933. EL A\u00d1O DE LAS BOMBAS"},"content":{"rendered":"<p>En realidad, el calificado no sabemos por qui\u00e9n como \u201ca\u00f1o de las bombas\u201d comenz\u00f3 en octubre de 1932<a class=\"enlaceNotaAlPie\" href=\"#nota1\" name=\"enlaceNota1\"><sup>1<\/sup><\/a> y alcanz\u00f3 su cl\u00edmax en enero de 1933. Denominaci\u00f3n exagerada e injustificada en lo que a Vitoria concierne, ciertamente porque lo que m\u00e1s caracteriz\u00f3 el a\u00f1o fueron las huelgas en Ajuria y Sierras Alaveses, la actividad de los desempleados y despedidos y las detenciones de confederales en mayo y julio a cuenta de huelgas m\u00e1s o menos generales y revolucionarias.<\/p>\n<p>Producido un robo de dinamita y otros explosivos (125 kilos, detonadores, mecha) en Maeztu el nuevo gobernador, Fernando Solaz\u00e1bal, ordena a los cuerpos policiales investiguen con sumo cuidado hasta localizar a los autores. Como era de esperar se dirigieron a los militantes anarquistas del lugar y durante dos d\u00edas permanecieron como presos gubernativos Daniel Garc\u00eda de Alb\u00e9niz, Emilio Ibisate y Valeriano Zarant\u00f3n<a class=\"enlaceNotaAlPie\" href=\"#nota2\" name=\"enlaceNota2\"><sup>2<\/sup><\/a>. Maeztu con Labastida, Elciego y Vitoria ser\u00e1n a lo largo de la Rep\u00fablica, s\u00f3lidos focos anarquistas.<\/p>\n<figure id=\"attachment_1845\" aria-describedby=\"caption-attachment-1845\" style=\"width: 300px\" class=\"wp-caption alignright\"><a href=\"http:\/\/vitoria.cnt.es\/mh\/wp-content\/uploads\/sites\/2\/2019\/12\/labastida-anos-30.png\"><img loading=\"lazy\" decoding=\"async\" class=\"wp-image-1845\" src=\"http:\/\/vitoria.cnt.es\/mh\/wp-content\/uploads\/sites\/2\/2019\/12\/labastida-anos-30-188x300.png\" alt=\"Labastida en los a\u00f1os 30\" title=\"Labastida en los a\u00f1os 30\" width=\"300\" height=\"479\" srcset=\"https:\/\/vitoria.cnt.es\/mh\/wp-content\/uploads\/sites\/2\/2019\/12\/labastida-anos-30-188x300.png 188w, https:\/\/vitoria.cnt.es\/mh\/wp-content\/uploads\/sites\/2\/2019\/12\/labastida-anos-30-439x700.png 439w, https:\/\/vitoria.cnt.es\/mh\/wp-content\/uploads\/sites\/2\/2019\/12\/labastida-anos-30-376x600.png 376w, https:\/\/vitoria.cnt.es\/mh\/wp-content\/uploads\/sites\/2\/2019\/12\/labastida-anos-30-100x160.png 100w, https:\/\/vitoria.cnt.es\/mh\/wp-content\/uploads\/sites\/2\/2019\/12\/labastida-anos-30-15x24.png 15w, https:\/\/vitoria.cnt.es\/mh\/wp-content\/uploads\/sites\/2\/2019\/12\/labastida-anos-30-23x36.png 23w, https:\/\/vitoria.cnt.es\/mh\/wp-content\/uploads\/sites\/2\/2019\/12\/labastida-anos-30-30x48.png 30w, https:\/\/vitoria.cnt.es\/mh\/wp-content\/uploads\/sites\/2\/2019\/12\/labastida-anos-30.png 472w\" sizes=\"auto, (max-width: 300px) 100vw, 300px\" \/><\/a><figcaption id=\"caption-attachment-1845\" class=\"wp-caption-text\">Labastida (\u00c1lava) en los a\u00f1os 30<\/figcaption><\/figure>\n<p>En la misma direcci\u00f3n en diciembre la prensa daba cuenta de la detenci\u00f3n de Domingo Mart\u00ednez de Anto\u00f1ana<a class=\"enlaceNotaAlPie\" href=\"#nota3\" name=\"enlaceNota3\"><sup>3<\/sup><\/a> tras el hallazgo de armas y dinamitas en un campo de Arana, cercano a Vitoria. Contaron 52 pistolas, 50 kilos de dinamita y cargadores.<\/p>\n<p>En la capital a comienzos de noviembre la buena sociedad, la gente de orden<a class=\"enlaceNotaAlPie\" href=\"#nota4\" name=\"enlaceNota4\"><sup>4<\/sup><\/a> contemplaba con disgusto los enfrentamientos entre obreros de las obras de la Caja de Ahorros y los guardias de seguridad que repartieron golpes sin miramientos. Seg\u00fan <em>La Vanguardia<\/em> \u201cEl hecho produjo alarma, apresur\u00e1ndose a cerrar algunos comercios sin registrarse m\u00e1s des\u00f3rdenes\u201d.<\/p>\n<p>El mismo peri\u00f3dico el 5 de noviembre relataba que cuatro j\u00f3venes obreros hab\u00edan penetrado en una tienda de comestibles sita en la Correr\u00eda, que se hab\u00edan apoderado de diversos art\u00edculos alimenticios y que uno de los cuatro sali\u00f3 sin prisa y serenamente y fue detenido al punto. En la comisar\u00eda aleg\u00f3 que lo hab\u00edan hecho porque tienen derecho a comer. Tambi\u00e9n <em>La Vanguardia<\/em> el d\u00eda 20 de ese mes alud\u00eda a la comisi\u00f3n de \u201cun hecho escandaloso\u201d en la calle Francia. Un grupo de treinta o cuarenta individuos, mayoritariamente j\u00f3venes, asaltaron tumultuariamente la tienda de ultramarinos de Baltasar Ortiz Urbina, llev\u00e1ndose buena cantidad de salchichones, chorizos y otros art\u00edculos y huyendo hacia el campo de Judizmendi, perseguidos por algunos guardias de seguridad. Un guardia municipal reconoci\u00f3 a seis de los fugitivos. Las autoridades recibieron confidencias de que hoy ser\u00edan asaltados varios comercios de ultramarinos, resultando cierto pues las fuerzas de seguridad, municipales y de polic\u00eda han tenido necesidad de disolver diversos grupos en sitios c\u00e9ntricos, evidentemente preparados para dicho fin. El gobernador ha dispuesto que se redoble la vigilancia. La acci\u00f3n directa estaba pasando de los lugares de trabajo a la calle.<\/p>\n<p>Las autoridades se mostraban intranquilas, tem\u00edan un rebrote de la tensi\u00f3n en la ciudad, tanto que el d\u00eda 25<a class=\"enlaceNotaAlPie\" href=\"#nota5\" name=\"enlaceNota5\"><sup>5<\/sup><\/a> el gobernador dispuso \u201cQue se ejerciera vigilancia especial extraordinaria en las calles y centros oficiales, prest\u00e1ndola guardias de seguridad armados de tercerolas, en la casa de Correos y Tel\u00e9grafos, y la guardia civil en las afueras de la poblaci\u00f3n, ocupando todas las entradas de la ciudad\u201d, parece que el motivo, no confesado, era la celebraci\u00f3n en la Audiencia del juicio oral por los sucesos desarrollados el 14 de abril (muerte del guardia municipal Perea). Hubo alg\u00fan peque\u00f1o altercado, la causa fue sobrese\u00edda por falta de pruebas y el fiscal de seguido incrimin\u00f3 a cinco personas por insulto y resistencia a los agentes de la autoridad.<\/p>\n<p>A comienzos de diciembre<a class=\"enlaceNotaAlPie\" href=\"#nota6\" name=\"enlaceNota6\"><sup>6<\/sup><\/a> el Sindicato \u00danico tom\u00f3 una decisi\u00f3n controvertida: suspendi\u00f3 una asamblea de los pintores afectos al Sindicato \u00danico por no haber respetado los acuerdos tomados a nivel global por los trabajadores parados. La Comisi\u00f3n de Obreros Pintores Parados, agradeci\u00f3 el gesto y se\u00f1al\u00f3 que algunos de los afiliados eran \u201cfalsos\u201d. Queda por saber si la tal comisi\u00f3n estaba o no dominada por el Sindicato \u00danico (probablemente s\u00ed a tenor de lo que exponemos a continuaci\u00f3n). Quiz\u00e1s nos encontramos ante un asunto de estrategia sindical pero tambi\u00e9n de un profundo convencimiento por parte del Sindicato tanto de lo justo de las reivindicaciones de los afectados como de la necesidad de contar con ellos para sus fines revolucionarios (durante los a\u00f1os republicanos no se confirm\u00f3 que la calidad de \u201cparado\u201d implicara la de \u201crevolucionario\u201d, tal vez convenga recordar la frase de Luis Bulffi \u00abLa miseria no engendra rebeldes\u00bb) y siempre recordable que CNT valoraba mucho las asambleas generales de trabajadores, por encima incluso de las exclusivamente confederales. En julio de 1933 en la sede del Sindicato \u00danico se realiz\u00f3 una asamblea de parados para confeccionar la lista de los mismos<a class=\"enlaceNotaAlPie\" href=\"#nota7\" name=\"enlaceNota7\"><sup>7<\/sup><\/a>. Confeccionada la lista, se le comunic\u00f3 al contratista Avelino Landa (al que se hab\u00eda adjudicado la construcci\u00f3n de un grupo escolar) que se abstuviera de contratar obreros sin antes consultar la lista. El requerimiento no fue escuchado y al empezar las obras un nutrido grupo de parados (entre sesenta o setenta) trataron de impedir la labor y el gobernador envi\u00f3 un cami\u00f3n con guardias de asalto (el palo) y al poco tiempo recibi\u00f3 a una comisi\u00f3n de parados de CNT (la zanahoria) con la cual no debi\u00f3 de mostrarse muy receptivo (menos zanahoria) ya que los comisionados sacaron la conclusi\u00f3n de que no se les proporcionaba trabajo, ante lo cual, seg\u00fan <em>La Vanguardia<\/em>, daban libertad \u201cpara que cada uno defienda como pueda su derecho a la vida\u201d. Lo cierto es que los parados adscritos a UGT lo ten\u00edan m\u00e1s f\u00e1cil y contaban con la tierna mirada de las autoridades republicanas.<\/p>\n<figure id=\"attachment_1848\" aria-describedby=\"caption-attachment-1848\" style=\"width: 450px\" class=\"wp-caption alignright\"><a href=\"http:\/\/vitoria.cnt.es\/mh\/wp-content\/uploads\/sites\/2\/2019\/12\/recorte-solidaridad-obrera-20-12-1932.jpg\"><img loading=\"lazy\" decoding=\"async\" class=\"wp-image-1848\" src=\"http:\/\/vitoria.cnt.es\/mh\/wp-content\/uploads\/sites\/2\/2019\/12\/recorte-solidaridad-obrera-20-12-1932-300x261.jpg\" alt=\"Recorte Solidaridad Obrera 20-12-1932\" title=\"Recorte Solidaridad Obrera 20-12-1932\" width=\"450\" height=\"391\" srcset=\"https:\/\/vitoria.cnt.es\/mh\/wp-content\/uploads\/sites\/2\/2019\/12\/recorte-solidaridad-obrera-20-12-1932-300x261.jpg 300w, https:\/\/vitoria.cnt.es\/mh\/wp-content\/uploads\/sites\/2\/2019\/12\/recorte-solidaridad-obrera-20-12-1932-184x160.jpg 184w, https:\/\/vitoria.cnt.es\/mh\/wp-content\/uploads\/sites\/2\/2019\/12\/recorte-solidaridad-obrera-20-12-1932-24x21.jpg 24w, https:\/\/vitoria.cnt.es\/mh\/wp-content\/uploads\/sites\/2\/2019\/12\/recorte-solidaridad-obrera-20-12-1932-36x31.jpg 36w, https:\/\/vitoria.cnt.es\/mh\/wp-content\/uploads\/sites\/2\/2019\/12\/recorte-solidaridad-obrera-20-12-1932-48x42.jpg 48w, https:\/\/vitoria.cnt.es\/mh\/wp-content\/uploads\/sites\/2\/2019\/12\/recorte-solidaridad-obrera-20-12-1932.jpg 550w\" sizes=\"auto, (max-width: 450px) 100vw, 450px\" \/><\/a><figcaption id=\"caption-attachment-1848\" class=\"wp-caption-text\">Recorte de <em>Solidaridad Obrera<\/em>, 20 de diciembre de 1932<\/figcaption><\/figure>\n<p>A mediados de diciembre el Sindicato \u00danico tuvo que hacer frente a las maniobras comunistas<a class=\"enlaceNotaAlPie\" href=\"#nota8\" name=\"enlaceNota8\"><sup>8<\/sup><\/a> que vali\u00e9ndose de un afiliado al grupo, miembro del Comit\u00e9 Local de CNT, hab\u00eda acordado un acto p\u00fablico de controversia entre comunistas y CNT. <em>Solidaridad Obrera<\/em> explic\u00f3 lo sucedido y valor\u00f3 la decisi\u00f3n final tomada como \u201cUn ejemplo a imitar\u201d. Escrib\u00edan: Los obreros de la CNT rechazan controversia con los comunistas estatales&#8230;inicialmente se acept\u00f3 por el Comit\u00e9 Local y cuando se iban a concretar d\u00eda y lugar, la Asamblea ha desautorizado al Comit\u00e9 con el argumento de \u201cno entablar pol\u00e9micas con grupos que representan a una insignificante y despreciable minor\u00eda de arribistas\u201d&#8230;que con estos actos \u201cjustifican ante la central Sindical Roja una actividad y un gasto que no realizan\u201d. En un segundo art\u00edculo publicado una semana m\u00e1s tarde y firmada por la Comisi\u00f3n se declaraba que el acuerdo de participar en la controversia ven\u00eda de \u201cun miembro del Comit\u00e9 Local, solo de uno, que ha sido desautorizado por la Asamblea de la CNT, que la CNT est\u00e1 dispuesta a controversias con el PCE y con todos los dem\u00e1s organismos pol\u00edticos existentes en la ciudad, que estos actos deber\u00e1n ser p\u00fablicos y para expresar ideas y t\u00e1cticas en pro de la revoluci\u00f3n proletaria, que para ello crean esta comisi\u00f3n encargada de organizar y desarrollar los actos a la que puede encontrase en la sede de la CNT, Pintorer\u00eda 19.\u201d As\u00ed sucedi\u00f3, en marzo se acept\u00f3 un acto p\u00fablico de controversia con los comunistas, que fue prohibido por el gobernador alegando posibles alteraciones del orden p\u00fablico<a class=\"enlaceNotaAlPie\" href=\"#nota9\" name=\"enlaceNota9\"><sup>9<\/sup><\/a>.<\/p>\n<p>La prensa inici\u00f3 el a\u00f1o de 1933 desayun\u00e1ndose con m\u00e1s dinamita y explosivos. Tanto <em>Pensamiento Alav\u00e9s<\/em> (5-1-1933) como <em>La Vanguardia<\/em> (6-1-1933), \u00e9ste m\u00e1s extensamente, se ocupaban del hallazgo de explosivos (3 bombas y metralla), que relacionaban con el anterior hallazgo de diciembre en el campo de Arana<a class=\"enlaceNotaAlPie\" href=\"#nota10\" name=\"enlaceNota10\"><sup>10<\/sup><\/a>.<\/p>\n<p>Por otro lado la CNT en su globalidad volcada a huelgas generales e insurreccionales, desencadena una en enero. Pese a que su eco en Vitoria fue escaso, el poncio de turno Rufino Garc\u00eda Larrache<a class=\"enlaceNotaAlPie\" href=\"#nota11\" name=\"enlaceNota11\"><sup>11<\/sup><\/a> am\u00e9n de tomar precauciones se mostr\u00f3 locuaz y amenazador: ha llegado el momento de acabar con los perturbadores, si algo sucede ser\u00e1 cortado de ra\u00edz inmediatamente&#8230;<a class=\"enlaceNotaAlPie\" href=\"#nota12\" name=\"enlaceNota12\"><sup>12<\/sup><\/a>. La cosa subi\u00f3 varios enteros a mediados de mes<a class=\"enlaceNotaAlPie\" href=\"#nota13\" name=\"enlaceNota13\"><sup>13<\/sup><\/a>. Lo que comenz\u00f3 siendo un rumor (intervenci\u00f3n por la polic\u00eda de dos cajas con bombas procedentes de Catalu\u00f1a) se fue concretando: hab\u00edan sido encontradas dos cajas vac\u00edas bajo el puente de Argando\u00f1a por un guarda de campo, las expresadas cajas hab\u00edan sido facturadas en Igualada<a class=\"enlaceNotaAlPie\" href=\"#nota14\" name=\"enlaceNota14\"><sup>14<\/sup><\/a> para entregar en la estaci\u00f3n de Andollu, hab\u00edan sido retiradas sin tal\u00f3n por dos obreros desconocidos que firmaron, un recibo circunstancial y que al haber sido halladas abiertas en el citado lugar hac\u00eda suponer, con fundamento, que conten\u00edan explosivos. Las investigaciones policiales de lo que ya se denominaba \u201ccomplot terrorista\u201d culminaron con la detenci\u00f3n en Pobes del m\u00e9dico del lugar \u00c1ngel Ruiz de Pinedo, \u201cde marcada significaci\u00f3n extremista\u201d<a class=\"enlaceNotaAlPie\" href=\"#nota15\" name=\"enlaceNota15\"><sup>15<\/sup><\/a> al que se ocuparon \u201cuna pistola, recientemente engrasada, de nueve tiros, cuatro cargadores completos\u201d y \u201cdocumentos important\u00edsimos\u201d. A las pocas horas sobrevino el hallazgo de 63 bombas, 59 cartuchos, una caja de c\u00e1psulas, 5 cargadores, 3 botes llenos de p\u00f3lvora, pistones, varios petardos e importantes documentos&#8230;en el domicilio sito en la calle Correr\u00eda de otro conocido militante, Mariano Guti\u00e9rrez<a class=\"enlaceNotaAlPie\" href=\"#nota16\" name=\"enlaceNota16\"><sup>16<\/sup><\/a>, que fue detenido y encarcelado. Al campo de lo anecd\u00f3tico, oportunista y propagandista, pertenece la propuesta del jefe de polic\u00eda Castro de fundir las bombas y destinar el importe del material a satisfacer los jornales de los obreros, bien recibida por el alcalde y el gobernador (efectivamente fueron fundidas en la fundici\u00f3n de Carlos F\u00e1bregas). La polic\u00eda asegura que hay m\u00e1s bombas escondidas en algunas casas<a class=\"enlaceNotaAlPie\" href=\"#nota17\" name=\"enlaceNota17\"><sup>17<\/sup><\/a>.<\/p>\n<p>La represi\u00f3n contra los libertarios no ces\u00f3 en los meses siguientes si atendemos a las noticias de la prensa y a los datos que se desprenden del libro de detenidos de la c\u00e1rcel. En febrero se prende a Emilio Ibisate y Gerardo Garc\u00eda, queri\u00e9ndoles atribuir un atraco<a class=\"enlaceNotaAlPie\" href=\"#nota18\" name=\"enlaceNota18\"><sup>18<\/sup><\/a>, se denuncia en Alegr\u00eda a cinco j\u00f3venes venidos de Murgu\u00eda por recorrer las calles dando vivas al comunismo libertario y se arresta en Vitoria a Dionisio L\u00f3pez, acus\u00e1ndolo de excitaci\u00f3n a la rebeli\u00f3n por proferir vivas al comunismo libertario en presencia de diez soldados<a class=\"enlaceNotaAlPie\" href=\"#nota19\" name=\"enlaceNota19\"><sup>19<\/sup><\/a>. En marzo se juzga a los procesados por el asunto de los explosivos de Arana detenidos en diciembre que condena a Domingo Mart\u00ednez de Anto\u00f1ana a dieciocho meses y absuelve a su hermano, veredicto que el peri\u00f3dico de la derecha tradicionalista <em>Pensamiento Alav\u00e9s<\/em> divulga a toda plana con este <em>ecu\u00e1nime<\/em> encabezamiento \u201cEs absuelto uno de los procesados por el hallazgo de explosivos en el Campo de Arana\u201d, mientras <em>La Vanguardia<\/em> prefiere destacar las circunstancias \u201clos elementos sindicalistas que llenaban la sala, al escuchar la culpabilidad para Domingo, prorrumpieron en rumores de protesta, que logr\u00f3 acallar el presidente. A la salida del procesado, los guardias de asalto se vieron obligados a arremeter contra la multitud\u201d.<a class=\"enlaceNotaAlPie\" href=\"#nota20\" name=\"enlaceNota20\"><sup>20<\/sup><\/a> Se mantiene en prisi\u00f3n del uno de marzo al siete de abril a media docena de j\u00f3venes anarquistas acus\u00e1ndoles de robo<a class=\"enlaceNotaAlPie\" href=\"#nota21\" name=\"enlaceNota21\"><sup>21<\/sup><\/a>, la cuesti\u00f3n ven\u00eda de los asaltos a tiendas de alimentos en noviembre.<\/p>\n<figure id=\"attachment_1844\" aria-describedby=\"caption-attachment-1844\" style=\"width: 450px\" class=\"wp-caption alignleft\"><a href=\"http:\/\/vitoria.cnt.es\/mh\/wp-content\/uploads\/sites\/2\/2019\/12\/casas-viejas-1933-guardia-asalto-guardia-civil.jpg\"><img loading=\"lazy\" decoding=\"async\" class=\"wp-image-1844\" src=\"http:\/\/vitoria.cnt.es\/mh\/wp-content\/uploads\/sites\/2\/2019\/12\/casas-viejas-1933-guardia-asalto-guardia-civil-300x203.jpg\" alt=\"Guardias de Asalto y Guardia Civil en Casas Viejas en 1933\" title=\"Guardias de Asalto y Guardias Civiles en Casas Viejas en 1933\" width=\"450\" height=\"304\" srcset=\"https:\/\/vitoria.cnt.es\/mh\/wp-content\/uploads\/sites\/2\/2019\/12\/casas-viejas-1933-guardia-asalto-guardia-civil-300x203.jpg 300w, https:\/\/vitoria.cnt.es\/mh\/wp-content\/uploads\/sites\/2\/2019\/12\/casas-viejas-1933-guardia-asalto-guardia-civil-768x519.jpg 768w, https:\/\/vitoria.cnt.es\/mh\/wp-content\/uploads\/sites\/2\/2019\/12\/casas-viejas-1933-guardia-asalto-guardia-civil-700x473.jpg 700w, https:\/\/vitoria.cnt.es\/mh\/wp-content\/uploads\/sites\/2\/2019\/12\/casas-viejas-1933-guardia-asalto-guardia-civil-600x406.jpg 600w, https:\/\/vitoria.cnt.es\/mh\/wp-content\/uploads\/sites\/2\/2019\/12\/casas-viejas-1933-guardia-asalto-guardia-civil-237x160.jpg 237w, https:\/\/vitoria.cnt.es\/mh\/wp-content\/uploads\/sites\/2\/2019\/12\/casas-viejas-1933-guardia-asalto-guardia-civil-24x16.jpg 24w, https:\/\/vitoria.cnt.es\/mh\/wp-content\/uploads\/sites\/2\/2019\/12\/casas-viejas-1933-guardia-asalto-guardia-civil-36x24.jpg 36w, https:\/\/vitoria.cnt.es\/mh\/wp-content\/uploads\/sites\/2\/2019\/12\/casas-viejas-1933-guardia-asalto-guardia-civil-48x32.jpg 48w, https:\/\/vitoria.cnt.es\/mh\/wp-content\/uploads\/sites\/2\/2019\/12\/casas-viejas-1933-guardia-asalto-guardia-civil.jpg 800w\" sizes=\"auto, (max-width: 450px) 100vw, 450px\" \/><\/a><figcaption id=\"caption-attachment-1844\" class=\"wp-caption-text\">Los ejecutores, Guardias de Asalto y Guardia Civil en Casas Viejas, 1933<\/figcaption><\/figure>\n<p>En abril se quejan los presos. Dice <em>La Vanguardia<\/em><a class=\"enlaceNotaAlPie\" href=\"#nota22\" name=\"enlaceNota22\"><sup>22<\/sup><\/a>: La polic\u00eda ha recogido unas hojas clandestinas que se hallaban esparcidas por la calle de Santa Mar\u00eda. Estaban escritas en una multicopista e iban firmadas por la Federaci\u00f3n Local de Grupos Anarquistas. Se censura en ellas el r\u00e9gimen, alimenticio que tienen en las c\u00e1rceles los presos por delitos y faltas sociales, por lo que se han visto obligados a declarar la huelga del hambre. Terminan con insultos al r\u00e9gimen. Dos d\u00edas antes <em>Solidaridad Obrera<\/em><a class=\"enlaceNotaAlPie\" href=\"#nota23\" name=\"enlaceNota23\"><sup>23<\/sup><\/a>, 18-4-1933, art\u00edculo titulado \u201cLos presos de la c\u00e1rcel de Vitoria declaran la huelga de hambre\u201d dice que son 18, que presentan unas peticiones de \u00edndole moral y el director castiga a los dos primeros firmantes con el ingreso en celdas de castigo lo cual junto con la crueldad de un funcionario, desencadena la solidaridad, materializada en la huelga de hambre. El d\u00eda 21 del mismo mes <em>Pensamiento Alav\u00e9s<\/em> descarta los rumores de huelga general del Sindicato \u00danico en solidaridad con los presos en huelga de hambre porque han cejado en ella al obtener sus reivindicaciones en el r\u00e9gimen interno. A fines del mentado mes se detiene a dos j\u00f3venes afilados al Sindicato \u00danico<a class=\"enlaceNotaAlPie\" href=\"#nota24\" name=\"enlaceNota24\"><sup>24<\/sup><\/a> por repartir hojas clandestinas entre los soldados y a dos m\u00e1s por motivos no precisados<a class=\"enlaceNotaAlPie\" href=\"#nota25\" name=\"enlaceNota25\"><sup>25<\/sup><\/a> pero seguramente en relaci\u00f3n con los incidentes del 22 de abril en el transcursos de un mitin socialista en el que hubo varios heridos<a class=\"enlaceNotaAlPie\" href=\"#nota26\" name=\"enlaceNota26\"><sup>26<\/sup><\/a> y se escucharon gritos a favor de los campesinos asesinados en Casas Viejas. El incidente dio lugar a una pol\u00e9mica en las p\u00e1ginas de <em>La Libertad<\/em> entre el socialista Jos\u00e9 Marcos y el confederal Daniel Orille, valiosa para conocer las relaciones entre socialistas y confederales<a class=\"enlaceNotaAlPie\" href=\"#nota27\" name=\"enlaceNota27\"><sup>27<\/sup><\/a>. Orille respondiendo a las insidias (connivencias con los tradicionalistas) de Marcos justifica la actitud de los confederales respecto al Psoe (abusan del poder, clausuran sedes, encarcelan, detienen gubernativamente, persiguen la prensa, aprueban leyes represivas), combate la pol\u00edtica reaccionaria y represiva de los socialistas, manifiesta la desigualdad en el trato a los presos, reitera que el bienestar obrero pasa por sacudirse de sus espaldas a los ap\u00f3stoles pol\u00edticos y asumir el comunismo libertario y el sindicalismo y recuerda que los m\u00edtines de CNT no puede interrumpirlos nadie porque se permite que los opositores intervengan y demuestren sus errores.<\/p>\n<p>Respecto a lo que suele llamarse \u201cvida org\u00e1nica\u201d del sindicato contamos con una noticia publicada en <em>Sindicalismo<\/em><a class=\"enlaceNotaAlPie\" href=\"#nota28\" name=\"enlaceNota28\"><sup>28<\/sup><\/a> ese mes de mayo que de ser cierta deja en entredicho el supuesto predomino fa\u00edsta, en desdoro del sindicalismo, en Vitoria. Escriben que al Congreso (Pleno) Regional de la Norte de 29-30 de abril de 1933 no asisten ni \u00c1lava ni Tolosa, seg\u00fan San Sebasti\u00e1n debido a las discrepancias que existen en CNT. Podr\u00eda tratarse de una informaci\u00f3n interesada, incluso falsa, en el marco de la lucha entre fa\u00edstas y treintistas, pero a falta de mayores concreciones, tambi\u00e9n puede tener un fondo de verdad si echando la vista atr\u00e1s recordamos que a fines de 1931 La Regional Norte se dirigi\u00f3 a los redactores de <em>El Luchador<\/em> (portavoz de la familia Urales y del anarquismo m\u00e1s radical y entregado a una feroz contienda contra los sindicalistas de CNT) comunic\u00e1ndoles que \u201cNuestra Comarcal de Guip\u00fazcoa-\u00c1lava, en reciente comunicaci\u00f3n, nos dice que vuestra campa\u00f1a contra determinadas actitudes del Comit\u00e9 Nacional de la organizaci\u00f3n confederal, la considera un tanto fuera de tono y que ser\u00eda de desear, para bien de la organizaci\u00f3n, expusierais las quejas que pudierais tener a este respecto en las Asambleas de vuestros sindicatos antes de dar las cosas a la publicidad, donde tanto da\u00f1o causan a unos y a otros\u201d<a class=\"enlaceNotaAlPie\" href=\"#nota29\" name=\"enlaceNota29\"><sup>29<\/sup><\/a>. Pero las posibles dudas desaparecen con la publicaci\u00f3n de largo art\u00edculo publicado en el diario <em>CNT<\/em> de diez de junio de ese mismo a\u00f1o de 1933 firmado por el Comit\u00e9 Comarcal de la CNT de \u00c1lava en el que se condena sin paliativos el treintismo<a class=\"enlaceNotaAlPie\" href=\"#nota30\" name=\"enlaceNota30\"><sup>30<\/sup><\/a>.<\/p>\n<figure id=\"attachment_1858\" aria-describedby=\"caption-attachment-1858\" style=\"width: 300px\" class=\"wp-caption alignright\"><a href=\"http:\/\/vitoria.cnt.es\/mh\/wp-content\/uploads\/sites\/2\/2019\/12\/recorte-la-libertad-18-8-1933.jpg\"><img loading=\"lazy\" decoding=\"async\" class=\"wp-image-1858\" src=\"http:\/\/vitoria.cnt.es\/mh\/wp-content\/uploads\/sites\/2\/2019\/12\/recorte-la-libertad-18-8-1933-220x700.jpg\" alt=\"Recorte La Libertad 18-8-1933\" title=\"Recorte La Libertad 18-8-1933\" width=\"300\" height=\"957\" srcset=\"https:\/\/vitoria.cnt.es\/mh\/wp-content\/uploads\/sites\/2\/2019\/12\/recorte-la-libertad-18-8-1933-94x300.jpg 94w, https:\/\/vitoria.cnt.es\/mh\/wp-content\/uploads\/sites\/2\/2019\/12\/recorte-la-libertad-18-8-1933-188x600.jpg 188w, https:\/\/vitoria.cnt.es\/mh\/wp-content\/uploads\/sites\/2\/2019\/12\/recorte-la-libertad-18-8-1933-50x160.jpg 50w, https:\/\/vitoria.cnt.es\/mh\/wp-content\/uploads\/sites\/2\/2019\/12\/recorte-la-libertad-18-8-1933-11x36.jpg 11w, https:\/\/vitoria.cnt.es\/mh\/wp-content\/uploads\/sites\/2\/2019\/12\/recorte-la-libertad-18-8-1933-15x48.jpg 15w, https:\/\/vitoria.cnt.es\/mh\/wp-content\/uploads\/sites\/2\/2019\/12\/recorte-la-libertad-18-8-1933.jpg 270w\" sizes=\"auto, (max-width: 300px) 100vw, 300px\" \/><\/a><figcaption id=\"caption-attachment-1858\" class=\"wp-caption-text\">Recorte <em>La Libertad<\/em>, 18 de agosto de 1933<\/figcaption><\/figure>\n<p>La huelga general revolucionaria de 48 horas convocada por la CNT en todo el pa\u00eds a partir del 9 de mayo en esta ocasi\u00f3n s\u00ed fue seguida en Vitoria<a class=\"enlaceNotaAlPie\" href=\"#nota31\" name=\"enlaceNota31\"><sup>31<\/sup><\/a> con las ya esperables precauciones y actuaciones de las autoridades: clausura del Sindicato \u00danico, comit\u00e9 de huelga aprehendido, m\u00e1s de centenar y medio de detenciones, polic\u00edas de todo tipo en gran n\u00famero en la calle (guardias de asalto y seguridad, m\u00e1s de 200 guardias civiles), oposici\u00f3n decidida por parte de STV, Cat\u00f3licos y UGT, pese a lo cual su incidencia a nivel laboral fue notable (paro mayoritario en Ajuria, Sierras Alavesas, Laza, Aranz\u00e1bal, Eguino y otras muchas empresas, sabotajes en el ferrocarril). Entre los detenidos y encarcelados (en esta ocasi\u00f3n, tambi\u00e9n una docena de mujeres) estos nombres: Daniel Garc\u00eda Alb\u00e9niz, Gregorio Nanclares y Sebasti\u00e1n Lacha (los tres acusados de disparos), Domingo \u00c1lvarez, Luis Angulo, \u00c1ngel Garc\u00eda, Francisco Hermua, Isidro Quintanilla, Santiago Sarralde, Regino Soroz\u00e1bal, F\u00e9lix P\u00e9rez, Esteban, Mariano y Pedro Uriarte, \u00c1ngel Virumbrales, P\u00edo Casado, Francisco Apell\u00e1niz, Valent\u00edn Ruiz, Andr\u00e9s Sarrate, Leonor Fern\u00e1ndez, Carmen Alegr\u00eda, Mar\u00eda Cruz Gamones, Luisa Luzuriaga, Balbina Mesanza, Juana Mesanza, Pilar Moros, Petra Ochoa, Dolores Ruiz, Blanca Uriarte y Juliana Uriarte.<\/p>\n<p>A lo largo de junio la tensi\u00f3n entre la CNT y las autoridades republicanas se redujo y a fines de mes se levant\u00f3 el cierre de la sede del sindicato<a class=\"enlaceNotaAlPie\" href=\"#nota32\" name=\"enlaceNota32\"><sup>32<\/sup><\/a>. La CNT volv\u00eda a la legalidad republicana. A mediados de julio estaba se\u00f1alado el juicio oral contra Isaac Puente, por tenencia il\u00edcita de armas, que qued\u00f3 en nada: se suspendi\u00f3 al no aparecer las supuestas armas<a class=\"enlaceNotaAlPie\" href=\"#nota33\" name=\"enlaceNota33\"><sup>33<\/sup><\/a>.<\/p>\n<p>Inopinadamente a fines de julio (d\u00edas 22 a 25) se desencadena otra incursi\u00f3n policial contra los anarcosindicalistas, ordenada desde la Direcci\u00f3n General de Seguridad, a cuenta de un supuesto complot, redada \u201csin ton ni son\u201d con m\u00e1s de sesenta detenidos y nueva clausura del sindicato<a class=\"enlaceNotaAlPie\" href=\"#nota34\" name=\"enlaceNota34\"><sup>34<\/sup><\/a>. En agosto Daniel Orille en <em>La Libertad<\/em><a class=\"enlaceNotaAlPie\" href=\"#nota35\" name=\"enlaceNota35\"><sup>35<\/sup><\/a> protest\u00f3 contra las detenciones y contra el mantenimiento de la clausura, neg\u00f3 la existencia del complot (todos los compa\u00f1eros hab\u00edan sido liberados sin prestar declaraci\u00f3n ante el juez, prueba de que no hubo complot) y terminaba \u201cme atrevo a decir a quien corresponda, que no es el camino m\u00e1s adecuado mantener el malestar en un sector del pueblo, y menos tan poderoso como la C. N. T., porque este malestar puede traducirse en una perturbaci\u00f3n de la vida ciudadana -conste que no es amenaza- ya que no podemos contener los impulsos del que se sabe pose\u00eddo de la m\u00e1s grande raz\u00f3n, y ve atropellada esta raz\u00f3n. Tengamos paz, pero pongamos todos de nuestra parte lo que de nuestra parte est\u00e9\u201d.<\/p>\n<p>Faceta importante del a\u00f1o, al margen de petardos, bombas, dinamitas, represi\u00f3n sobre los confederales, complots y huelgas generales, cabe considerar la referida a los conflictos estrictamente laborales, derivados tanto de la crisis de trabajo como de las reivindicaciones obreras. El a\u00f1o empez\u00f3 con despidos: doscientos obreros de Eguinoa (ramo de la construcci\u00f3n) y el anuncio de cierre de la empresa saquera La Carmela (\u201cporque no le salen las cuentas\u201d)<a class=\"enlaceNotaAlPie\" href=\"#nota36\" name=\"enlaceNota36\"><sup>36<\/sup><\/a> pero fue en la segunda mitad del a\u00f1o cuando la conflictividad laboral adquiri\u00f3 relevancia y los cuatro sindicatos existentes (CNT, UGT, STV y Cat\u00f3licos) contrastaron sus fuerzas, unas veces aparentemente unidos, otras en abierta conflagraci\u00f3n. Ajuria, Sierras Alavesas y Aranz\u00e1bal, tres empresas relevantes del ramo metal\u00fargico se vieron afectadas.<\/p>\n<p>La huelga en la empresa Ajuria<a class=\"enlaceNotaAlPie\" href=\"#nota37\" name=\"enlaceNota37\"><sup>37<\/sup><\/a>, com\u00fanmente conocida como la Metal\u00fargica, la de m\u00e1s envergadura de la provincia, se extendi\u00f3 a lo largo de las dos primeras semanas. Se inici\u00f3 por el despido de dos pintores que hab\u00edan solicitado mejoras en la ropa de trabajo, tom\u00f3 vuelo (m\u00e1s de cuatrocientos huelguistas), no se llegaron a reunir los representantes de patronal y trabajadores (jurado mixto) por ausencia de los obreros ante lo cual quiso terciar el gobernador. El conflicto tom\u00f3 un aire un tanto peculiar: huelga de brazos ca\u00eddos: se entraba en la f\u00e1brica pero no se trabajaba y adem\u00e1s se negaban a abandonar las naves. Las abandonaron solo cuando el gobernador envi\u00f3 fuerzas de asalto. Lo que naci\u00f3 como un problema de \u00edndole menor y reducido a los pintores se convirti\u00f3 en toda una tabla reivindicativa de amplitud general: implantaci\u00f3n del salario familiar (aumento de una peseta a los obreros casados y cincuenta c\u00e9ntimos por cada hijo), revisi\u00f3n de categor\u00edas, participaci\u00f3n en los beneficios, socorro de los enfermos, mejoramiento de duchas y lavabos y duchas, rechazo de horas extraordinarias y en caso de crisis de trabajo reducci\u00f3n de la jornada a tres d\u00edas antes que despedir personal. La intervenci\u00f3n del Gobernador ordenando la readmisi\u00f3n de los dos despedidos y el pago de los d\u00edas no trabajados a los huelguistas, llegaba tarde: los obreros no quisieron cobrar. El Gobernador y la direcci\u00f3n de la f\u00e1brica propusieron se buscara un \u00e1rbitro en lugar del jurado mixto, pero la comisi\u00f3n de huelga rechaz\u00f3 tanto los jurados mixtos como el arbitraje del gobernador y consideraba rotas las relaciones con la direcci\u00f3n. Se enconaba el conflicto: el director gerente Seraf\u00edn Ajuria participaba el cierre de la f\u00e1brica a partir del d\u00eda ocho hasta que se solucionara el conflicto. Una y otra parte se cruzaban escritos en la prensa local. Se reun\u00edan STV, Cat\u00f3licos y UGT, acusaban a CNT de emplear la acci\u00f3n directa y el d\u00eda trece se dio por terminado el conflicto: el asunto se someter\u00eda a los jurados mixtos, se readmit\u00eda a los dos despedidos y se abonaba a todos cuatro d\u00edas de jornal. No se volvi\u00f3 a hablar de la tabla reivindicativa. Qued\u00f3 claro que por encima de todo se trataba de aislar al Sindicato \u00danico. En ello coincid\u00edan patronal, gobernador y los tres sindicatos. La sensaci\u00f3n que se saca es que el Sindicato \u00danico hab\u00eda perdido fuerza porque parte de los trabajadores hab\u00eda ca\u00eddo en el conformismo y no se prestaba a la lucha.<\/p>\n<p>El segundo conflicto relevante surgi\u00f3 a fines de septiembre en la segunda empresa m\u00e1s importante de la ciudad, Sierras Alavesas, propiedad de Manuel Peci\u00f1a.<a class=\"enlaceNotaAlPie\" href=\"#nota38\" name=\"enlaceNota38\"><sup>38<\/sup><\/a> El conflicto ten\u00eda otras motivaciones, derivadas de la crisis econ\u00f3mica. Se trataba de reducir la jornada semanal de trabajo. Los contactos entre trabajadores y patronal no fructicaban, intervino el delegado de trabajo, pero su propuesta (dar trabajo tres d\u00edas y medio a los que trabajaban en la fundici\u00f3n y cinco a los dem\u00e1s obreros) fue rechazada por la asamblea de trabajadores y ni corto ni perezoso el se\u00f1or Peci\u00f1a cerr\u00f3 la f\u00e1brica y despidi\u00f3 a todos los trabajadores (unos doscientos). A fines de diciembre, cumplidos tres meses de paro, el conflicto segu\u00eda vivo<a class=\"enlaceNotaAlPie\" href=\"#nota39\" name=\"enlaceNota39\"><sup>39<\/sup><\/a>, la comisi\u00f3n obrera manten\u00eda estas reivindicaciones: cinco d\u00edas de trabajo en tornos y ajustaje, cuatro d\u00edas en el resto, abono de los jornales perdidos desde el 26 de septiembre.<\/p>\n<figure id=\"attachment_1847\" aria-describedby=\"caption-attachment-1847\" style=\"width: 450px\" class=\"wp-caption alignleft\"><a href=\"http:\/\/vitoria.cnt.es\/mh\/wp-content\/uploads\/sites\/2\/2019\/12\/vitoria-fabrica-ajuria-hacia-1930.jpg\"><img loading=\"lazy\" decoding=\"async\" class=\"wp-image-1847\" src=\"http:\/\/vitoria.cnt.es\/mh\/wp-content\/uploads\/sites\/2\/2019\/12\/vitoria-fabrica-ajuria-hacia-1930-300x201.jpg\" alt=\"F\u00e1brica Ajuria de Vitoria hacia 1930\" title=\"F\u00e1brica Ajuria de Vitoria hacia 1930\" width=\"450\" height=\"302\" srcset=\"https:\/\/vitoria.cnt.es\/mh\/wp-content\/uploads\/sites\/2\/2019\/12\/vitoria-fabrica-ajuria-hacia-1930-300x201.jpg 300w, https:\/\/vitoria.cnt.es\/mh\/wp-content\/uploads\/sites\/2\/2019\/12\/vitoria-fabrica-ajuria-hacia-1930-600x403.jpg 600w, https:\/\/vitoria.cnt.es\/mh\/wp-content\/uploads\/sites\/2\/2019\/12\/vitoria-fabrica-ajuria-hacia-1930-238x160.jpg 238w, https:\/\/vitoria.cnt.es\/mh\/wp-content\/uploads\/sites\/2\/2019\/12\/vitoria-fabrica-ajuria-hacia-1930-24x16.jpg 24w, https:\/\/vitoria.cnt.es\/mh\/wp-content\/uploads\/sites\/2\/2019\/12\/vitoria-fabrica-ajuria-hacia-1930-36x24.jpg 36w, https:\/\/vitoria.cnt.es\/mh\/wp-content\/uploads\/sites\/2\/2019\/12\/vitoria-fabrica-ajuria-hacia-1930-48x32.jpg 48w, https:\/\/vitoria.cnt.es\/mh\/wp-content\/uploads\/sites\/2\/2019\/12\/vitoria-fabrica-ajuria-hacia-1930.jpg 699w\" sizes=\"auto, (max-width: 450px) 100vw, 450px\" \/><\/a><figcaption id=\"caption-attachment-1847\" class=\"wp-caption-text\">F\u00e1brica Ajuria de Vitoria hacia 1930<\/figcaption><\/figure>\n<p>Dos art\u00edculos aparecidos a principios de noviembre en <em>Solidaridad Obrera<\/em>, firmados por el corresponsal en Vitoria (con casi plena seguridad Daniel Orille) nos sirven para conocer la visi\u00f3n que ten\u00eda la organizaci\u00f3n confederal vitoriana de lo que estaba sucediendo en Ajuria y Sierras Alavesas<a class=\"enlaceNotaAlPie\" href=\"#nota40\" name=\"enlaceNota40\"><sup>40<\/sup><\/a>. En el primero titulado \u201c<em>A toda la organizaci\u00f3n y especialmente a las regionales de Arag\u00f3n y Andaluc\u00eda<\/em>\u201d, alud\u00eda al conflicto de Sierras alavesas a\u00fan no resuelto, y al que se avecinaba en Ajuria (\u201cnos provoca\u201d). Afirma que la lucha en Vitoria es especialmente dura y dif\u00edcil porque adem\u00e1s de la patronal tenemos enfrente a los socialistas, STV (\u201cnuevo Sindicato Libre\u201d) y los Sindicatos Cat\u00f3licos, todos en defensa del patr\u00f3n. Dice que Ajuria quiere imponer un ominoso contrato de trabajo y un denigrante trabajo a primas y la disyuntiva es: o aceptamos triplicar la producci\u00f3n o ser\u00e1 reducida la jornada a tres d\u00edas y despedidos los que la empresa tenga a bien. Por denunciar todo ello han sido despedidos los compa\u00f1eros Valent\u00edn Garc\u00eda, Nicasio de Marcos y Abundio P\u00e9rez, despidos con los que se quer\u00eda forzar una huelga de tres meses (que le viene bien a la empresa) y de paso seleccionar al personal y aplicar sus planes. El peri\u00f3dico nacionalista <em>Euskadi<\/em> anunci\u00f3 falsamente, siguiendo las directrices de la empresa y de STV, que se hab\u00eda iniciado la huelga. La maniobra se vio clara y no se acept\u00f3 la lucha en esa direcci\u00f3n. Termina el escrito pidiendo ayuda a las citadas regionales: atentas para cuando se les pida que las m\u00e1quinas de Ajuria no trabajen en el campo. En un segundo art\u00edculo titulado \u201c<em>El Sindicato Metal\u00fargico declara el boicot a la casa Ajuria<\/em>\u201d pide a los trabajadores de Espa\u00f1a y Portugal que apliquen \u201cel m\u00e1s rigurosos boicot a las m\u00e1quinas agr\u00edcolas de la referida casa&#8230;\u201d y comenta que tras la expulsi\u00f3n de los tres compa\u00f1eros el Sindicato Metal\u00fargico asumi\u00f3 el conflicto, comunic\u00f3 a la empresa que no aceptaba los despidos y la empresa respondi\u00f3 desentendi\u00e9ndose del litigio. El comit\u00e9 por acuerdo de las asambleas, le ha hecho saber que el litigio no ha terminado, sino que comienza ahora y le presenta estas bases: 1-Readmisi\u00f3n de los despedidos y pago de jornales, 2-Reconocimiento del Sindicato, 3-Expulsi\u00f3n del jefe Iturrioz, como m\u00e1ximo responsable del conflicto. Finalmente pide que se impida a las m\u00e1quinas de Sierras Alavesas y Ajuria trabajar la tierra.<\/p>\n<p>Un tercer conflicto se plante\u00f3 a fines de noviembre en la empresa Aranz\u00e1bal<a class=\"enlaceNotaAlPie\" href=\"#nota41\" name=\"enlaceNota41\"><sup>41<\/sup><\/a> ligado al conflicto de Sierras Alavesas. Un obrero, digno en alto grado, se neg\u00f3 a fundir una pieza alegando que era de Sierras Alavesas, empresa en pleno y largo conflicto. Su negativa acarre\u00f3 su despido. Encontr\u00f3 el apoyo solidario de sus compa\u00f1eros y se inici\u00f3 una huelga con tres peticiones: anulaci\u00f3n de la elaboraci\u00f3n de esa pieza, readmisi\u00f3n del despedido y abono de los jornales perdidos. A mediados de diciembre se dio el conflicto por solucionado en t\u00e9rminos que desconocemos.<\/p>\n<p align=\"right\"><em>Miguel \u00cd\u00f1iguez y Juan G\u00f3mez Per\u00edn<\/em><\/p>\n<hr \/>\n<p><span class=\"notaAlPie\"><a class=\"destinoNotaAlPie\" href=\"#enlaceNota1\" name=\"nota1\"><sup>1<\/sup><\/a> <em>La Vanguardia<\/em>, 12-10-1932.<\/span><\/p>\n<p><span class=\"notaAlPie\"><a class=\"destinoNotaAlPie\" href=\"#enlaceNota2\" name=\"nota2\"><sup>2<\/sup><\/a> Nacido en Vitoria en 1912. Confederal como sus hermanos, decorador de oficio. Detenido en Vitoria en diciembre de 1930 en el transcurso de la huelga general de apoyo a la sublevaci\u00f3n de Jaca. Fusilado en Tolosa (Guip\u00fazcoa), 12-8-1936. V\u00e9ase <em>Enciclopedia del anarquismo ib\u00e9rico<\/em> (Vitoria, AIP, 2018). De su liberaci\u00f3n informaba Isaac Puente en <em>Solidaridad Obrera<\/em>, 4-11-1932.<\/span><\/p>\n<p><span class=\"notaAlPie\"><a class=\"destinoNotaAlPie\" href=\"#enlaceNota3\" name=\"nota3\"><sup>3<\/sup><\/a> <em>ABC<\/em>, 11-12-1932.<\/span><\/p>\n<p><span class=\"notaAlPie\"><a class=\"destinoNotaAlPie\" href=\"#enlaceNota4\" name=\"nota4\"><sup>4<\/sup><\/a> <em>La Vanguardia<\/em>, 4-11-1932.<\/span><\/p>\n<p><span class=\"notaAlPie\"><a class=\"destinoNotaAlPie\" href=\"#enlaceNota5\" name=\"nota5\"><sup>5<\/sup><\/a> <em>La Vanguardia<\/em>, 26-11-1932.<\/span><\/p>\n<p><span class=\"notaAlPie\"><a class=\"destinoNotaAlPie\" href=\"#enlaceNota6\" name=\"nota6\"><sup>6<\/sup><\/a> <em>La Libertad<\/em>, 5-12-1932 y 6-12-1932.<\/span><\/p>\n<p><span class=\"notaAlPie\"><a class=\"destinoNotaAlPie\" href=\"#enlaceNota7\" name=\"nota7\"><sup>7<\/sup><\/a> <em>La Libertad<\/em>, 15-7-1933.- <em>La Vanguardia<\/em>, 15-7-1933, 16-7-1933, 19-7-1933, 2-8-1933.- <em>Pensamiento Alav\u00e9s<\/em>, 21-7-1933.<\/span><\/p>\n<p><span class=\"notaAlPie\"><a class=\"destinoNotaAlPie\" href=\"#enlaceNota8\" name=\"nota8\"><sup>8<\/sup><\/a> <em>ABC<\/em>, 17-12-1932.- <em>Solidaridad Obrera<\/em>, 20-12-1932 y 28-12-1932.<\/span><\/p>\n<p><span class=\"notaAlPie\"><a class=\"destinoNotaAlPie\" href=\"#enlaceNota9\" name=\"nota9\"><sup>9<\/sup><\/a> <em>ABC<\/em>, 23-3-1933.<\/span><\/p>\n<p><span class=\"notaAlPie\"><a class=\"destinoNotaAlPie\" href=\"#enlaceNota10\" name=\"nota10\"><sup>10<\/sup><\/a> <em>La Vanguardia<\/em> escrib\u00eda, 6-1-1933: El nuevo hallazgo de bombas verificado esta ma\u00f1ana, est\u00e1 siendo objeto de generales comentarios y aventuradas suposiciones. En un solar pr\u00f3ximo al Campo de la Arana, donde hace d\u00edas fueron desenterradas pistolas y explosivos, solar destinado a almacenar madera, el due\u00f1o de \u00e9sta realiz\u00f3 una operaci\u00f3n para separar unos tablones, que le fueron encargados por un fabricante de muebles, y se dio cuenta de que ocultos entre la madera hab\u00eda bombas. Avis\u00f3 a la guardia municipal y a la polic\u00eda, que se incautaron de tres de aquellas, provistas de mecha, de tama\u00f1o 15, 16 y 17 cent\u00edmetros, cil\u00edndricas, con 10 cent\u00edmetros de di\u00e1metro y un saco de tornillos y otra bomba dentro, todo ello envuelto en un ejemplar de <em>La Tierra<\/em>. Se dio cuenta al juzgado, que dispuso fuesen enviadas al Parque de Artiller\u00eda. Se supone con fundamento que existen m\u00e1s bombas en otros lugares de las afueras. Por tal supuesto, la polic\u00eda practica registros.<\/span><\/p>\n<p><span class=\"notaAlPie\"><a class=\"destinoNotaAlPie\" href=\"#enlaceNota11\" name=\"nota11\"><sup>11<\/sup><\/a> Nacido en Pamplona, 11-11-1889 y fallecido en Bayona, 17-11-1956.<\/span><\/p>\n<p><span class=\"notaAlPie\"><a class=\"destinoNotaAlPie\" href=\"#enlaceNota12\" name=\"nota12\"><sup>12<\/sup><\/a> <em>Pensamiento Alav\u00e9s<\/em>, 10-1-1933.- <em>Solidaridad Obrera<\/em>, 12-1-1933.- <em>ABC<\/em>, 13-1-1933.<\/span><\/p>\n<p><span class=\"notaAlPie\"><a class=\"destinoNotaAlPie\" href=\"#enlaceNota13\" name=\"nota13\"><sup>13<\/sup><\/a> <em>Pensamiento Alav\u00e9s<\/em>, 16-1-1933, 20-1-1933, 21-1-1933.- <em>La Vanguardia<\/em>, 17-1-1933, 20-1-1933, 21-1-1933, 22-1-1933.- <em>ABC<\/em>, 20-1-1933, 22-1-1933.<\/span><\/p>\n<p><span class=\"notaAlPie\"><a class=\"destinoNotaAlPie\" href=\"#enlaceNota14\" name=\"nota14\"><sup>14<\/sup><\/a> La cuesti\u00f3n de \u00ablas bombas de Igualada\u00bb se convirti\u00f3 en asunto de inter\u00e9s nacional y a la hora de las concreciones apareci\u00f3 un Antonio Guill\u00e9n, nacido en Barcelona, 1898, esforzado en las cuestiones sociales desde 1917, preso en La Mola en 1920, due\u00f1o de una fundici\u00f3n en Igualada desde 1931, en la que se fabricaban bombas clandestinamente. V\u00e9ase <em>Enciclopedia del anarquismo ib\u00e9rico<\/em> (Vitoria, AIP, 2018).<\/span><\/p>\n<p><span class=\"notaAlPie\"><a class=\"destinoNotaAlPie\" href=\"#enlaceNota15\" name=\"nota15\"><sup>15<\/sup><\/a> Vitoria (\u00c1lava), 1-3-1909 \/ Vitoria, 7-5-1975. Estudi\u00f3 el bachillerato en el instituto de su ciudad natal y medicina en Oviedo (1923-1924), Barcelona (1924-1929), donde se subi\u00f3 al carro libertario, y Santiago (1929-1932, primer presidente del Sindicato de Sanidad en 1931). Ejerci\u00f3 la medicina en la localidad alavesa de Pobes desde donde se desplazaba a Maeztu (amigo de Isaac Puente) y Vitoria en bicicleta. Detenido en diferentes ocasiones y de modo relevante en enero de 1933 y el 23 de julio de 1933 en redada contra los confederales. Sublevado el fascio en 1936, fue encarcelado en Vitoria (28 de julio) y Miranda de Ebro, juzgado y condenado (29 de febrero de 1940) a tan solo cuatro a\u00f1os porque cont\u00f3 con avalistas influyentes, y se le concedi\u00f3 la libertad atenuada el 9 de febrero de 1940. Encarcelado el 23 de agosto de 1945, en redada policial que alcanz\u00f3 a una veintena de resistentes, acusado de asociaci\u00f3n il\u00edcita y propaganda ilegal, se le liber\u00f3 el 24 de noviembre y al poco tom\u00f3 el camino de Francia. Asentado en Venezuela desde el dos de septiembre de 1948 (Caracas, San Carlos y M\u00e9rida), obtuvo la nacionalidad venezolana en 1953 y trabaj\u00f3 en su profesi\u00f3n entregado sobre todo a la prevenci\u00f3n de la tuberculosis. Retorn\u00f3 a Vitoria en 1973. V\u00e9ase <em>Enciclopedia del anarquismo ib\u00e9rico<\/em> (Vitoria, AIP, 2018).<\/span><\/p>\n<p><span class=\"notaAlPie\"><a class=\"destinoNotaAlPie\" href=\"#enlaceNota16\" name=\"nota16\"><sup>16<\/sup><\/a> Juzgado a fines de mayo fue condenado a tres a\u00f1os y ocho meses por tenencia de armas y explosivos, seg\u00fan <em>Pensamiento Alav\u00e9s<\/em>, 27-5-1933. Asesinado (paseado) en Nanclares (\u00c1lava), 9-8-1936, tras ser sacado de la c\u00e1rcel en la que hab\u00eda ingresado el 29 de julio.<\/span><\/p>\n<p><span class=\"notaAlPie\"><a class=\"destinoNotaAlPie\" href=\"#enlaceNota17\" name=\"nota17\"><sup>17<\/sup><\/a> AHP de \u00c1lava. Libro registro de presos y procesados de la c\u00e1rcel, 27-28 de enero de 1933. Presos, acusados de tenencia de explosivos: Eugenio Mart\u00ednez, Teodoro Mart\u00ednez, Enrique Megino, Constantino P\u00e9rez y Bernardo Uranga. Desconocemos si relacionados con CNT o grupos anarquistas.<\/span><\/p>\n<p><span class=\"notaAlPie\"><a class=\"destinoNotaAlPie\" href=\"#enlaceNota18\" name=\"nota18\"><sup>18<\/sup><\/a> La noticia en <em>Pensamiento Alav\u00e9s<\/em>, 7-2-1933, limitada solo a Ibisate. El comentario en <em>Solidaridad Obrera<\/em>, 16-2-1933, art\u00edculo \u00abC\u00f3mo se nos persigue a los sindicalistas\u00bb firmado por Emilio Ibisate y Gerardo Garc\u00eda, desde la c\u00e1rcel de Vitoria. Escriben que se les persigue por ser de la CNT, se les imputan toda clase de delitos, especialmente atracos, se les procesa y los atracados nos reconocen en la oscuridad e incluso no habiendo estado en el lugar del suceso. El dos de febrero ha vuelto a suceder: arrestados, procesados y encarcelados por un atraco de mil pesetas en un pueblo pr\u00f3ximo a Vitoria, pese a saberse que est\u00e1bamos en otro lugar.<\/span><\/p>\n<p><span class=\"notaAlPie\"><a class=\"destinoNotaAlPie\" href=\"#enlaceNota19\" name=\"nota19\"><sup>19<\/sup><\/a> <em>Pensamiento Alav\u00e9s<\/em>, 20-2-1933.<\/span><\/p>\n<p><span class=\"notaAlPie\"><a class=\"destinoNotaAlPie\" href=\"#enlaceNota20\" name=\"nota20\"><sup>20<\/sup><\/a> <em>Pensamiento Alav\u00e9s<\/em>, 29-3-1933.- <em>ABC<\/em>, 30-3-1933.- <em>La Vanguardia<\/em> 29-3-1933, 30-3-1933.<\/span><\/p>\n<p><span class=\"notaAlPie\"><a class=\"destinoNotaAlPie\" href=\"#enlaceNota21\" name=\"nota21\"><sup>21<\/sup><\/a> Sus nombres seg\u00fan el Libro Registro de detenidos y procesados de la c\u00e1rcel de Vitoria: Manuel Espinosa, Juli\u00e1n Fern\u00e1ndez, Luis Herrero, Macario Illera, Salvador L\u00f3pez, Mariano Megino y Francisco San Rom\u00e1n.<\/span><\/p>\n<p><span class=\"notaAlPie\"><a class=\"destinoNotaAlPie\" href=\"#enlaceNota22\" name=\"nota22\"><sup>22<\/sup><\/a> <em>La Vanguardia<\/em> 20-4-1933.<\/span><\/p>\n<p><span class=\"notaAlPie\"><a class=\"destinoNotaAlPie\" href=\"#enlaceNota23\" name=\"nota23\"><sup>23<\/sup><\/a> <em>Solidaridad Obrera<\/em>, 18-4-1933, art\u00edculo firmado por Corresponsal, seguramente Orille.<\/span><\/p>\n<p><span class=\"notaAlPie\"><a class=\"destinoNotaAlPie\" href=\"#enlaceNota24\" name=\"nota24\"><sup>24<\/sup><\/a> <em>La Libertad<\/em>, 24-4-1933. Antonio Quintana Monteagudo y Sebasti\u00e1n Amboto Euzarrate de 17 a\u00f1os. El Libro Registro de detenidos y procesados de la c\u00e1rcel se\u00f1ala su ingreso el d\u00eda 23. Ambos fueron condenados meses m\u00e1s tarde por la justicia militar a un a\u00f1o de prisi\u00f3n por incitaci\u00f3n a la rebeli\u00f3n, seg\u00fan se lee en <em>Pensamiento Alav\u00e9s<\/em>, 2-10-1933.<\/span><\/p>\n<p><span class=\"notaAlPie\"><a class=\"destinoNotaAlPie\" href=\"#enlaceNota25\" name=\"nota25\"><sup>25<\/sup><\/a> El Libro Registro de detenidos y procesados de la c\u00e1rcel se\u00f1ala la estancia en prisi\u00f3n los d\u00edas 23-25 de abril de Roque Angulo y el ingreso el d\u00eda 25 de Antonino Mesanza.<\/span><\/p>\n<p><span class=\"notaAlPie\"><a class=\"destinoNotaAlPie\" href=\"#enlaceNota26\" name=\"nota26\"><sup>26<\/sup><\/a> <em>La Libertad<\/em>, 24-4-1933. Los heridos: Marcelino Chiquirr\u00edn Larrea y F\u00e9lix Fern\u00e1ndez Galdos.<\/span><\/p>\n<p><span class=\"notaAlPie\"><a class=\"destinoNotaAlPie\" href=\"#enlaceNota27\" name=\"nota27\"><sup>27<\/sup><\/a> Las opiniones de Orille en <em>La Libertad<\/em>, 27-4-1933 y 7-6-1933.<\/span><\/p>\n<p><span class=\"notaAlPie\"><a class=\"destinoNotaAlPie\" href=\"#enlaceNota28\" name=\"nota28\"><sup>28<\/sup><\/a> <em>Sindicalismo<\/em>, 12-5-1933, portavoz de los seguidores de Pesta\u00f1a y Peir\u00f3. En ese peri\u00f3dico no encontramos colaboraciones procedentes de Vitoria.<\/span><\/p>\n<p><span class=\"notaAlPie\"><a class=\"destinoNotaAlPie\" href=\"#enlaceNota29\" name=\"nota29\"><sup>29<\/sup><\/a> <em>El Luchador<\/em>, Barcelona, 8-1-1932.<\/span><\/p>\n<p><span class=\"notaAlPie\"><a class=\"destinoNotaAlPie\" href=\"#enlaceNota30\" name=\"nota30\"><sup>30<\/sup><\/a> <em>CNT<\/em>, 10-6-1933, art\u00edculo titulado \u00abFrente a la campa\u00f1a escisionista. El Comit\u00e9 de la Federaci\u00f3n Comarcal de \u00c1lava a los sindicatos\u00bb. Una de las pocas referencias que tenemos de esa Federaci\u00f3n Comarcal.<\/span><\/p>\n<p><span class=\"notaAlPie\"><a class=\"destinoNotaAlPie\" href=\"#enlaceNota31\" name=\"nota31\"><sup>31<\/sup><\/a> <em>ABC<\/em>, 10-5-1933.- <em>La Vanguardia<\/em> 9-5-1933, 10-5-1933, 11-5-1933, 18-5-1933.- <em>Pensamiento Alav\u00e9s<\/em>, 9-5-1933, 10-5-1933, 11-5-1933.- <em>Tierra y Libertad<\/em>, 2-6-1933.- AHP de \u00c1lava. Libro registro de detenidos y procesados, c\u00e1rcel de Vitoria.<\/span><\/p>\n<p><span class=\"notaAlPie\"><a class=\"destinoNotaAlPie\" href=\"#enlaceNota32\" name=\"nota32\"><sup>32<\/sup><\/a> <em>La Libertad<\/em>, 29-6-1933.- <em>La Vanguardia<\/em> 30-6-1933.- <em>Pensamiento Alav\u00e9s<\/em>, 30-6-1933. No obstante podemos citar la detenci\u00f3n (<em>La Libertad<\/em>, 7-6-1933), acusados de intento de atraco bancario en Algorta, de Tom\u00e1s Mardones y Jos\u00e9 Sarrate, y el estallido de un artefacto (bomba, seg\u00fan <em>Pensamiento Alav\u00e9s<\/em>, 8-6-1933, petardo, en opini\u00f3n de <em>La Vanguardia<\/em>, 9-6-1933) en el domicilio del m\u00e9dico Ramiro Guti\u00e9rrez al que se acusaba de dar el alta prematuramente a los lesionados.<\/span><\/p>\n<p><span class=\"notaAlPie\"><a class=\"destinoNotaAlPie\" href=\"#enlaceNota33\" name=\"nota33\"><sup>33<\/sup><\/a> <em>La Vanguardia<\/em> 16-7-1933.<\/span><\/p>\n<p><span class=\"notaAlPie\"><a class=\"destinoNotaAlPie\" href=\"#enlaceNota34\" name=\"nota34\"><sup>34<\/sup><\/a> <em>Pensamiento Alav\u00e9s<\/em> (24-7-1933).- <em>La Libertad<\/em>, 25-7-1933.- Seg\u00fan el Libro Registro de detenidos y procesados de la c\u00e1rcel de Vitoria entre los encarcelados: el d\u00eda 22 de julio, Pedro Olazagut\u00eda, Braulio Quintana, Nicol\u00e1s Gonz\u00e1lez y V\u00edctor Varela; el d\u00eda 23, Isaac Puente, Bernab\u00e9 Villambiste y \u00c1ngel Ruiz de Pinedo; el d\u00eda 25, David Alday, Albino Arp\u00f3n, Constantino Garc\u00eda, Antonio Hern\u00e1ndez, Faustino Herrera, Sabino Landa, Antonio L\u00f3pez de Calle, Joaqu\u00edn Manzano, F\u00e9lix Ruiz y Teodosio San Miguel.<\/span><\/p>\n<p><span class=\"notaAlPie\"><a class=\"destinoNotaAlPie\" href=\"#enlaceNota35\" name=\"nota35\"><sup>35<\/sup><\/a> <em>La Libertad<\/em>, 18-8-1933.<\/span><\/p>\n<p><span class=\"notaAlPie\"><a class=\"destinoNotaAlPie\" href=\"#enlaceNota36\" name=\"nota36\"><sup>36<\/sup><\/a> <em>Pensamiento Alav\u00e9s<\/em>, 20-1-1933 y 23-1-1933.<\/span><\/p>\n<p><span class=\"notaAlPie\"><a class=\"destinoNotaAlPie\" href=\"#enlaceNota37\" name=\"nota37\"><sup>37<\/sup><\/a> <em>La Vanguardia<\/em> 30-6-1933, 1-7-1933, 2-7-1933, 4-7-1933, 5-7-1933, 6-7-1933, 7-7-1933, 8-7-1933.- <em>Pensamiento Alav\u00e9s<\/em>, 30-6-1933, 1-7-1933, 3-7-1933, 4-7-1933, 7-7-1933, 10-7-1933.- <em>La Libertad<\/em>, 10-7-1933.<\/span><\/p>\n<p><span class=\"notaAlPie\"><a class=\"destinoNotaAlPie\" href=\"#enlaceNota38\" name=\"nota38\"><sup>38<\/sup><\/a> <em>La Vanguardia<\/em> 27-9-1933, 28-9-1933- <em>Pensamiento Alav\u00e9s<\/em>, 27-9-1933, 1-12-1933, 18-12-1933.<\/span><\/p>\n<p><span class=\"notaAlPie\"><a class=\"destinoNotaAlPie\" href=\"#enlaceNota39\" name=\"nota39\"><sup>39<\/sup><\/a> <em>La Libertad<\/em>, 26-12-1933.<\/span><\/p>\n<p><span class=\"notaAlPie\"><a class=\"destinoNotaAlPie\" href=\"#enlaceNota40\" name=\"nota40\"><sup>40<\/sup><\/a> <em>Solidaridad Obrera<\/em>, 1-11-1933, 11-11-1933.<\/span><\/p>\n<p><span class=\"notaAlPie\"><a class=\"destinoNotaAlPie\" href=\"#enlaceNota41\" name=\"nota41\"><sup>41<\/sup><\/a> <em>La Vanguardia<\/em>, 30-11-1933.- <em>Pensamiento Alav\u00e9s<\/em>, 1-12-1933, 18-12-1933.<\/span><\/p>\n","protected":false},"excerpt":{"rendered":"<p>En realidad, el calificado no sabemos por qui\u00e9n como \u201ca\u00f1o de las bombas\u201d comenz\u00f3 en octubre de 19321 y alcanz\u00f3 su cl\u00edmax en enero de 1933. Denominaci\u00f3n exagerada e injustificada en lo que a Vitoria concierne, ciertamente porque lo que &hellip; <\/p>\n","protected":false},"author":1,"featured_media":1865,"comment_status":"closed","ping_status":"open","sticky":false,"template":"","format":"standard","meta":{"jetpack_post_was_ever_published":false,"_jetpack_newsletter_access":"","_jetpack_dont_email_post_to_subs":false,"_jetpack_newsletter_tier_id":0,"_jetpack_memberships_contains_paywalled_content":false,"_jetpack_memberships_contains_paid_content":false,"footnotes":"","jetpack_publicize_message":"","jetpack_publicize_feature_enabled":true,"jetpack_social_post_already_shared":true,"jetpack_social_options":{"image_generator_settings":{"template":"highway","enabled":false},"version":2}},"categories":[4],"tags":[10],"class_list":["post-1822","post","type-post","status-publish","format-standard","has-post-thumbnail","hentry","category-la-historia","tag-la-historia"],"jetpack_publicize_connections":[],"jetpack_featured_media_url":"https:\/\/vitoria.cnt.es\/mh\/wp-content\/uploads\/sites\/2\/2019\/12\/labastida-anos-30-imagen-destacada.jpg","jetpack_sharing_enabled":true,"jetpack_shortlink":"https:\/\/wp.me\/p58fhe-to","_links":{"self":[{"href":"https:\/\/vitoria.cnt.es\/mh\/wp-json\/wp\/v2\/posts\/1822","targetHints":{"allow":["GET"]}}],"collection":[{"href":"https:\/\/vitoria.cnt.es\/mh\/wp-json\/wp\/v2\/posts"}],"about":[{"href":"https:\/\/vitoria.cnt.es\/mh\/wp-json\/wp\/v2\/types\/post"}],"author":[{"embeddable":true,"href":"https:\/\/vitoria.cnt.es\/mh\/wp-json\/wp\/v2\/users\/1"}],"replies":[{"embeddable":true,"href":"https:\/\/vitoria.cnt.es\/mh\/wp-json\/wp\/v2\/comments?post=1822"}],"version-history":[{"count":32,"href":"https:\/\/vitoria.cnt.es\/mh\/wp-json\/wp\/v2\/posts\/1822\/revisions"}],"predecessor-version":[{"id":2492,"href":"https:\/\/vitoria.cnt.es\/mh\/wp-json\/wp\/v2\/posts\/1822\/revisions\/2492"}],"wp:featuredmedia":[{"embeddable":true,"href":"https:\/\/vitoria.cnt.es\/mh\/wp-json\/wp\/v2\/media\/1865"}],"wp:attachment":[{"href":"https:\/\/vitoria.cnt.es\/mh\/wp-json\/wp\/v2\/media?parent=1822"}],"wp:term":[{"taxonomy":"category","embeddable":true,"href":"https:\/\/vitoria.cnt.es\/mh\/wp-json\/wp\/v2\/categories?post=1822"},{"taxonomy":"post_tag","embeddable":true,"href":"https:\/\/vitoria.cnt.es\/mh\/wp-json\/wp\/v2\/tags?post=1822"}],"curies":[{"name":"wp","href":"https:\/\/api.w.org\/{rel}","templated":true}]}}