{"id":1903,"date":"2020-01-09T23:27:21","date_gmt":"2020-01-09T23:27:21","guid":{"rendered":"http:\/\/vitoria.cnt.es\/mh\/?p=1903"},"modified":"2020-07-02T12:40:56","modified_gmt":"2020-07-02T12:40:56","slug":"dias-de-memoria-28-de-agosto-de-1936-asesinato-de-sixto-barron-martinez","status":"publish","type":"post","link":"https:\/\/vitoria.cnt.es\/mh\/dias-de-memoria-28-de-agosto-de-1936-asesinato-de-sixto-barron-martinez\/","title":{"rendered":"28 de agosto de 1936. <\/br>Asesinato de SIXTO BARR\u00d3N MART\u00cdNEZ"},"content":{"rendered":"<figure id=\"attachment_1902\" aria-describedby=\"caption-attachment-1902\" style=\"width: 250px\" class=\"wp-caption alignleft\"><a href=\"http:\/\/vitoria.cnt.es\/mh\/wp-content\/uploads\/sites\/2\/2020\/01\/sixto-barron-martinez.jpg\"><img loading=\"lazy\" decoding=\"async\" class=\"wp-image-1902\" title=\"Sixto Barr\u00f3n Mart\u00ednez\" src=\"http:\/\/vitoria.cnt.es\/mh\/wp-content\/uploads\/sites\/2\/2020\/01\/sixto-barron-martinez-248x300.jpg\" alt=\"Sixto Barr\u00f3n Mart\u00ednez\" title=\"Sixto Barr\u00f3n Mart\u00ednez\" width=\"250\" height=\"302\" srcset=\"https:\/\/vitoria.cnt.es\/mh\/wp-content\/uploads\/sites\/2\/2020\/01\/sixto-barron-martinez.jpg 248w, https:\/\/vitoria.cnt.es\/mh\/wp-content\/uploads\/sites\/2\/2020\/01\/sixto-barron-martinez-132x160.jpg 132w, https:\/\/vitoria.cnt.es\/mh\/wp-content\/uploads\/sites\/2\/2020\/01\/sixto-barron-martinez-20x24.jpg 20w, https:\/\/vitoria.cnt.es\/mh\/wp-content\/uploads\/sites\/2\/2020\/01\/sixto-barron-martinez-30x36.jpg 30w, https:\/\/vitoria.cnt.es\/mh\/wp-content\/uploads\/sites\/2\/2020\/01\/sixto-barron-martinez-40x48.jpg 40w\" sizes=\"auto, (max-width: 250px) 100vw, 250px\" \/><\/a><figcaption id=\"caption-attachment-1902\" class=\"wp-caption-text\">Sixto Barr\u00f3n Mart\u00ednez<\/figcaption><\/figure>\n<p>&nbsp;<\/p>\n<p>El 28 de agosto de 1936 es asesinado en Vitoria Sixto Barr\u00f3n Mart\u00ednez, ilustre militante del anarquismo y la CNT en su pueblo de origen.<\/p>\n<p>Nacido en Labastida, el 6 de agosto de 1901. Figura entre los fundadores de la CNT en 1923 y con la refundaci\u00f3n de 1931 fue su primer secretario y lo era en diciembre de 1933 cuando los famosos sucesos de Labastida en el marco de la insurrecci\u00f3n anarquista. Tom\u00f3 parte principal\u00edsima en el desencadenamiento de la insurrecci\u00f3n (el 8 de diciembre convoc\u00f3 una asamblea en el local del sindicato del pueblo en la que se impuso su parecer \u201cimplantar el comunismo libertario, abolir la propiedad y eliminar el dinero\u201d).<\/p>\n<p>Tras la derrota de la sublevaci\u00f3n, logr\u00f3 escapar a la represi\u00f3n y se exili\u00f3 en Francia.<\/p>\n<p>Vuelto del destierro, se le detuvo y encarcel\u00f3 en mayo de 1935 en San Sebasti\u00e1n y Vitoria y de seguido fue sometido a consejo de guerra y condenado a muerte.<\/p>\n<p>Amnistiado con el triunfo electoral del Frente Popular en febrero de 1936, al estallar la guerra retorn\u00f3 para recoger a su familia, pero fue detenido en Vitoria y asesinado.<\/p>\n","protected":false},"excerpt":{"rendered":"<p>&nbsp; El 28 de agosto de 1936 es asesinado en Vitoria Sixto Barr\u00f3n Mart\u00ednez, ilustre militante del anarquismo y la CNT en su pueblo de origen. Nacido en Labastida, el 6 de agosto de 1901. Figura entre los fundadores de &hellip; <\/p>\n","protected":false},"author":2,"featured_media":1902,"comment_status":"closed","ping_status":"open","sticky":false,"template":"","format":"standard","meta":{"jetpack_post_was_ever_published":false,"_jetpack_newsletter_access":"","_jetpack_dont_email_post_to_subs":false,"_jetpack_newsletter_tier_id":0,"_jetpack_memberships_contains_paywalled_content":false,"_jetpack_memberships_contains_paid_content":false,"footnotes":"","jetpack_publicize_message":"","jetpack_publicize_feature_enabled":true,"jetpack_social_post_already_shared":true,"jetpack_social_options":{"image_generator_settings":{"template":"highway","enabled":false},"version":2}},"categories":[7],"tags":[9],"class_list":["post-1903","post","type-post","status-publish","format-standard","has-post-thumbnail","hentry","category-dias-de-memoria","tag-dias-de-memoria"],"jetpack_publicize_connections":[],"jetpack_featured_media_url":"https:\/\/vitoria.cnt.es\/mh\/wp-content\/uploads\/sites\/2\/2020\/01\/sixto-barron-martinez.jpg","jetpack_sharing_enabled":true,"jetpack_shortlink":"https:\/\/wp.me\/p58fhe-uH","_links":{"self":[{"href":"https:\/\/vitoria.cnt.es\/mh\/wp-json\/wp\/v2\/posts\/1903","targetHints":{"allow":["GET"]}}],"collection":[{"href":"https:\/\/vitoria.cnt.es\/mh\/wp-json\/wp\/v2\/posts"}],"about":[{"href":"https:\/\/vitoria.cnt.es\/mh\/wp-json\/wp\/v2\/types\/post"}],"author":[{"embeddable":true,"href":"https:\/\/vitoria.cnt.es\/mh\/wp-json\/wp\/v2\/users\/2"}],"replies":[{"embeddable":true,"href":"https:\/\/vitoria.cnt.es\/mh\/wp-json\/wp\/v2\/comments?post=1903"}],"version-history":[{"count":8,"href":"https:\/\/vitoria.cnt.es\/mh\/wp-json\/wp\/v2\/posts\/1903\/revisions"}],"predecessor-version":[{"id":2141,"href":"https:\/\/vitoria.cnt.es\/mh\/wp-json\/wp\/v2\/posts\/1903\/revisions\/2141"}],"wp:featuredmedia":[{"embeddable":true,"href":"https:\/\/vitoria.cnt.es\/mh\/wp-json\/wp\/v2\/media\/1902"}],"wp:attachment":[{"href":"https:\/\/vitoria.cnt.es\/mh\/wp-json\/wp\/v2\/media?parent=1903"}],"wp:term":[{"taxonomy":"category","embeddable":true,"href":"https:\/\/vitoria.cnt.es\/mh\/wp-json\/wp\/v2\/categories?post=1903"},{"taxonomy":"post_tag","embeddable":true,"href":"https:\/\/vitoria.cnt.es\/mh\/wp-json\/wp\/v2\/tags?post=1903"}],"curies":[{"name":"wp","href":"https:\/\/api.w.org\/{rel}","templated":true}]}}