{"id":1914,"date":"2020-01-29T22:56:17","date_gmt":"2020-01-29T22:56:17","guid":{"rendered":"http:\/\/vitoria.cnt.es\/mh\/?p=1914"},"modified":"2020-07-02T16:37:06","modified_gmt":"2020-07-02T16:37:06","slug":"la-historia-la-decembrina-insurreccion-anarquista-de-8-de-diciembre-de-1933","status":"publish","type":"post","link":"https:\/\/vitoria.cnt.es\/mh\/la-historia-la-decembrina-insurreccion-anarquista-de-8-de-diciembre-de-1933\/","title":{"rendered":"LA DECEMBRINA. INSURRECCI\u00d3N ANARQUISTA DE 8 DE DICIEMBRE DE 1933"},"content":{"rendered":"<p>En las elecciones de 19 de noviembre y 3 de diciembre de 1933 si en el conjunto de Espa\u00f1a gan\u00f3 la derecha en \u00c1lava no fue menos: los tradicionalistas de Oriol sacaron m\u00e1s votos que el resto de los partidos en el conjunto de \u00c1lava y casi tantos como el resto en Vitoria. Un Pleno Nacional (Madrid, 30 de octubre-3 de noviembre de 1933) hab\u00eda acordado ir a la revoluci\u00f3n social si triunfaban las tendencias fascistas (\u00abFrente a las urnas, Revoluci\u00f3n Social\u00bb) y si una Regional iniciaba el movimiento, todas las dem\u00e1s deb\u00edan secundarla. La CNT desarroll\u00f3 una campa\u00f1a furiosamente antipol\u00edtica, la <em>Soli<\/em> proclamaba: \u201cBuitres, rojo y amarillo, y buitres tricolores. Todos buitres. Todos, aves de rapi\u00f1a. Todos, canalla inmunda que el pueblo productor barrer\u00e1 con la escoba de la revoluci\u00f3n\u201d.<\/p>\n<figure id=\"attachment_1923\" aria-describedby=\"caption-attachment-1923\" style=\"width: 300px\" class=\"wp-caption alignright\"><a href=\"http:\/\/vitoria.cnt.es\/mh\/wp-content\/uploads\/sites\/2\/2020\/01\/recorte-la-vanguardia-10-12-1933.jpg\"><img loading=\"lazy\" decoding=\"async\" class=\"wp-image-1923\" src=\"http:\/\/vitoria.cnt.es\/mh\/wp-content\/uploads\/sites\/2\/2020\/01\/recorte-la-vanguardia-10-12-1933-204x700.jpg\" alt=\"Recorte La Vanguardia 10-12-1933\" title=\"Recorte La Vanguardia 10-12-1933\" width=\"300\" height=\"1032\" srcset=\"https:\/\/vitoria.cnt.es\/mh\/wp-content\/uploads\/sites\/2\/2020\/01\/recorte-la-vanguardia-10-12-1933-87x300.jpg 87w, https:\/\/vitoria.cnt.es\/mh\/wp-content\/uploads\/sites\/2\/2020\/01\/recorte-la-vanguardia-10-12-1933-7x24.jpg 7w, https:\/\/vitoria.cnt.es\/mh\/wp-content\/uploads\/sites\/2\/2020\/01\/recorte-la-vanguardia-10-12-1933-14x48.jpg 14w, https:\/\/vitoria.cnt.es\/mh\/wp-content\/uploads\/sites\/2\/2020\/01\/recorte-la-vanguardia-10-12-1933.jpg 349w\" sizes=\"auto, (max-width: 300px) 100vw, 300px\" \/><\/a><figcaption id=\"caption-attachment-1923\" class=\"wp-caption-text\">Recorte <em>La Vanguardia<\/em>, 10 de diciembre de 1933<\/figcaption><\/figure>\n<p>Lo cierto es que la victoria de la derecha no acarre\u00f3 ni el triunfo determinante del fascismo ni el levantamiento popular. Cada d\u00eda que pasaba disminu\u00eda el ardor revolucionario y sumaba tiempo el gobierno para reaccionar. En esta encrucijada el Comit\u00e9 Nacional convoc\u00f3 un nuevo Pleno Nacional de Regionales (Madrid, 26 de noviembre de 1933) donde, con reticencias de algunas regionales, se solicit\u00f3 la constituci\u00f3n de un Comit\u00e9 Revolucionario que integraron Durruti, Mera, Garc\u00eda Chac\u00f3n, Casado, Ojeda, Mois\u00e9s y Jes\u00fas Alcrudo, Ejarque, Felipe Orqu\u00edn, Ram\u00f3n Andr\u00e9s y nuestro Isaac Puente.<\/p>\n<p>La insurrecci\u00f3n se inici\u00f3 el ocho de diciembre, la huelga general se extendi\u00f3 por 34 provincias durante una semana y alcanz\u00f3 especial relevancia en el valle del Ebro. El eco de la sublevaci\u00f3n en nuestra provincia fue desigual<a class=\"enlaceNotaAlPie\" href=\"#nota1\" name=\"enlaceNota1\"><sup>1<\/sup><\/a>, con epicentro en Labastida y ramalazos en Vitoria. El alcance en Labastida ni fue casual ni propio de desesperados o reci\u00e9n llegados desconocedores de la realidad. La CNT en La Rioja contaba con larga tradici\u00f3n a ambos lados del r\u00edo Ebro<a class=\"enlaceNotaAlPie\" href=\"#nota2\" name=\"enlaceNota2\"><sup>2<\/sup><\/a> y, seg\u00fan est\u00e1 constatado por fuentes orales, adscrita no a las tesis sindicalistas sino a las m\u00e1s radicales del comunismo libertario. En La Rioja, se ha dicho, no se luchaba por mejorar el salario, sino por la revoluci\u00f3n social colectivista. Por otro lado la influencia fa\u00edsta era notable y ven\u00eda m\u00e1s que de la capital alavesa de la otra parte del Ebro (de hecho parece que si bien en cuanto CNT su ligaz\u00f3n con Vitoria parece innegable, la comarca sure\u00f1a desde el punto de vista de FAI formaba un todo con el resto de La Rioja y el hecho mismo que Labastida respondiera a la insurrecci\u00f3n del Ebro lo confirma). Tambi\u00e9n digno de rese\u00f1ar es que en La Rioja muchos de sus afiliados, frente al t\u00f3pico, eran labradores de mediano pasar, con tierras propias, y no simples braceros o peones agr\u00edcolas.<a class=\"enlaceNotaAlPie\" href=\"#nota3\" name=\"enlaceNota3\"><sup>3<\/sup><\/a> El componente moral, vital y antiautoritario ten\u00eda, para los m\u00e1s concienciados, un valor indudablemente, no menos rese\u00f1able que el econ\u00f3mico.<\/p>\n<p>En la noche del 8 de diciembre, madrugada del 9, en Labastida, como en otras muchas localidades colindantes de La Rioja (San Vicente de la Sonsierra, Briones, San Asensio, Haro, \u00c1balos&#8230;) los insurrectos salieron en armas a las calles. La llamada vino de La Rioja, no de Vitoria, y el encargado de recibirla era Sixto Barr\u00f3n. Fue la ma\u00f1ana de ese d\u00eda 8, cuando Sixto Barr\u00f3n, recibi\u00f3 la visita de Fausto Villamor, quien le comunic\u00f3 el plan que se estaba preparando. Barr\u00f3n, con objeto de cerciorarse de la noticia y conocer los detalles, sali\u00f3 esa misma tarde hacia Haro, Briones y San Asensio, en cuyos sindicatos le confirmaron que la insurrecci\u00f3n comenzar\u00eda aquella misma noche. Ante estas noticias, Barr\u00f3n convoc\u00f3 una asamblea en el local del sindicato del pueblo (en aquel tiempo contaba con unos sesenta miembros y asistieron aproximadamente la mitad), que acord\u00f3 enviar a dos afiliados (\u00c1ngel Manzanos y Jos\u00e9 Gil) a Vitoria para conocer m\u00e1s sobre lo que se preparaba y decidir o no sumarse al movimiento revolucionario, pero a su vuelta, al cabo de unas horas, comunicaron que la CNT de Vitoria no conoc\u00eda los pormenores de lo que se tramaba. Tal incertidumbre dispuso a algunos a no participar en la huelga general revolucionaria (caso del presidente Luis Gil y Honorato Amurrio) pero triunf\u00f3 la opini\u00f3n de Sixto Barr\u00f3n y Daniel Quintana resueltos a \u201cimplantar el comunismo libertario, abolir la propiedad y eliminar el dinero\u201d. Hacia las dos de la madrugada del 9 de diciembre se oy\u00f3 la se\u00f1al convenida por Barr\u00f3n con los cenetistas de Haro,\u00a0el estallido de una bomba, para dar comienzo al levantamiento. Se echaron a la calle una veintena de activistas armados de escopetas de caza, pistolas y explosivos, creci\u00f3 su n\u00famero (al sumarse afiliados ausentes de la asamblea y algunos republicanos) y divididos en grupos con objetivos distribuidos recorrieron el pueblo, exigieron la entrega de su armamento a los vecinos que las pose\u00edan (la mayor\u00eda las entregaron sin protesta, pero algunos se negaron como el alcalde Luis Mart\u00ednez y varios carlistas, lo que provoc\u00f3 alguna tensi\u00f3n de \u00edndole menor), asaltaron el ayuntamiento al negarse el aguacil a entregarles las llaves y sacaron numerosos documentos a la calle (entre ellos los relativos a las fincas de la localidad y el registro de la propiedad) y los quemaron como acto simb\u00f3lico para proclamar la abolici\u00f3n de la propiedad, prohibieron la venta de productos al comercio de Anselmo Quintana (primer paso \u201cpara eliminar el dinero\u201d) pidieron al panadero Rufino Barr\u00f3n que amasara pan para toda la comunidad y atacaron el cuartelillo de la guardia civil con la que se entabl\u00f3 una refriega en cuyo transcurso un n\u00famero y el sargento del puesto resultaron heridos (el sargento Nicol\u00e1s L\u00f3pez, el guardia Pedro Garrido, que muri\u00f3 al poco) al igual que el concejal carlista Alejandro Amurrio. La telefonista del pueblo consigui\u00f3 comunicarse con el comandante de la Guardia Civil de Haro, donde guardias de asalto, procedentes de Vitoria, hab\u00edan controlado all\u00ed otra revuelta, y los guardias se dirigieron hacia Labastida, se cruzaron algunos disparos y finalmente la mayor\u00eda de los revolucionarios huyeron hacia los montes pr\u00f3ximos. A las ocho de la ma\u00f1ana la insurrecci\u00f3n hab\u00eda terminado. A las bajas de la guardia civil se sumaron las de algunos huidos hacia Pe\u00f1acerrada (muerte a tiros del anarcosindicalista Celestino Monje y dos heridos graves). Son\u00f3 la hora de las detenciones, los ajustes de cuentas y los procesos.<\/p>\n<figure id=\"attachment_1922\" aria-describedby=\"caption-attachment-1922\" style=\"width: 450px\" class=\"wp-caption alignleft\"><a href=\"http:\/\/vitoria.cnt.es\/mh\/wp-content\/uploads\/sites\/2\/2020\/01\/procesados-de-labastida-1933.jpg\"><img loading=\"lazy\" decoding=\"async\" class=\"wp-image-1922\" src=\"http:\/\/vitoria.cnt.es\/mh\/wp-content\/uploads\/sites\/2\/2020\/01\/procesados-de-labastida-1933-300x202.jpg\" alt=\"Procesados de Labastida por los sucesos de 1933\" title=\"Procesados de Labastida por los sucesos de 1933\" width=\"450\" height=\"303\" srcset=\"https:\/\/vitoria.cnt.es\/mh\/wp-content\/uploads\/sites\/2\/2020\/01\/procesados-de-labastida-1933-300x202.jpg 300w, https:\/\/vitoria.cnt.es\/mh\/wp-content\/uploads\/sites\/2\/2020\/01\/procesados-de-labastida-1933-768x517.jpg 768w, https:\/\/vitoria.cnt.es\/mh\/wp-content\/uploads\/sites\/2\/2020\/01\/procesados-de-labastida-1933-700x472.jpg 700w, https:\/\/vitoria.cnt.es\/mh\/wp-content\/uploads\/sites\/2\/2020\/01\/procesados-de-labastida-1933-600x404.jpg 600w, https:\/\/vitoria.cnt.es\/mh\/wp-content\/uploads\/sites\/2\/2020\/01\/procesados-de-labastida-1933-238x160.jpg 238w, https:\/\/vitoria.cnt.es\/mh\/wp-content\/uploads\/sites\/2\/2020\/01\/procesados-de-labastida-1933-24x16.jpg 24w, https:\/\/vitoria.cnt.es\/mh\/wp-content\/uploads\/sites\/2\/2020\/01\/procesados-de-labastida-1933-36x24.jpg 36w, https:\/\/vitoria.cnt.es\/mh\/wp-content\/uploads\/sites\/2\/2020\/01\/procesados-de-labastida-1933-48x32.jpg 48w, https:\/\/vitoria.cnt.es\/mh\/wp-content\/uploads\/sites\/2\/2020\/01\/procesados-de-labastida-1933.jpg 950w\" sizes=\"auto, (max-width: 450px) 100vw, 450px\" \/><\/a><figcaption id=\"caption-attachment-1922\" class=\"wp-caption-text\">Procesados de Labastida.<br \/>Arriba, de izquierda a derecha: Pablo Fern\u00e1ndez Varela, F\u00e9lix Manzanos Garc\u00eda, Luis Gil S\u00e1ez, Pablo Ca\u00f1o S\u00e1ez, Benito Pab\u00f3n (abogado defensor), Pablo Arroyo Garc\u00eda. Abajo, de izquierda a derecha: Esteban Manzanos Garc\u00eda, Tom\u00e1s Corcuera C\u00e1mara, Antonio Barr\u00f3n Mart\u00ednez, Le\u00f3n Quintana P\u00e9rez y Paulino Quintana P\u00e9rez. (Foto hecha durante el juicio).<\/figcaption><\/figure>\n<p>Los juicios del tribunal de urgencia de Vitoria iniciados a fines de mes alcanzaron a 32 procesados de Labastida<a class=\"enlaceNotaAlPie\" href=\"#nota4\" name=\"enlaceNota4\"><sup>4<\/sup><\/a>. El juicio fue cubierto extensamente por la prensa (especialmente por <em>Pensamiento Alav\u00e9s<\/em> y <em>La Vanguardia<\/em>). El fiscal y los defensores estuvieron en su papel, desfilaron unos sesenta testigos y tras cuatro horas de deliberaci\u00f3n el tribunal dict\u00f3 sentencia. Se conden\u00f3 a Eugenio Ayuso, \u00c1ngel Barr\u00f3n, Apolinar Estefan\u00eda, Jes\u00fas Arroyo, Jos\u00e9 Antonio Barr\u00f3n, Paulino Quintana, Pablo Fern\u00e1ndez, Pablo Arroyo, F\u00e9lix Manzanos, Ponciano Quintana, M\u00e1ximo Rodr\u00edguez, Laureano Quintana, Luis Gil S\u00e1enz, Joaqu\u00edn Amurrio, Honorato Amurrio, Isidro Quintana, Heliodoro Mart\u00ednez, Nicanor Quintana, Honorato Pesos, Formerio Amurrio, Pablo Ca\u00f1o, \u00c1ngel Manzanos, Esteban Manzanos, Le\u00f3n Quintana, F\u00e9lix Pesos y F\u00e9lix Mart\u00ednez a doce a\u00f1os de prisi\u00f3n mayor por el delito contra la forma de gobierno. Se absolvi\u00f3 a F\u00e9lix Pesos, F\u00e9lix Mart\u00ednez y Le\u00f3n Quintana del delito de atentado por medio de explosivos, y a Daniel Mart\u00ednez, Rafael Mart\u00ednez Montoya, Nicol\u00e1s Ortego, Vicente Ortego y Jos\u00e9 Rodr\u00edguez Garc\u00eda de los delitos de incendio y coacci\u00f3n, pero quedaban a disposici\u00f3n de las autoridades gubernativas. A Tom\u00e1s Corcuera, considerando su minor\u00eda de edad, se le conden\u00f3 por el delito de atentado contra la forma de gobierno, a cuatro a\u00f1os, doce meses y 21 d\u00edas de prisi\u00f3n menor. Adem\u00e1s todos ellos, mancomunada y solidariamente, deb\u00edan satisfacer diversas indemnizaciones al Ayuntamiento de Labastida, a la Diputaci\u00f3n de \u00c1lava y a varios vecinos por los da\u00f1os causados. En marzo<a class=\"enlaceNotaAlPie\" href=\"#nota5\" name=\"enlaceNota5\"><sup>5<\/sup><\/a> otra sentencia del tribunal de urgencia aumenta el n\u00famero de damnificados: condenando a Estanislao Barredo Ruiz y Serapio Vadillo a doce a\u00f1os de prisi\u00f3n mayor por ir contra la forma de gobierno, y por igual delito, con la atenuante de ser menor de 18 a\u00f1os, a Jos\u00e9 Gil C\u00e1mara, a cuatro a\u00f1os, dos meses y 21 d\u00edas de prisi\u00f3n menor.<\/p>\n<p>As\u00ed estaban las cosas cuando la justicia militar tom\u00f3 a su cargo los sucesos de Labastida y en julio de 1934 en consejo de guerra conden\u00f3 a diez de los implicados a penas que oscilaban entre dos y veintid\u00f3s a\u00f1os de prisi\u00f3n: a Pablo Ca\u00f1o a 22, a Antonio Barr\u00f3n, F\u00e9lix Manzanos, Pablo Fern\u00e1ndez, Le\u00f3n Quintana, Luis Gil, Esteban Manzanos y Pablo Arroyo a doce, a Paulino Quintana a cinco y a Tom\u00e1s Corcuera a dos. Le pareci\u00f3 poco al fiscal del supremo, que impugn\u00f3 el fallo del consejo de guerra y en marzo de 1935 pidi\u00f3 para todos los procesados, absueltos incluidos, la pena de muerte. En abril se dict\u00f3 sentencia: Pablo Ca\u00f1o, F\u00e9lix Manzanos, Pablo Fern\u00e1ndez, Le\u00f3n Quintana y Tom\u00e1s Corcuera (adem\u00e1s detenido al poco Sixto Barr\u00f3n, tambi\u00e9n fue condenado a la \u00faltima pena) fueron condenados a muerte. La amnist\u00eda de febrero de 1936 les libr\u00f3 de males mayores.<\/p>\n<figure id=\"attachment_1920\" aria-describedby=\"caption-attachment-1920\" style=\"width: 300px\" class=\"wp-caption alignright\"><a href=\"http:\/\/vitoria.cnt.es\/mh\/wp-content\/uploads\/sites\/2\/2020\/01\/francisco-basterra.jpg\"><img loading=\"lazy\" decoding=\"async\" class=\"wp-image-1920\" src=\"http:\/\/vitoria.cnt.es\/mh\/wp-content\/uploads\/sites\/2\/2020\/01\/francisco-basterra-235x300.jpg\" alt=\"Francisco Basterra\" title=\"Francisco Basterra\" width=\"300\" height=\"383\" srcset=\"https:\/\/vitoria.cnt.es\/mh\/wp-content\/uploads\/sites\/2\/2020\/01\/francisco-basterra-235x300.jpg 235w, https:\/\/vitoria.cnt.es\/mh\/wp-content\/uploads\/sites\/2\/2020\/01\/francisco-basterra-548x700.jpg 548w, https:\/\/vitoria.cnt.es\/mh\/wp-content\/uploads\/sites\/2\/2020\/01\/francisco-basterra-470x600.jpg 470w, https:\/\/vitoria.cnt.es\/mh\/wp-content\/uploads\/sites\/2\/2020\/01\/francisco-basterra-125x160.jpg 125w, https:\/\/vitoria.cnt.es\/mh\/wp-content\/uploads\/sites\/2\/2020\/01\/francisco-basterra-19x24.jpg 19w, https:\/\/vitoria.cnt.es\/mh\/wp-content\/uploads\/sites\/2\/2020\/01\/francisco-basterra-28x36.jpg 28w, https:\/\/vitoria.cnt.es\/mh\/wp-content\/uploads\/sites\/2\/2020\/01\/francisco-basterra-38x48.jpg 38w, https:\/\/vitoria.cnt.es\/mh\/wp-content\/uploads\/sites\/2\/2020\/01\/francisco-basterra.jpg 570w\" sizes=\"auto, (max-width: 300px) 100vw, 300px\" \/><\/a><figcaption id=\"caption-attachment-1920\" class=\"wp-caption-text\">Francisco Basterra<\/figcaption><\/figure>\n<p>En Vitoria el d\u00eda diez estallaron dos bombas, fueron detenidos Leocadio Mesanza<a class=\"enlaceNotaAlPie\" href=\"#nota6\" name=\"enlaceNota6\"><sup>6<\/sup><\/a> y Juan Cruz V\u00e1zquez con mechas y detonantes y se clausur\u00f3 la CNT (as\u00ed permanecer\u00e1 hasta mayo de 1934), el d\u00eda 11 CNT declar\u00f3 la huelga general cuando ya el movimiento declinaba, con relativo \u00e9xito, se sucedieron las detenciones, la polic\u00eda persigui\u00f3 a los piquetes y muri\u00f3 tiroteado el cenetista Francisco Basterra, y una vez m\u00e1s UGT, Cat\u00f3licos y especialmente STV, se mostraron colaboradores con el orden republicano . El peri\u00f3dico de la derecha cat\u00f3lica y carlista <em>Pensamiento Alav\u00e9s<\/em> el d\u00eda 11 proclamaba a toda p\u00e1gina \u201cLos elementos de la CNT local declaran la huelga\u201d y daba una visi\u00f3n un tanto desmesurada de lo que suced\u00eda en Vitoria en lo referido a coacciones y tiroteos. Las detenciones s\u00ed fueron numerosas, de bastantes sus nombres aparecieron reflejadas en la prensa: Mat\u00edas Aguirre, Luis Aizpuru, Roque Angulo, Vicente Barroso, Daniel Calvo, Jos\u00e9 Corres, Jos\u00e9 D\u00edaz, Te\u00f3filo Gallo, \u00c1ngel Garc\u00eda, Julio Garrido, Juli\u00e1n Guridi, Julio Guisasola, Primitivo L\u00f3pez, Jos\u00e9 Manzanares, \u00c1ngel Mart\u00ednez, Francisco Mu\u00f1uzuri, Antonio Navarrete, Jos\u00e9 Paumero, Antonio Retes, Atanasio S\u00e1ez, Eliecer Saiz, Manuel Samaniego, Manuel Santamar\u00eda, Andres Sarrate, Jos\u00e9 Torres, Jos\u00e9 Villambiste\u2026Hubo otras muchas seg\u00fan el Libro registro de detenidos y procesados de la c\u00e1rcel de Vitoria<a class=\"enlaceNotaAlPie\" href=\"#nota7\" name=\"enlaceNota7\"><sup>7<\/sup><\/a>. Al entierro celebrado en Vitoria del guardia civil muerto en Labastida se le dio mucho mayor realce que al del cenetista Francisco Basterra, joven obrero de dieciocho a\u00f1os, muerto de un tiro en el coraz\u00f3n.<\/p>\n<p>En el resto de \u00c1lava la tranquilidad se impuso fuera de algunos conatos de actividad en Lapuebla, Villabuena, Elciego, Maeztu y Salvatierra. En Elciego fracas\u00f3 el intento, contenido por las patrullas armadas opuestas al movimiento anarquista y todo lo que sigui\u00f3 fue represi\u00f3n: incautaci\u00f3n de la documentaci\u00f3n del Sindicato \u00danico, arresto de los confederales David Lamaza, Pedro Lamaza, Jos\u00e9 L\u00f3pez de Ibarra y Frutos L\u00f3pez de Ibarra, multas de dos mil pesetas al ciado Pedro Lamaza y Pedro Os\u00e9s<a class=\"enlaceNotaAlPie\" href=\"#nota8\" name=\"enlaceNota8\"><sup>8<\/sup><\/a>. <em>Pensamiento Alav\u00e9s<\/em> del d\u00eda cinco de enero hablaba del descubrimiento en Elciego de una organizaci\u00f3n subversiva conectada con las provincias lim\u00edtrofes. En Salvatierra se detuvo a tres obreros de Ajuria: Martin Azpiazu Diez, Juan Garc\u00eda Gordejuela y Blas Ochoa Mulet. En Maeztu sabemos de la imposici\u00f3n de multas tras los sucesos: 20.000 pesetas a Isaac Puente, encarcelado como miembro del Comit\u00e9 Revolucionario Nacional y 2.000 a Daniel Garc\u00eda de Alb\u00e9niz<a class=\"enlaceNotaAlPie\" href=\"#nota9\" name=\"enlaceNota9\"><sup>9<\/sup><\/a>, igualmente encarcelado, ambos asesinados por el fascio en 1936-1937. Seguramente hubo m\u00e1s, pero no hemos podido documentarlo como tampoco lo que pudiera haber acaecido en Lapuebla y Villabuena.<\/p>\n<figure id=\"attachment_1921\" aria-describedby=\"caption-attachment-1921\" style=\"width: 800px\" class=\"wp-caption aligncenter\"><a href=\"http:\/\/vitoria.cnt.es\/mh\/wp-content\/uploads\/sites\/2\/2020\/01\/titular-contraportada-pensamiento-alaves-11-12-1933.jpg\"><img loading=\"lazy\" decoding=\"async\" class=\"wp-image-1921\" src=\"http:\/\/vitoria.cnt.es\/mh\/wp-content\/uploads\/sites\/2\/2020\/01\/titular-contraportada-pensamiento-alaves-11-12-1933-300x73.jpg\" alt=\"Titular contraportada Pensamiento Alav\u00e9s 11-12-1933\" title=\"Titular contraportada Pensamiento Alav\u00e9s 11-12-1933\" width=\"800\" height=\"194\" srcset=\"https:\/\/vitoria.cnt.es\/mh\/wp-content\/uploads\/sites\/2\/2020\/01\/titular-contraportada-pensamiento-alaves-11-12-1933-300x73.jpg 300w, https:\/\/vitoria.cnt.es\/mh\/wp-content\/uploads\/sites\/2\/2020\/01\/titular-contraportada-pensamiento-alaves-11-12-1933-768x186.jpg 768w, https:\/\/vitoria.cnt.es\/mh\/wp-content\/uploads\/sites\/2\/2020\/01\/titular-contraportada-pensamiento-alaves-11-12-1933-700x170.jpg 700w, https:\/\/vitoria.cnt.es\/mh\/wp-content\/uploads\/sites\/2\/2020\/01\/titular-contraportada-pensamiento-alaves-11-12-1933-600x146.jpg 600w, https:\/\/vitoria.cnt.es\/mh\/wp-content\/uploads\/sites\/2\/2020\/01\/titular-contraportada-pensamiento-alaves-11-12-1933-280x68.jpg 280w, https:\/\/vitoria.cnt.es\/mh\/wp-content\/uploads\/sites\/2\/2020\/01\/titular-contraportada-pensamiento-alaves-11-12-1933-24x6.jpg 24w, https:\/\/vitoria.cnt.es\/mh\/wp-content\/uploads\/sites\/2\/2020\/01\/titular-contraportada-pensamiento-alaves-11-12-1933-36x9.jpg 36w, https:\/\/vitoria.cnt.es\/mh\/wp-content\/uploads\/sites\/2\/2020\/01\/titular-contraportada-pensamiento-alaves-11-12-1933-48x12.jpg 48w, https:\/\/vitoria.cnt.es\/mh\/wp-content\/uploads\/sites\/2\/2020\/01\/titular-contraportada-pensamiento-alaves-11-12-1933.jpg 1200w\" sizes=\"auto, (max-width: 800px) 100vw, 800px\" \/><\/a><figcaption id=\"caption-attachment-1921\" class=\"wp-caption-text\">Titular contraportada <em>Pensamiento Alav\u00e9s<\/em>, 11 de diciembre de 1933<\/figcaption><\/figure>\n<p align=\"right\"><em>Miguel \u00cd\u00f1iguez y Juan G\u00f3mez Per\u00edn<\/em><\/p>\n<hr \/>\n<p><span class=\"notaAlPie\"><a class=\"destinoNotaAlPie\" href=\"#enlaceNota1\" name=\"nota1\"><sup>1<\/sup><\/a> La participaci\u00f3n de la Regional Norte en su conjunto en la sublevaci\u00f3n anarquista de diciembre de 1933 fue pobre y de hecho en el Pleno de Comarcales de Arag\u00f3n, Rioja y Navarra de junio de 1934, hubo duras cr\u00edticas, sobre todo hacia su secretario, por parte de la comarcal de Logro\u00f1o que dijo haber enviado delegados a Vitoria que fueron despedidos con cajas destempladas. Sobre el mismo asunto el compa\u00f1ero Liberto (seguramente seud\u00f3nimo de Daniel Orille) desde Vitoria en <em>Tierra y Libertad<\/em> (30-6-1934) tambi\u00e9n se mostr\u00f3 muy cr\u00edtico: la CNT de Vitoria no estuvo a la altura requerida el 8 de diciembre.<\/span><\/p>\n<p><span class=\"notaAlPie\"><a class=\"destinoNotaAlPie\" href=\"#enlaceNota2\" name=\"nota2\"><sup>2<\/sup><\/a> La CNT se implant\u00f3 en 1920 en Elciego y Lapuebla de la Barca y en 1923 en Laguardia y Labastida.<\/span><\/p>\n<p><span class=\"notaAlPie\"><a class=\"destinoNotaAlPie\" href=\"#enlaceNota3\" name=\"nota3\"><sup>3<\/sup><\/a> Sobre los sucesos de diciembre de 1933 y sus derivaciones hasta 1936: <em>Pensamiento Alav\u00e9s<\/em>, 9-12-1933, 11-12-1933, 12-12-1933, 14-12-1933, 26-12-1933, 28-12-1933, 29-12-1933, 30-12-1933, 1-1-1934, 3-1-1934, 10-1-1934, 15-3-1934.- <em>La Vanguardia<\/em>, 10-12-1933, 15-12-1933, 17-12-1933, 24-12-1933, 28-12-1933, 30-12-1933, 2-1-1934, 3-1-1934, 14-3-1934, 24-3-1935. &#8211; <em>La Gaceta del Norte<\/em>, 13-12-1933, 16-12-1933, 29-12-1933, 2-1-1934.- <em>La Libertad<\/em>, 26-12-1933, 28-12-1933, 29-12-1933, 1-1-1934, 5-1-1934, 1-4-1933.- <em>Solidaridad Obrera<\/em>, 14-12-1935, 22-1-1936.- <em>Tierra y Libertad<\/em>, 7-7-1934, 20-7-1934, 2-8-1934, rese\u00f1a del consejo de guerra de julio de 1934.- Ferm\u00edn Escribano, <em>La Espa\u00f1a Rojinegra<\/em> (Vitoria, AIP, 2016).- Javier G\u00f3mez, <em>Matar, purgar, sanar<\/em> (Madrid, Tecnos, 2014), 61-62.- Santiago de Pablo, <em>La CNT y los sucesos revolucionarios de Labastida de diciembre de 1933<\/em> (Vitoria, Cuadernos de cultura 8, separata, 1985), 105-116.- Javier Ugarte, <em>La nueva Covadonga insurgente. Or\u00edgenes sociales y culturales de la sublevaci\u00f3n de 1936 en Navarra y el Pa\u00eds Vasco<\/em> (Madrid, Biblioteca Nueva, 1998) cap\u00edtulo \u201cSalinillas se moviliza\u201d.- AHP de \u00c1lava. Libro registro de detenidos y procesados, c\u00e1rcel de Vitoria.- labastida1933.wordpress.com (red, 2019).<\/span><\/p>\n<p><span class=\"notaAlPie\"><a class=\"destinoNotaAlPie\" href=\"#enlaceNota4\" name=\"nota4\"><sup>4<\/sup><\/a> <em>Libro Registro de detenidos y procesados c\u00e1rcel de Vitoria, diciembre de 1933<\/em>.<br \/>\nIsidro Quintana Mart\u00ednez, Nicanor Quintana P\u00e9rez y Jos\u00e9 Gil C\u00e1mara (desde el diez de diciembre), \u00c1ngel Barr\u00f3n Mart\u00ednez, Tom\u00e1s Corcuera C\u00e1mara, Honorato Pesos Aud\u00edcana y Apolinar Estefan\u00eda (desde el once), Miguel Lanzos Garc\u00eda (desde el doce), Luis Gil S\u00e1ez, M\u00e1ximo Gonz\u00e1lez Rodr\u00edguez, Le\u00f3n P\u00e9rez Quintana, Pablo Arroyo Garc\u00eda, Paulino Quintana P\u00e9rez, Pablo Ca\u00f1o S\u00e1ez, F\u00e9lix Manzanos Garc\u00eda, Pablo Varela Fern\u00e1ndez, Esteban Manzanos Garc\u00eda y Antonio Barr\u00f3n Mart\u00ednez (desde el quince), Alejandro Quintana Garc\u00eda, Esteban Mart\u00ednez Montejo (desde el 16), Seraf\u00edn Vadillo L\u00f3pez (desde el 19), Formerio Amurrio Le\u00f3n, Laureano Quintana Mart\u00edn, F\u00e9lix Pesos Aud\u00edcana, Ponciano Quintana Mart\u00ednez, \u00c1ngel Manzanos Garc\u00eda, \u00c1ngel Barr\u00f3n Mart\u00ednez, Arroyo Barredo, Honorato Amurrio Mart\u00ednez, Joaqu\u00edn Amurrio L\u00f3pez, Rafael Mart\u00ednez Montoya, Daniel Mart\u00ednez Velasco, Vicente Ortega Le\u00f3n, Eugenio Ayuso Bravo, F\u00e9lix Mart\u00ednez Hidalgo, Nicol\u00e1s Ortega Blanco, Jos\u00e9 Rodr\u00edguez Garc\u00eda (desde el 22).<\/span><\/p>\n<p><span class=\"notaAlPie\"><a class=\"destinoNotaAlPie\" href=\"#enlaceNota5\" name=\"nota5\"><sup>5<\/sup><\/a> <em>La Vanguardia<\/em>, 11-3-1934 y 14-3-1934.<\/span><\/p>\n<p><span class=\"notaAlPie\"><a class=\"destinoNotaAlPie\" href=\"#enlaceNota6\" name=\"nota6\"><sup>6<\/sup><\/a> D\u00edas despu\u00e9s fue condenado por el tribunal de urgencia de Vitoria a tres a\u00f1os de presidio menor, por tenencia de substancias y aparatos explosivos. <em>La Vanguardia<\/em>, 24-12-1933.<\/span><\/p>\n<p><span class=\"notaAlPie\"><a class=\"destinoNotaAlPie\" href=\"#enlaceNota7\" name=\"nota7\"><sup>7<\/sup><\/a> <em>Libro Registro de detenidos y procesados de la c\u00e1rcel de Vitoria<\/em>: encarcelados por disposici\u00f3n gubernativa, algunos enviados al tribunal de urgencia, entre el 9 y el 14 de diciembre (no se incluyen los de Labastida): Justo Abad, Juli\u00e1n Alarcia, Sebasti\u00e1n Amboto, Roque Angulo, Mart\u00edn Azpiazu, Vicente Baroja, Estanislao Barredo, Roberto Basterra, Daniel Campos, Jos\u00e9 Corres, Emilio Cort\u00e1zar, Jos\u00e9 D\u00edaz, Antonio Di\u00e9guez, Te\u00f3filo Gallo, \u00c1ngel Garc\u00eda, Jos\u00e9 Garc\u00eda, Juan Garc\u00eda, Victoriano Gonz\u00e1lez, Juli\u00e1n Guridi, Eduardo Irigoyen, Juan Jim\u00e9nez, Primitivo L\u00f3pez, Erotis Lozano, Jos\u00e9 Manzanares, \u00c1ngel Mart\u00ednez, Antonino Mesanza, Leocadio Mesanza, Paulino Mesanza, Antonio Navarrete, Mariano Noguera, Blas Ochoa, Rufino Padrones, Jos\u00e9 Paumero, Eladio Peci\u00f1a, Sebasti\u00e1n P\u00e9rez, Antonio Quintana, Domingo Ram\u00edrez, F\u00e9lix Ram\u00edrez, Antonio Retes, Atanasio Rituerto, Eliecer Saiz, Seraf\u00edn S\u00e1ez, Nicol\u00e1s Salda\u00f1a, Manuel Samaniego, Andr\u00e9s Sarrate, Luis Urquizu, F\u00e9lix Urraca, Juan V\u00e1zquez y Jos\u00e9 Villambiste. El d\u00eda 19 Ambrosio Ocio, Nicasio Marcos y Valent\u00edn Garc\u00eda. El d\u00eda 28 Daniel Orille, multado dos d\u00edas antes con 20.000 pesetas.<\/span><\/p>\n<p><span class=\"notaAlPie\"><a class=\"destinoNotaAlPie\" href=\"#enlaceNota8\" name=\"nota8\"><sup>8<\/sup><\/a> Pedro Os\u00e9s y David Lamaza fueron asesinados en 1936.<\/span><\/p>\n<p><span class=\"notaAlPie\"><a class=\"destinoNotaAlPie\" href=\"#enlaceNota9\" name=\"nota9\"><sup>9<\/sup><\/a> <em>Pensamiento Alav\u00e9s<\/em>, 26-12-1933. <em>La Vanguardia<\/em> 2-1-1934.<\/span><\/p>\n","protected":false},"excerpt":{"rendered":"<p>En las elecciones de 19 de noviembre y 3 de diciembre de 1933 si en el conjunto de Espa\u00f1a gan\u00f3 la derecha en \u00c1lava no fue menos: los tradicionalistas de Oriol sacaron m\u00e1s votos que el resto de los partidos &hellip; <\/p>\n","protected":false},"author":2,"featured_media":1920,"comment_status":"closed","ping_status":"open","sticky":false,"template":"","format":"standard","meta":{"jetpack_post_was_ever_published":false,"_jetpack_newsletter_access":"","_jetpack_dont_email_post_to_subs":false,"_jetpack_newsletter_tier_id":0,"_jetpack_memberships_contains_paywalled_content":false,"_jetpack_memberships_contains_paid_content":false,"footnotes":"","jetpack_publicize_message":"","jetpack_publicize_feature_enabled":true,"jetpack_social_post_already_shared":true,"jetpack_social_options":{"image_generator_settings":{"template":"highway","enabled":false},"version":2}},"categories":[4],"tags":[10],"class_list":["post-1914","post","type-post","status-publish","format-standard","has-post-thumbnail","hentry","category-la-historia","tag-la-historia"],"jetpack_publicize_connections":[],"jetpack_featured_media_url":"https:\/\/vitoria.cnt.es\/mh\/wp-content\/uploads\/sites\/2\/2020\/01\/francisco-basterra.jpg","jetpack_sharing_enabled":true,"jetpack_shortlink":"https:\/\/wp.me\/p58fhe-uS","_links":{"self":[{"href":"https:\/\/vitoria.cnt.es\/mh\/wp-json\/wp\/v2\/posts\/1914","targetHints":{"allow":["GET"]}}],"collection":[{"href":"https:\/\/vitoria.cnt.es\/mh\/wp-json\/wp\/v2\/posts"}],"about":[{"href":"https:\/\/vitoria.cnt.es\/mh\/wp-json\/wp\/v2\/types\/post"}],"author":[{"embeddable":true,"href":"https:\/\/vitoria.cnt.es\/mh\/wp-json\/wp\/v2\/users\/2"}],"replies":[{"embeddable":true,"href":"https:\/\/vitoria.cnt.es\/mh\/wp-json\/wp\/v2\/comments?post=1914"}],"version-history":[{"count":21,"href":"https:\/\/vitoria.cnt.es\/mh\/wp-json\/wp\/v2\/posts\/1914\/revisions"}],"predecessor-version":[{"id":2495,"href":"https:\/\/vitoria.cnt.es\/mh\/wp-json\/wp\/v2\/posts\/1914\/revisions\/2495"}],"wp:featuredmedia":[{"embeddable":true,"href":"https:\/\/vitoria.cnt.es\/mh\/wp-json\/wp\/v2\/media\/1920"}],"wp:attachment":[{"href":"https:\/\/vitoria.cnt.es\/mh\/wp-json\/wp\/v2\/media?parent=1914"}],"wp:term":[{"taxonomy":"category","embeddable":true,"href":"https:\/\/vitoria.cnt.es\/mh\/wp-json\/wp\/v2\/categories?post=1914"},{"taxonomy":"post_tag","embeddable":true,"href":"https:\/\/vitoria.cnt.es\/mh\/wp-json\/wp\/v2\/tags?post=1914"}],"curies":[{"name":"wp","href":"https:\/\/api.w.org\/{rel}","templated":true}]}}