{"id":1958,"date":"2020-02-11T13:01:18","date_gmt":"2020-02-11T13:01:18","guid":{"rendered":"http:\/\/vitoria.cnt.es\/mh\/?p=1958"},"modified":"2020-07-02T16:40:24","modified_gmt":"2020-07-02T16:40:24","slug":"documentos-historicos-solicitud-del-sindicato-unico-de-vitoria-de-un-solar-para-la-construccion-de-un-edificio-social-noviembre-a-diciembre-de-1931","status":"publish","type":"post","link":"https:\/\/vitoria.cnt.es\/mh\/documentos-historicos-solicitud-del-sindicato-unico-de-vitoria-de-un-solar-para-la-construccion-de-un-edificio-social-noviembre-a-diciembre-de-1931\/","title":{"rendered":"SOLICITUD DEL SINDICATO \u00daNICO DE VITORIA DE UN SOLAR PARA LA CONSTRUCCI\u00d3N DE UN EDIFICIO SOCIAL. <br>Noviembre a diciembre de 1931"},"content":{"rendered":"<div id='gallery-1' class='gallery galleryid-1958 gallery-columns-3 gallery-size-large'><figure class='gallery-item'>\n\t\t\t<div class='gallery-icon portrait'>\n\t\t\t\t<a href='https:\/\/vitoria.cnt.es\/mh\/01-cnt-sindicato-unico-vitoria-solicitud-solar-para-local-social-portada-registro-16-11-1931\/'><img loading=\"lazy\" decoding=\"async\" width=\"475\" height=\"700\" src=\"https:\/\/vitoria.cnt.es\/mh\/wp-content\/uploads\/sites\/2\/2020\/02\/01-cnt-sindicato-unico-vitoria-solicitud-solar-para-local-social-portada-registro-16-11-1931-475x700.jpg\" class=\"attachment-large size-large\" alt=\"16-11-1931. CNT Sindicato \u00danico de Vitoria. Solicitud solar para local social. Portada expediente\" aria-describedby=\"gallery-1-1951\" srcset=\"https:\/\/vitoria.cnt.es\/mh\/wp-content\/uploads\/sites\/2\/2020\/02\/01-cnt-sindicato-unico-vitoria-solicitud-solar-para-local-social-portada-registro-16-11-1931-475x700.jpg 475w, https:\/\/vitoria.cnt.es\/mh\/wp-content\/uploads\/sites\/2\/2020\/02\/01-cnt-sindicato-unico-vitoria-solicitud-solar-para-local-social-portada-registro-16-11-1931-204x300.jpg 204w, https:\/\/vitoria.cnt.es\/mh\/wp-content\/uploads\/sites\/2\/2020\/02\/01-cnt-sindicato-unico-vitoria-solicitud-solar-para-local-social-portada-registro-16-11-1931-768x1131.jpg 768w, https:\/\/vitoria.cnt.es\/mh\/wp-content\/uploads\/sites\/2\/2020\/02\/01-cnt-sindicato-unico-vitoria-solicitud-solar-para-local-social-portada-registro-16-11-1931-407x600.jpg 407w, https:\/\/vitoria.cnt.es\/mh\/wp-content\/uploads\/sites\/2\/2020\/02\/01-cnt-sindicato-unico-vitoria-solicitud-solar-para-local-social-portada-registro-16-11-1931-109x160.jpg 109w, https:\/\/vitoria.cnt.es\/mh\/wp-content\/uploads\/sites\/2\/2020\/02\/01-cnt-sindicato-unico-vitoria-solicitud-solar-para-local-social-portada-registro-16-11-1931-16x24.jpg 16w, https:\/\/vitoria.cnt.es\/mh\/wp-content\/uploads\/sites\/2\/2020\/02\/01-cnt-sindicato-unico-vitoria-solicitud-solar-para-local-social-portada-registro-16-11-1931-24x36.jpg 24w, https:\/\/vitoria.cnt.es\/mh\/wp-content\/uploads\/sites\/2\/2020\/02\/01-cnt-sindicato-unico-vitoria-solicitud-solar-para-local-social-portada-registro-16-11-1931-33x48.jpg 33w, https:\/\/vitoria.cnt.es\/mh\/wp-content\/uploads\/sites\/2\/2020\/02\/01-cnt-sindicato-unico-vitoria-solicitud-solar-para-local-social-portada-registro-16-11-1931.jpg 1086w\" sizes=\"auto, (max-width: 475px) 100vw, 475px\" \/><\/a>\n\t\t\t<\/div>\n\t\t\t\t<figcaption class='wp-caption-text gallery-caption' id='gallery-1-1951'>\n\t\t\t\t16 de noviembre de 1931. Portada expediente del escrito del Sindicato \u00danico solicitando terrenos para la construcci\u00f3n de un edificio social\n\t\t\t\t<\/figcaption><\/figure><figure class='gallery-item'>\n\t\t\t<div class='gallery-icon portrait'>\n\t\t\t\t<a href='https:\/\/vitoria.cnt.es\/mh\/02-cnt-sindicato-unico-vitoria-solicitud-solar-para-local-social-documento-cnt-16-11-1931-1\/'><img loading=\"lazy\" decoding=\"async\" width=\"462\" height=\"700\" src=\"https:\/\/vitoria.cnt.es\/mh\/wp-content\/uploads\/sites\/2\/2020\/02\/02-cnt-sindicato-unico-vitoria-solicitud-solar-para-local-social-documento-cnt-16-11-1931-1-462x700.jpg\" class=\"attachment-large size-large\" alt=\"16-11-1931. CNT Sindicato \u00danico de Vitoria. Solicitud solar para local social. Escrito Sindicato primera p\u00e1gina\" aria-describedby=\"gallery-1-1952\" srcset=\"https:\/\/vitoria.cnt.es\/mh\/wp-content\/uploads\/sites\/2\/2020\/02\/02-cnt-sindicato-unico-vitoria-solicitud-solar-para-local-social-documento-cnt-16-11-1931-1-462x700.jpg 462w, https:\/\/vitoria.cnt.es\/mh\/wp-content\/uploads\/sites\/2\/2020\/02\/02-cnt-sindicato-unico-vitoria-solicitud-solar-para-local-social-documento-cnt-16-11-1931-1-198x300.jpg 198w, https:\/\/vitoria.cnt.es\/mh\/wp-content\/uploads\/sites\/2\/2020\/02\/02-cnt-sindicato-unico-vitoria-solicitud-solar-para-local-social-documento-cnt-16-11-1931-1-768x1163.jpg 768w, https:\/\/vitoria.cnt.es\/mh\/wp-content\/uploads\/sites\/2\/2020\/02\/02-cnt-sindicato-unico-vitoria-solicitud-solar-para-local-social-documento-cnt-16-11-1931-1-396x600.jpg 396w, https:\/\/vitoria.cnt.es\/mh\/wp-content\/uploads\/sites\/2\/2020\/02\/02-cnt-sindicato-unico-vitoria-solicitud-solar-para-local-social-documento-cnt-16-11-1931-1-106x160.jpg 106w, https:\/\/vitoria.cnt.es\/mh\/wp-content\/uploads\/sites\/2\/2020\/02\/02-cnt-sindicato-unico-vitoria-solicitud-solar-para-local-social-documento-cnt-16-11-1931-1-16x24.jpg 16w, https:\/\/vitoria.cnt.es\/mh\/wp-content\/uploads\/sites\/2\/2020\/02\/02-cnt-sindicato-unico-vitoria-solicitud-solar-para-local-social-documento-cnt-16-11-1931-1-24x36.jpg 24w, https:\/\/vitoria.cnt.es\/mh\/wp-content\/uploads\/sites\/2\/2020\/02\/02-cnt-sindicato-unico-vitoria-solicitud-solar-para-local-social-documento-cnt-16-11-1931-1-32x48.jpg 32w, https:\/\/vitoria.cnt.es\/mh\/wp-content\/uploads\/sites\/2\/2020\/02\/02-cnt-sindicato-unico-vitoria-solicitud-solar-para-local-social-documento-cnt-16-11-1931-1.jpg 1057w\" sizes=\"auto, (max-width: 462px) 100vw, 462px\" \/><\/a>\n\t\t\t<\/div>\n\t\t\t\t<figcaption class='wp-caption-text gallery-caption' id='gallery-1-1952'>\n\t\t\t\t16 de noviembre de 1931. Escrito del Sindicato \u00danico solicitando un solar para la construcci\u00f3n de un edificio social. Primera p\u00e1gina\n\t\t\t\t<\/figcaption><\/figure><figure class='gallery-item'>\n\t\t\t<div class='gallery-icon portrait'>\n\t\t\t\t<a href='https:\/\/vitoria.cnt.es\/mh\/03-cnt-sindicato-unico-vitoria-solicitud-solar-para-local-social-documento-cnt-16-11-1931-2\/'><img loading=\"lazy\" decoding=\"async\" width=\"482\" height=\"700\" src=\"https:\/\/vitoria.cnt.es\/mh\/wp-content\/uploads\/sites\/2\/2020\/02\/03-cnt-sindicato-unico-vitoria-solicitud-solar-para-local-social-documento-cnt-16-11-1931-2-482x700.jpg\" class=\"attachment-large size-large\" alt=\"16-11-1931. CNT Sindicato \u00danico de Vitoria. Solicitud solar para local social. Escrito Sindicato segunda p\u00e1gina\" aria-describedby=\"gallery-1-1953\" srcset=\"https:\/\/vitoria.cnt.es\/mh\/wp-content\/uploads\/sites\/2\/2020\/02\/03-cnt-sindicato-unico-vitoria-solicitud-solar-para-local-social-documento-cnt-16-11-1931-2-482x700.jpg 482w, https:\/\/vitoria.cnt.es\/mh\/wp-content\/uploads\/sites\/2\/2020\/02\/03-cnt-sindicato-unico-vitoria-solicitud-solar-para-local-social-documento-cnt-16-11-1931-2-207x300.jpg 207w, https:\/\/vitoria.cnt.es\/mh\/wp-content\/uploads\/sites\/2\/2020\/02\/03-cnt-sindicato-unico-vitoria-solicitud-solar-para-local-social-documento-cnt-16-11-1931-2-768x1115.jpg 768w, https:\/\/vitoria.cnt.es\/mh\/wp-content\/uploads\/sites\/2\/2020\/02\/03-cnt-sindicato-unico-vitoria-solicitud-solar-para-local-social-documento-cnt-16-11-1931-2-413x600.jpg 413w, https:\/\/vitoria.cnt.es\/mh\/wp-content\/uploads\/sites\/2\/2020\/02\/03-cnt-sindicato-unico-vitoria-solicitud-solar-para-local-social-documento-cnt-16-11-1931-2-110x160.jpg 110w, https:\/\/vitoria.cnt.es\/mh\/wp-content\/uploads\/sites\/2\/2020\/02\/03-cnt-sindicato-unico-vitoria-solicitud-solar-para-local-social-documento-cnt-16-11-1931-2-17x24.jpg 17w, https:\/\/vitoria.cnt.es\/mh\/wp-content\/uploads\/sites\/2\/2020\/02\/03-cnt-sindicato-unico-vitoria-solicitud-solar-para-local-social-documento-cnt-16-11-1931-2-25x36.jpg 25w, https:\/\/vitoria.cnt.es\/mh\/wp-content\/uploads\/sites\/2\/2020\/02\/03-cnt-sindicato-unico-vitoria-solicitud-solar-para-local-social-documento-cnt-16-11-1931-2-33x48.jpg 33w, https:\/\/vitoria.cnt.es\/mh\/wp-content\/uploads\/sites\/2\/2020\/02\/03-cnt-sindicato-unico-vitoria-solicitud-solar-para-local-social-documento-cnt-16-11-1931-2.jpg 1102w\" sizes=\"auto, (max-width: 482px) 100vw, 482px\" \/><\/a>\n\t\t\t<\/div>\n\t\t\t\t<figcaption class='wp-caption-text gallery-caption' id='gallery-1-1953'>\n\t\t\t\t16 de noviembre de 1931. Escrito del Sindicato \u00danico solicitando un solar para la construcci\u00f3n de un edificio social. Segunda p\u00e1gina\n\t\t\t\t<\/figcaption><\/figure><figure class='gallery-item'>\n\t\t\t<div class='gallery-icon portrait'>\n\t\t\t\t<a href='https:\/\/vitoria.cnt.es\/mh\/04-cnt-sindicato-unico-vitoria-solicitud-solar-para-local-social-comision-fomento-al-alcalde-20-24-11-1931\/'><img loading=\"lazy\" decoding=\"async\" width=\"441\" height=\"700\" src=\"https:\/\/vitoria.cnt.es\/mh\/wp-content\/uploads\/sites\/2\/2020\/02\/04-cnt-sindicato-unico-vitoria-solicitud-solar-para-local-social-comision-fomento-al-alcalde-20-24-11-1931-441x700.jpg\" class=\"attachment-large size-large\" alt=\"20 y 24-11-1931. CNT Sindicato \u00danico de Vitoria. Solicitud solar para local social. Comisi\u00f3n de Fomento del Ayuntamiento al alcalde\" aria-describedby=\"gallery-1-1957\" srcset=\"https:\/\/vitoria.cnt.es\/mh\/wp-content\/uploads\/sites\/2\/2020\/02\/04-cnt-sindicato-unico-vitoria-solicitud-solar-para-local-social-comision-fomento-al-alcalde-20-24-11-1931-441x700.jpg 441w, https:\/\/vitoria.cnt.es\/mh\/wp-content\/uploads\/sites\/2\/2020\/02\/04-cnt-sindicato-unico-vitoria-solicitud-solar-para-local-social-comision-fomento-al-alcalde-20-24-11-1931-189x300.jpg 189w, https:\/\/vitoria.cnt.es\/mh\/wp-content\/uploads\/sites\/2\/2020\/02\/04-cnt-sindicato-unico-vitoria-solicitud-solar-para-local-social-comision-fomento-al-alcalde-20-24-11-1931-768x1220.jpg 768w, https:\/\/vitoria.cnt.es\/mh\/wp-content\/uploads\/sites\/2\/2020\/02\/04-cnt-sindicato-unico-vitoria-solicitud-solar-para-local-social-comision-fomento-al-alcalde-20-24-11-1931-378x600.jpg 378w, https:\/\/vitoria.cnt.es\/mh\/wp-content\/uploads\/sites\/2\/2020\/02\/04-cnt-sindicato-unico-vitoria-solicitud-solar-para-local-social-comision-fomento-al-alcalde-20-24-11-1931-101x160.jpg 101w, https:\/\/vitoria.cnt.es\/mh\/wp-content\/uploads\/sites\/2\/2020\/02\/04-cnt-sindicato-unico-vitoria-solicitud-solar-para-local-social-comision-fomento-al-alcalde-20-24-11-1931-15x24.jpg 15w, https:\/\/vitoria.cnt.es\/mh\/wp-content\/uploads\/sites\/2\/2020\/02\/04-cnt-sindicato-unico-vitoria-solicitud-solar-para-local-social-comision-fomento-al-alcalde-20-24-11-1931-23x36.jpg 23w, https:\/\/vitoria.cnt.es\/mh\/wp-content\/uploads\/sites\/2\/2020\/02\/04-cnt-sindicato-unico-vitoria-solicitud-solar-para-local-social-comision-fomento-al-alcalde-20-24-11-1931-30x48.jpg 30w, https:\/\/vitoria.cnt.es\/mh\/wp-content\/uploads\/sites\/2\/2020\/02\/04-cnt-sindicato-unico-vitoria-solicitud-solar-para-local-social-comision-fomento-al-alcalde-20-24-11-1931.jpg 1007w\" sizes=\"auto, (max-width: 441px) 100vw, 441px\" \/><\/a>\n\t\t\t<\/div>\n\t\t\t\t<figcaption class='wp-caption-text gallery-caption' id='gallery-1-1957'>\n\t\t\t\t20 y 24 de noviembre de 1931. Comisi\u00f3n de Fomento del Ayuntamiento al alcalde sobre el escrito del Sindicato \u00danico solicitando terrenos para la construcci\u00f3n de un edificio social\n\t\t\t\t<\/figcaption><\/figure><figure class='gallery-item'>\n\t\t\t<div class='gallery-icon portrait'>\n\t\t\t\t<a href='https:\/\/vitoria.cnt.es\/mh\/05-cnt-sindicato-unico-vitoria-solicitud-solar-para-local-social-comision-fomento-al-alcalde-4-10-12-1931-4\/'><img loading=\"lazy\" decoding=\"async\" width=\"473\" height=\"700\" src=\"https:\/\/vitoria.cnt.es\/mh\/wp-content\/uploads\/sites\/2\/2020\/02\/05-cnt-sindicato-unico-vitoria-solicitud-solar-para-local-social-comision-fomento-al-alcalde-4-10-12-1931-4-473x700.jpg\" class=\"attachment-large size-large\" alt=\"4 y 10-12-1931. CNT Sindicato \u00danico de Vitoria. Solicitud solar para local social. Comisi\u00f3n de Fomento del Ayuntamiento al alcalde\" aria-describedby=\"gallery-1-1955\" srcset=\"https:\/\/vitoria.cnt.es\/mh\/wp-content\/uploads\/sites\/2\/2020\/02\/05-cnt-sindicato-unico-vitoria-solicitud-solar-para-local-social-comision-fomento-al-alcalde-4-10-12-1931-4-473x700.jpg 473w, https:\/\/vitoria.cnt.es\/mh\/wp-content\/uploads\/sites\/2\/2020\/02\/05-cnt-sindicato-unico-vitoria-solicitud-solar-para-local-social-comision-fomento-al-alcalde-4-10-12-1931-4-203x300.jpg 203w, https:\/\/vitoria.cnt.es\/mh\/wp-content\/uploads\/sites\/2\/2020\/02\/05-cnt-sindicato-unico-vitoria-solicitud-solar-para-local-social-comision-fomento-al-alcalde-4-10-12-1931-4-768x1138.jpg 768w, https:\/\/vitoria.cnt.es\/mh\/wp-content\/uploads\/sites\/2\/2020\/02\/05-cnt-sindicato-unico-vitoria-solicitud-solar-para-local-social-comision-fomento-al-alcalde-4-10-12-1931-4-405x600.jpg 405w, https:\/\/vitoria.cnt.es\/mh\/wp-content\/uploads\/sites\/2\/2020\/02\/05-cnt-sindicato-unico-vitoria-solicitud-solar-para-local-social-comision-fomento-al-alcalde-4-10-12-1931-4-108x160.jpg 108w, https:\/\/vitoria.cnt.es\/mh\/wp-content\/uploads\/sites\/2\/2020\/02\/05-cnt-sindicato-unico-vitoria-solicitud-solar-para-local-social-comision-fomento-al-alcalde-4-10-12-1931-4-16x24.jpg 16w, https:\/\/vitoria.cnt.es\/mh\/wp-content\/uploads\/sites\/2\/2020\/02\/05-cnt-sindicato-unico-vitoria-solicitud-solar-para-local-social-comision-fomento-al-alcalde-4-10-12-1931-4-24x36.jpg 24w, https:\/\/vitoria.cnt.es\/mh\/wp-content\/uploads\/sites\/2\/2020\/02\/05-cnt-sindicato-unico-vitoria-solicitud-solar-para-local-social-comision-fomento-al-alcalde-4-10-12-1931-4-32x48.jpg 32w, https:\/\/vitoria.cnt.es\/mh\/wp-content\/uploads\/sites\/2\/2020\/02\/05-cnt-sindicato-unico-vitoria-solicitud-solar-para-local-social-comision-fomento-al-alcalde-4-10-12-1931-4.jpg 1080w\" sizes=\"auto, (max-width: 473px) 100vw, 473px\" \/><\/a>\n\t\t\t<\/div>\n\t\t\t\t<figcaption class='wp-caption-text gallery-caption' id='gallery-1-1955'>\n\t\t\t\t4 y 10 de diciembre de 1931. Comisi\u00f3n de Fomento del Ayuntamiento al alcalde sobre el escrito del Sindicato \u00danico solicitando terrenos para la construcci\u00f3n de un edificio social\n\t\t\t\t<\/figcaption><\/figure><figure class='gallery-item'>\n\t\t\t<div class='gallery-icon portrait'>\n\t\t\t\t<a href='https:\/\/vitoria.cnt.es\/mh\/06-cnt-sindicato-unico-vitoria-solicitud-solar-para-local-social-respuesta-alcalde-17-12-1931\/'><img loading=\"lazy\" decoding=\"async\" width=\"476\" height=\"700\" src=\"https:\/\/vitoria.cnt.es\/mh\/wp-content\/uploads\/sites\/2\/2020\/02\/06-cnt-sindicato-unico-vitoria-solicitud-solar-para-local-social-respuesta-alcalde-17-12-1931-476x700.jpg\" class=\"attachment-large size-large\" alt=\"17-12-1931. CNT Sindicato \u00danico de Vitoria. Solicitud solar para local social. Respuesta definitiva del alcalde\" aria-describedby=\"gallery-1-1956\" srcset=\"https:\/\/vitoria.cnt.es\/mh\/wp-content\/uploads\/sites\/2\/2020\/02\/06-cnt-sindicato-unico-vitoria-solicitud-solar-para-local-social-respuesta-alcalde-17-12-1931-476x700.jpg 476w, https:\/\/vitoria.cnt.es\/mh\/wp-content\/uploads\/sites\/2\/2020\/02\/06-cnt-sindicato-unico-vitoria-solicitud-solar-para-local-social-respuesta-alcalde-17-12-1931-204x300.jpg 204w, https:\/\/vitoria.cnt.es\/mh\/wp-content\/uploads\/sites\/2\/2020\/02\/06-cnt-sindicato-unico-vitoria-solicitud-solar-para-local-social-respuesta-alcalde-17-12-1931-768x1130.jpg 768w, https:\/\/vitoria.cnt.es\/mh\/wp-content\/uploads\/sites\/2\/2020\/02\/06-cnt-sindicato-unico-vitoria-solicitud-solar-para-local-social-respuesta-alcalde-17-12-1931-408x600.jpg 408w, https:\/\/vitoria.cnt.es\/mh\/wp-content\/uploads\/sites\/2\/2020\/02\/06-cnt-sindicato-unico-vitoria-solicitud-solar-para-local-social-respuesta-alcalde-17-12-1931-109x160.jpg 109w, https:\/\/vitoria.cnt.es\/mh\/wp-content\/uploads\/sites\/2\/2020\/02\/06-cnt-sindicato-unico-vitoria-solicitud-solar-para-local-social-respuesta-alcalde-17-12-1931-16x24.jpg 16w, https:\/\/vitoria.cnt.es\/mh\/wp-content\/uploads\/sites\/2\/2020\/02\/06-cnt-sindicato-unico-vitoria-solicitud-solar-para-local-social-respuesta-alcalde-17-12-1931-24x36.jpg 24w, https:\/\/vitoria.cnt.es\/mh\/wp-content\/uploads\/sites\/2\/2020\/02\/06-cnt-sindicato-unico-vitoria-solicitud-solar-para-local-social-respuesta-alcalde-17-12-1931-33x48.jpg 33w, https:\/\/vitoria.cnt.es\/mh\/wp-content\/uploads\/sites\/2\/2020\/02\/06-cnt-sindicato-unico-vitoria-solicitud-solar-para-local-social-respuesta-alcalde-17-12-1931.jpg 1087w\" sizes=\"auto, (max-width: 476px) 100vw, 476px\" \/><\/a>\n\t\t\t<\/div>\n\t\t\t\t<figcaption class='wp-caption-text gallery-caption' id='gallery-1-1956'>\n\t\t\t\t17 de diciembre de 1931. Respuesta definitiva del alcalde al escrito del Sindicato \u00danico solicitando terrenos para la construcci\u00f3n de un edificio social\n\t\t\t\t<\/figcaption><\/figure>\n\t\t<\/div>\n\n<p>Bien entrado 1931 la CNT de Vitoria se siente con fuerzas para dotarse de un local social propio. Los tiempos de alquileres, una reiterada costumbre hist\u00f3rica, hab\u00edan pasado. Re\u00fane a sus afiliados en el Ideal Cinema, acuerda construir un edificio de su propiedad y nombra una comisi\u00f3n encargada del proyecto. La comisi\u00f3n queda formada por cuatro militantes uno por cada sindicato (Madera, Construcci\u00f3n, Metalurgia y Varios), en concreto por Valent\u00edn Garc\u00eda (Metal), Eusebio S\u00e1enz (Construcci\u00f3n), \u00c1ngel P\u00e9rez (Madera) y Sime\u00f3n Garc\u00eda (Varios).<\/p>\n<p>En instancia al ayuntamiento solicita la cesi\u00f3n o venta del solar sito en la calle Correr\u00eda, colindante con el Matadero y propiedad del municipio. Caso de no poder ser concedido lo pedido solicitan otro de dimensiones semejantes.<\/p>\n<p>El escrito va firmado por la Comisi\u00f3n y fechado en Vitoria el 16 de noviembre de 1931.<\/p>\n<p>El 20 de noviembre otra comisi\u00f3n, la Comisi\u00f3n de Fomento del Ayuntamiento, se dirig\u00eda al alcalde: \u201cteniendo en cuenta los proyectos de construcci\u00f3n que V.E. tiene en estudio y el asunto tan complejo como es el solicitado sobre la forma de realizarlo, condiciones de venta o cesi\u00f3n del terreno, etc. opina que no puede accederse a lo solicitado\u201d, \u201cV.E., no obstante resolver\u00e1 lo que tenga por conveniente\u201d.<\/p>\n<p>El 24 de noviembre en sesi\u00f3n ordinaria del Ayuntamiento el anterior dictamen volvi\u00f3 a la comisi\u00f3n de fomento a propuesta del se\u00f1or Herrero. Los se\u00f1ores Alfaro y San Vicente se\u00f1alaron \u201cla conveniencia de que se atienda la petici\u00f3n viendo los terrenos que pueden ofrecerse\u201d. El se\u00f1or Quintana abog\u00f3 a favor de que \u201cse les conceda gratuitamente en atenci\u00f3n al fin de solidaridad que persiguen beneficios para la sociedad y en particular para los obreros que individualmente no han podido alcanzar los beneficios que ahora consiguen con la asociaci\u00f3n\u201d. El se\u00f1or Fern\u00e1ndez de Troc\u00f3niz dijo que pod\u00edan ced\u00e9rseles gratuitamente los terrenos del Laboratorio Qu\u00edmico Municipal y buscar otros para las dem\u00e1s entidades an\u00e1logas\u201d.<\/p>\n<p>Parec\u00eda predominar la decisi\u00f3n de acceder a la petici\u00f3n del Sindicato \u00danico. Las apariencias eran enga\u00f1osas ya que el Alcalde respondi\u00f3 a la CNT el 17 de diciembre:<\/p>\n<p>Reunido en sesi\u00f3n ordinaria el ayuntamiento el diez de diciembre rechaz\u00f3 la petici\u00f3n \u201cno puede atenderse a la petici\u00f3n por no encontrarse medios h\u00e1biles para ello\u201d. El se\u00f1or Alfaro \u201cpropone que se estudie la forma de conceder terrenos gratuitos a los centros obreros de todas clases\u201d y el se\u00f1or San Vicente que por ahora hay que atender primeramente a la construcci\u00f3n de Casas Baratas y luego se estudiar\u00e1 el conceder terreno a los centros obreros\u201d.<\/p>\n<p>De los concejales citados Alfaro, San Vicente y Quintana eran republicanos, Herrero socialista, y Troc\u00f3niz nacionalista. El alcalde, tambi\u00e9n republicano, Teodoro Gonz\u00e1lez de Z\u00e1rate.<\/p>\n<p>La CNT preguntaba por Pepe y le respond\u00edan que Pedro no estaba en casa. No es de extra\u00f1ar que la CNT no se sintiera a gusto con aquellos republicanos de boca torcida.<\/p>\n<p>Setenta a\u00f1os m\u00e1s tarde la reconstruida CNT de Vitoria se dotaba de un local de su propiedad, costeado por sus afiliados, curiosamente tambi\u00e9n sito en la calle Correr\u00edas. A veces el tiempo ayuda a cumplir sue\u00f1os, deseos y proyectos antiguos. Tal vez lo de 1931 fuera una premonici\u00f3n.<\/p>\n<p align=\"right\"><em>Miguel \u00cd\u00f1iguez<\/em><\/p>\n<p>Documentos en el Archivo Municipal Pilar Ar\u00f3stegui de Vitoria-Gasteiz.<\/p>\n","protected":false},"excerpt":{"rendered":"<p>Bien entrado 1931 la CNT de Vitoria se siente con fuerzas para dotarse de un local social propio. Los tiempos de alquileres, una reiterada costumbre hist\u00f3rica, hab\u00edan pasado. Re\u00fane a sus afiliados en el Ideal Cinema, acuerda construir un edificio &hellip; <\/p>\n","protected":false},"author":2,"featured_media":1953,"comment_status":"closed","ping_status":"open","sticky":false,"template":"","format":"standard","meta":{"jetpack_post_was_ever_published":false,"_jetpack_newsletter_access":"","_jetpack_dont_email_post_to_subs":false,"_jetpack_newsletter_tier_id":0,"_jetpack_memberships_contains_paywalled_content":false,"_jetpack_memberships_contains_paid_content":false,"footnotes":"","jetpack_publicize_message":"","jetpack_publicize_feature_enabled":true,"jetpack_social_post_already_shared":true,"jetpack_social_options":{"image_generator_settings":{"template":"highway","enabled":false},"version":2}},"categories":[11],"tags":[8],"class_list":["post-1958","post","type-post","status-publish","format-standard","has-post-thumbnail","hentry","category-documentos-historicos","tag-documentos-historicos"],"jetpack_publicize_connections":[],"jetpack_featured_media_url":"https:\/\/vitoria.cnt.es\/mh\/wp-content\/uploads\/sites\/2\/2020\/02\/03-cnt-sindicato-unico-vitoria-solicitud-solar-para-local-social-documento-cnt-16-11-1931-2.jpg","jetpack_sharing_enabled":true,"jetpack_shortlink":"https:\/\/wp.me\/p58fhe-vA","_links":{"self":[{"href":"https:\/\/vitoria.cnt.es\/mh\/wp-json\/wp\/v2\/posts\/1958","targetHints":{"allow":["GET"]}}],"collection":[{"href":"https:\/\/vitoria.cnt.es\/mh\/wp-json\/wp\/v2\/posts"}],"about":[{"href":"https:\/\/vitoria.cnt.es\/mh\/wp-json\/wp\/v2\/types\/post"}],"author":[{"embeddable":true,"href":"https:\/\/vitoria.cnt.es\/mh\/wp-json\/wp\/v2\/users\/2"}],"replies":[{"embeddable":true,"href":"https:\/\/vitoria.cnt.es\/mh\/wp-json\/wp\/v2\/comments?post=1958"}],"version-history":[{"count":10,"href":"https:\/\/vitoria.cnt.es\/mh\/wp-json\/wp\/v2\/posts\/1958\/revisions"}],"predecessor-version":[{"id":2355,"href":"https:\/\/vitoria.cnt.es\/mh\/wp-json\/wp\/v2\/posts\/1958\/revisions\/2355"}],"wp:featuredmedia":[{"embeddable":true,"href":"https:\/\/vitoria.cnt.es\/mh\/wp-json\/wp\/v2\/media\/1953"}],"wp:attachment":[{"href":"https:\/\/vitoria.cnt.es\/mh\/wp-json\/wp\/v2\/media?parent=1958"}],"wp:term":[{"taxonomy":"category","embeddable":true,"href":"https:\/\/vitoria.cnt.es\/mh\/wp-json\/wp\/v2\/categories?post=1958"},{"taxonomy":"post_tag","embeddable":true,"href":"https:\/\/vitoria.cnt.es\/mh\/wp-json\/wp\/v2\/tags?post=1958"}],"curies":[{"name":"wp","href":"https:\/\/api.w.org\/{rel}","templated":true}]}}