{"id":2015,"date":"2020-05-22T10:01:47","date_gmt":"2020-05-22T10:01:47","guid":{"rendered":"http:\/\/vitoria.cnt.es\/mh\/?p=2015"},"modified":"2020-07-03T12:36:54","modified_gmt":"2020-07-03T12:36:54","slug":"la-historia-el-bienio-negro-noviembre-de-1933-a-febrero-de-1936","status":"publish","type":"post","link":"https:\/\/vitoria.cnt.es\/mh\/la-historia-el-bienio-negro-noviembre-de-1933-a-febrero-de-1936\/","title":{"rendered":"La Historia. EL BIENIO NEGRO: NOVIEMBRE DE 1933 A FEBRERO DE 1936"},"content":{"rendered":"<p>Con el advenimiento de la derecha al poder, la represi\u00f3n sobre los libertarios y la CNT se extrem\u00f3. Se persigui\u00f3 sa\u00f1udamente cualquier intento de reorganizaci\u00f3n de CNT, las detenciones por supuestas acciones expropiadoras se generalizaron y los juicios por los coletazos de la insurrecci\u00f3n de diciembre igualmente. Se contaba con las leyes excepcionales promulgadas por los social-republicanos en el gobierno.<\/p>\n<p>El 28 de enero de 1934 una reuni\u00f3n clandestina de militantes de la CNT tenida en La Fuente de la Pared-Vitoria a la que asist\u00edan unos cincuenta militantes es interrumpida por la polic\u00eda y detenidos once de los presentes incluido el secretario de la Federaci\u00f3n Local, Jenaro L\u00f3pez Torrecilla. Ser\u00e1n procesados y juzgados por el tribunal de urgencia en abril<a class=\"enlaceNotaAlPie\" href=\"#nota1\" name=\"enlaceNota1\"><sup>1<\/sup><\/a>.<\/p>\n<p>En febrero Emilio Ibisate y Gerardo Garc\u00eda son condenados por supuesto atraco cometido cerca de Vitoria, en Mendiola, a dos mes de arresto por robo frustrado, a tres a\u00f1os y ocho meses y un d\u00eda por robo realizado, y a cuatro meses y un d\u00eda por tenencia il\u00edcita de armas, y a la devoluci\u00f3n a las v\u00edctimas de las cantidades robadas, por m\u00e1s que no hubiera pruebas.<a class=\"enlaceNotaAlPie\" href=\"#nota2\" name=\"enlaceNota2\"><sup>2<\/sup><\/a> Y por las mismas fechas, tambi\u00e9n acusados de atraco, en esta ocasi\u00f3n en Atauri, Mariano Guti\u00e9rrez y Joaqu\u00edn Arroyabe fueron condenados a tres a\u00f1os, ocho meses por robo con violencia, al primero adem\u00e1s a cuatro meses de arresto por tenencia il\u00edcita de armas<a class=\"enlaceNotaAlPie\" href=\"#nota3\" name=\"enlaceNota3\"><sup>3<\/sup><\/a>.<\/p>\n<figure id=\"attachment_2021\" aria-describedby=\"caption-attachment-2021\" style=\"width: 450px\" class=\"wp-caption alignleft\"><a href=\"http:\/\/vitoria.cnt.es\/mh\/wp-content\/uploads\/sites\/2\/2020\/05\/vitoria-carcel-calle-paz-1935.jpg\"><img loading=\"lazy\" decoding=\"async\" class=\"wp-image-2021\" title=\"C\u00e1rcel de Vitoria en 1935\" src=\"http:\/\/vitoria.cnt.es\/mh\/wp-content\/uploads\/sites\/2\/2020\/05\/vitoria-carcel-calle-paz-1935-300x227.jpg\" alt=\"C\u00e1rcel de Vitoria en 1935\" width=\"450\" height=\"341\" srcset=\"https:\/\/vitoria.cnt.es\/mh\/wp-content\/uploads\/sites\/2\/2020\/05\/vitoria-carcel-calle-paz-1935-300x227.jpg 300w, https:\/\/vitoria.cnt.es\/mh\/wp-content\/uploads\/sites\/2\/2020\/05\/vitoria-carcel-calle-paz-1935-700x530.jpg 700w, https:\/\/vitoria.cnt.es\/mh\/wp-content\/uploads\/sites\/2\/2020\/05\/vitoria-carcel-calle-paz-1935-768x582.jpg 768w, https:\/\/vitoria.cnt.es\/mh\/wp-content\/uploads\/sites\/2\/2020\/05\/vitoria-carcel-calle-paz-1935-600x454.jpg 600w, https:\/\/vitoria.cnt.es\/mh\/wp-content\/uploads\/sites\/2\/2020\/05\/vitoria-carcel-calle-paz-1935-211x160.jpg 211w, https:\/\/vitoria.cnt.es\/mh\/wp-content\/uploads\/sites\/2\/2020\/05\/vitoria-carcel-calle-paz-1935-160x120.jpg 160w, https:\/\/vitoria.cnt.es\/mh\/wp-content\/uploads\/sites\/2\/2020\/05\/vitoria-carcel-calle-paz-1935-24x18.jpg 24w, https:\/\/vitoria.cnt.es\/mh\/wp-content\/uploads\/sites\/2\/2020\/05\/vitoria-carcel-calle-paz-1935-36x27.jpg 36w, https:\/\/vitoria.cnt.es\/mh\/wp-content\/uploads\/sites\/2\/2020\/05\/vitoria-carcel-calle-paz-1935-48x36.jpg 48w, https:\/\/vitoria.cnt.es\/mh\/wp-content\/uploads\/sites\/2\/2020\/05\/vitoria-carcel-calle-paz-1935.jpg 960w\" sizes=\"auto, (max-width: 450px) 100vw, 450px\" \/><\/a><figcaption id=\"caption-attachment-2021\" class=\"wp-caption-text\">C\u00e1rcel de Vitoria en 1935<\/figcaption><\/figure>\n<p>A fines de marzo se detuvo en Maeztu<a class=\"enlaceNotaAlPie\" href=\"#nota4\" name=\"enlaceNota4\"><sup>4<\/sup><\/a> a Daniel Garc\u00eda Alb\u00e9niz, y Patricio Dorronsoro en referencia a un atraco cometido en Logro\u00f1o.<\/p>\n<p>En abril se produjo un conflicto<a class=\"enlaceNotaAlPie\" href=\"#nota5\" name=\"enlaceNota5\"><sup>5<\/sup><\/a> en la c\u00e1rcel de Vitoria, que unos calificaron de plante y otros de sublevaci\u00f3n, supuestamente promovido por Emilio Ibisate, Juan Alzuaz, Joaqu\u00edn Arroyabe y otros. As\u00ed narraba <em>La Vanguardia<\/em> el suceso: \u201cCuando el vigilante de la prisi\u00f3n, Ram\u00f3n \u00c1lvarez, ordenaba a los reclusos se retirasen a sus celdas, cerca de las siete de la tarde, un grupo de ellos se abalanz\u00f3 sobre el vigilante y despu\u00e9s de maniatarle le amordazaron, quit\u00e1ndole las llaves, e intentando despu\u00e9s reducir a los ordenanzas, con los que sostuvieron una gran lucha a brazo partido y haciendo uso de pistolas que clandestinamente hab\u00edan logrado introducir en la c\u00e1rcel. Tambi\u00e9n se dirigieron contra el oficial, Francisco G\u00f3mez, que se hallaba en la puerta del rastrillo, al que golpearon con la pistola, caus\u00e1ndole una herida en la cabeza. Los revoltosos intentaron huir, pero un soldado de caballer\u00eda que estaba de guardia en la puerta se dio cuenta del revuelo y dio la voz de alarma, poni\u00e9ndose en espectativa (sic) toda la guardia, distribuy\u00e9ndose ante la puerta principal y alrededores del edificio. Cuando los revoltosos se creyeron perdidos se retiraron a sus celdas. Este movimiento se supone que estaba proyectado hace tiempo y en cestas de naranjas y en varias ocasiones hab\u00edan recibido pistolas. Parece que se trataba de significar la protesta contra el proyecto de amnist\u00eda.\u201d<\/p>\n<p>En diciembre<a class=\"enlaceNotaAlPie\" href=\"#nota6\" name=\"enlaceNota6\"><sup>6<\/sup><\/a> se deten\u00eda a Juli\u00e1n Ortiz de Z\u00e1rate, acusado de haber intervenido en un atraco en agosto.<\/p>\n<p>En junio, julio y agosto de 1934 el semanario anarquista <em>Tierra y Libertad<\/em> public\u00f3 varios escritos procedentes de Vitoria que nos ayudan a conocer la situaci\u00f3n del movimiento libertario y anarcosindicalista en la ciudad. Los firmaba Liberto<a class=\"enlaceNotaAlPie\" href=\"#nota7\" name=\"enlaceNota7\"><sup>7<\/sup><\/a> (seud\u00f3nimo no identificado, pero seguramente utilizado por Daniel Orille) y en ellos se ocupaba del paro, de las Juventudes Libertarias, de la presencia del treintismo en los sindicatos vitorianos, de la situaci\u00f3n de los mismos sindicatos, de la realidad pol\u00edtica del pa\u00eds y cuestiones conexas. Jes\u00fas Conde<a class=\"enlaceNotaAlPie\" href=\"#nota8\" name=\"enlaceNota8\"><sup>8<\/sup><\/a>, secretario de las JJLL, respondi\u00f3 para puntualizar lo referido a las JJLL.<\/p>\n<p>En el primer art\u00edculo titulado \u201cAlea jacta est\u201d<a class=\"enlaceNotaAlPie\" href=\"#nota9\" name=\"enlaceNota9\"><sup>9<\/sup><\/a>, firmado en mayo, partiendo de la celebraci\u00f3n del Corpus Christi en Vitoria (apote\u00f3sica) que se vuelve a celebrar tras cuatro a\u00f1os de prohibici\u00f3n, signo del avance de la reacci\u00f3n ante la indiferencia de los gobernantes m\u00e1s o menos socialistas o republicanos (solo verborrea revolucionaria, en la pr\u00e1ctica leyes represivas contra el obrero), dice que en lo que coinciden dem\u00f3cratas y fascistas es en combatir a la CNT y FAI porque saben que si triunfan e implantan el comunismo libertario, unos y otros pasar\u00e1n al museo de los trastos viejos. Despu\u00e9s, con no poca iron\u00eda, se ocupa de un asunto local: para acabar con el paro el Gobierno y la gestora de \u00c1lava van a crear una colonia penitenciaria (\u201cpresidio de concentraci\u00f3n para revolucionarios y anarquistas\u201d) en Labastida (el pueblo que el ocho de diciembre quiso implantar el comunismo libertario. Termina: \u201cAlea jacta est. Las huestes neofascistas espa\u00f1olas tienen la suerte echada. Ahora, lo que se precisa es que sus aspiraciones de implantar el can\u00edbal sistema pol\u00edtico, no pasen de proyecto. Y para ello, ya que las fracciones pol\u00edticas la acatar\u00e1n, luego de haber cantado el <em>mea culpa<\/em>: sindicalistas de la CNT y anarquistas, lucharemos una vez m\u00e1s, como en otras ocasiones nos colocaremos frente a la tiran\u00eda engendrada por el Estado\u201d.<\/p>\n<figure id=\"attachment_2033\" aria-describedby=\"caption-attachment-2033\" style=\"width: 400px\" class=\"wp-caption alignleft\"><a href=\"http:\/\/vitoria.cnt.es\/mh\/wp-content\/uploads\/sites\/2\/2020\/05\/recorte-tierra-y-libertad-23-6-1934-articulo-alea-jacta-est.jpg\"><img loading=\"lazy\" decoding=\"async\" class=\"wp-image-2033\" title=\"Recorte Tierra y Libertad 23-6-1934\" src=\"http:\/\/vitoria.cnt.es\/mh\/wp-content\/uploads\/sites\/2\/2020\/05\/recorte-tierra-y-libertad-23-6-1934-articulo-alea-jacta-est-139x300.jpg\" alt=\"Recorte Tierra y Libertad 23-6-1934\" width=\"400\" height=\"862\" srcset=\"https:\/\/vitoria.cnt.es\/mh\/wp-content\/uploads\/sites\/2\/2020\/05\/recorte-tierra-y-libertad-23-6-1934-articulo-alea-jacta-est-139x300.jpg 139w, https:\/\/vitoria.cnt.es\/mh\/wp-content\/uploads\/sites\/2\/2020\/05\/recorte-tierra-y-libertad-23-6-1934-articulo-alea-jacta-est-325x700.jpg 325w, https:\/\/vitoria.cnt.es\/mh\/wp-content\/uploads\/sites\/2\/2020\/05\/recorte-tierra-y-libertad-23-6-1934-articulo-alea-jacta-est-279x600.jpg 279w, https:\/\/vitoria.cnt.es\/mh\/wp-content\/uploads\/sites\/2\/2020\/05\/recorte-tierra-y-libertad-23-6-1934-articulo-alea-jacta-est-74x160.jpg 74w, https:\/\/vitoria.cnt.es\/mh\/wp-content\/uploads\/sites\/2\/2020\/05\/recorte-tierra-y-libertad-23-6-1934-articulo-alea-jacta-est-11x24.jpg 11w, https:\/\/vitoria.cnt.es\/mh\/wp-content\/uploads\/sites\/2\/2020\/05\/recorte-tierra-y-libertad-23-6-1934-articulo-alea-jacta-est-17x36.jpg 17w, https:\/\/vitoria.cnt.es\/mh\/wp-content\/uploads\/sites\/2\/2020\/05\/recorte-tierra-y-libertad-23-6-1934-articulo-alea-jacta-est-22x48.jpg 22w, https:\/\/vitoria.cnt.es\/mh\/wp-content\/uploads\/sites\/2\/2020\/05\/recorte-tierra-y-libertad-23-6-1934-articulo-alea-jacta-est.jpg 650w\" sizes=\"auto, (max-width: 400px) 100vw, 400px\" \/><\/a><figcaption id=\"caption-attachment-2033\" class=\"wp-caption-text\">Art\u00edculo <em>Alea Jacta Est<\/em>. Recorte de <em>Tierra y Libertad<\/em>, 23 de junio de 1934<br \/><a href=\"#recorte1\" name=\"enlaceRecorte1\"><strong>Transcripci\u00f3n del texto<\/strong><\/a><\/figcaption><\/figure>\n<p>En el segundo titulado \u201cPerniciosos derroteros\u201d<a class=\"enlaceNotaAlPie\" href=\"#nota10\" name=\"enlaceNota10\"><sup>10<\/sup><\/a> el contenido es distinto: se ocupa de las interioridades de la CNT vitoriana. Comienza se\u00f1alando que la CNT vitoriana ha plantado cara con esp\u00edritu revolucionario al dominante clericalismo y burgues\u00eda locales, las prisiones, procesos y deportaciones no han podido con ella, se supo vencer al gobernador Amilibia, tres a\u00f1os admirables de lucha, pero esta trayectoria se rompi\u00f3 el 8 de diciembre \u00bfqui\u00e9n es el responsable? No da nombres, pero afirma que los resultados han sido desastrosos para CNT y FAI durante estos cinco meses de clandestinidad. Vueltos a la legalidad hay que recuperar el esp\u00edritu y m\u00e9todos de lucha libertarios, hay que rectificar porque militantes reconocidos se han situado en el treintismo pesta\u00f1ista y en este sentido es de agradecer la actitud del Sindicato Metal\u00fargico, en el buen camino, que ha programado unas charlas (\u201dT\u00e1cticas y problemas internos de la CNT\u201d). Curiosamente el Sindicato Metal\u00fargico respondi\u00f3 a primera vista no muy justificadamente<a class=\"enlaceNotaAlPie\" href=\"#nota11\" name=\"enlaceNota11\"><sup>11<\/sup><\/a>, a no ser que el elogio de Liberto lo interpretaran como un sarcasmo, negando que en sus filas hubiera treintistas.<\/p>\n<p>El tercero titulado \u201cCr\u00f3nicas de Vitoria\u201d<a class=\"enlaceNotaAlPie\" href=\"#nota12\" name=\"enlaceNota12\"><sup>12<\/sup><\/a> es a primera vista una simple rese\u00f1a del pleno-congreso de la CNT del Norte celebrado en Vitoria el 17 de junio. Pero una rese\u00f1a en la que se trasluce continuamente su opini\u00f3n sobre el mismo visible en la valoraci\u00f3n que hace de los principales acuerdos (direcci\u00f3n y administraci\u00f3n del diario CNT, caso Asturias, presos de Labastida), ya que n\u00edtidamente se\u00f1ala que el comunismo libertario debe ser la meta.<\/p>\n<p>Con su cuarto art\u00edculo \u201cCuestiones de organizaci\u00f3n an\u00e1rquica y sindical\u201d<a class=\"enlaceNotaAlPie\" href=\"#nota13\" name=\"enlaceNota13\"><sup>13<\/sup><\/a> Comienza repitiendo que desde el 8 de diciembre\u201d han pasado muchos d\u00edas y horas muy aciagas para el proletariado revolucionario de Vitoria\u201d, se ha producido un enfriamiento del ardor juvenil, la inmensa mayor\u00eda de los j\u00f3venes est\u00e1 dominada por el hast\u00edo y el cansancio revolucionarios y defiende el sindicalismo treintista \u00bfpor qu\u00e9 han cambiado de postura los j\u00f3venes vitorianos? En su opini\u00f3n se debe al \u201cdesconocimiento que tienen de las ideas \u00e1cratas\u201d y por ello \u201cel incumplimiento de los compromisos y la falta de responsabilidad individual\u201d, olvidan que para militar en cualquier organizaci\u00f3n lo primordial es la \u201cautodisciplina\u201d. Afirma que entre las juventudes han surgido \u201cjefecillos\u201d a los que se ha encumbrado y luego ha habido que retirarlos por su desviacionismo, cree que han confundido \u201cdisciplina\u201d con obediencia al estilo recua militar. Es necesario que las juventudes rectifiquen, de no ser as\u00ed, ser\u00e1 el momento de deslindar caminos.<\/p>\n<p>Era un ataque en toda regla al modo de conducir las cosas por parte de las JJLL y cab\u00eda esperar una respuesta de las mismas que vino de parte de su secretario general, Jes\u00fas Conde, en el mismo vocero anarquista<a class=\"enlaceNotaAlPie\" href=\"#nota14\" name=\"enlaceNota14\"><sup>14<\/sup><\/a>. Considera un \u201cbulo\u201d la afirmaci\u00f3n de que las JJLL se han uncido al carro del treintismo, asegura que siguen propagando la idea y la pr\u00e1ctica an\u00e1rquicas, que distribuyen sus publicaciones, que s\u00ed se da la autodisciplina como confirma el trabajo tit\u00e1nico para constituir el Ateneo de Divulgaci\u00f3n Social, que tratan de dar una educaci\u00f3n libertaria y anarquista a quienes se acercan&#8230;<\/p>\n<p>En la discusi\u00f3n tercia, hasta cierto punto, la redacci\u00f3n de <em>Tierra y Libertad<\/em> con esta frase \u201cel mismo camarada Liberto hab\u00eda reconocido la inconveniencia del suelto publicado pues nos hab\u00eda pedido su suspensi\u00f3n, a lo que no pudimos acceder por hallarse ya en prensa\u201d con la que puntualiza el art\u00edculo de Conde en el mismo n\u00famero.<\/p>\n<p>Tambi\u00e9n en agosto en el mismo vocero<a class=\"enlaceNotaAlPie\" href=\"#nota15\" name=\"enlaceNota15\"><sup>15<\/sup><\/a> un art\u00edculo firmado por el compa\u00f1ero Liberto se centraba en el paro obrero. Escribe que los desempleados son 1.500, cifra mucho mayor que en a\u00f1os pasados por lo que entiende que, si se unieran, las posibilidades de alcanzar logros de valor aumentar\u00edan grandemente. Recuerda que CNT siempre se ha preocupado por resolver ese problema, pero que siempre tambi\u00e9n se ha topado con \u201cla losa del autoritarismo gubernamental republicano\u201d, que hubo un tiempo, siendo menos, se movilizaba m\u00e1s, que \u201cpara matar la rebeld\u00eda de los obreros en paro\u201d les otorgaron \u201cla bazofia que recibe en los comedores\u201d pero que \u201cha servido admirablemente para castrar las energ\u00edas del proletariado vitoriano\u201d. A\u00f1ade que si sale alg\u00fan trabajo se destina a los recomendados, que todo est\u00e1 dominado por el Jurado mixto de la construcci\u00f3n, que los parados \u201cno piden ni mendigan nada a nadie, solamente exigen trabajo. Trabajo que ennoblezca y dignifique\u201d Era repetir lo que CNT defend\u00eda a\u00f1os atr\u00e1s, pero en tono m\u00e1s cr\u00edtico hacia los afectados, cr\u00edtica que aumenta de grado cuando solicita m\u00e1s uni\u00f3n incluso dentro de los desempleados afiliados a CNT. Era reconocer que ser parado no era sin\u00f3nimo de revolucionario.<\/p>\n<figure id=\"attachment_2037\" aria-describedby=\"caption-attachment-2037\" style=\"width: 400px\" class=\"wp-caption alignright\"><a href=\"http:\/\/vitoria.cnt.es\/mh\/wp-content\/uploads\/sites\/2\/2020\/05\/recorte-tierra-y-libertad-4-10-1934-articulo-zarabanda-represiva.jpg\"><img loading=\"lazy\" decoding=\"async\" class=\"wp-image-2037\" title=\"Recorte Tierra y Libertad 4-10-1934\" src=\"http:\/\/vitoria.cnt.es\/mh\/wp-content\/uploads\/sites\/2\/2020\/05\/recorte-tierra-y-libertad-4-10-1934-articulo-zarabanda-represiva-126x300.jpg\" alt=\"Recorte Tierra y Libertad 4-10-1934\" width=\"400\" height=\"955\" srcset=\"https:\/\/vitoria.cnt.es\/mh\/wp-content\/uploads\/sites\/2\/2020\/05\/recorte-tierra-y-libertad-4-10-1934-articulo-zarabanda-represiva-126x300.jpg 126w, https:\/\/vitoria.cnt.es\/mh\/wp-content\/uploads\/sites\/2\/2020\/05\/recorte-tierra-y-libertad-4-10-1934-articulo-zarabanda-represiva-293x700.jpg 293w, https:\/\/vitoria.cnt.es\/mh\/wp-content\/uploads\/sites\/2\/2020\/05\/recorte-tierra-y-libertad-4-10-1934-articulo-zarabanda-represiva-644x1536.jpg 644w, https:\/\/vitoria.cnt.es\/mh\/wp-content\/uploads\/sites\/2\/2020\/05\/recorte-tierra-y-libertad-4-10-1934-articulo-zarabanda-represiva-251x600.jpg 251w, https:\/\/vitoria.cnt.es\/mh\/wp-content\/uploads\/sites\/2\/2020\/05\/recorte-tierra-y-libertad-4-10-1934-articulo-zarabanda-represiva-67x160.jpg 67w, https:\/\/vitoria.cnt.es\/mh\/wp-content\/uploads\/sites\/2\/2020\/05\/recorte-tierra-y-libertad-4-10-1934-articulo-zarabanda-represiva-10x24.jpg 10w, https:\/\/vitoria.cnt.es\/mh\/wp-content\/uploads\/sites\/2\/2020\/05\/recorte-tierra-y-libertad-4-10-1934-articulo-zarabanda-represiva-15x36.jpg 15w, https:\/\/vitoria.cnt.es\/mh\/wp-content\/uploads\/sites\/2\/2020\/05\/recorte-tierra-y-libertad-4-10-1934-articulo-zarabanda-represiva-20x48.jpg 20w, https:\/\/vitoria.cnt.es\/mh\/wp-content\/uploads\/sites\/2\/2020\/05\/recorte-tierra-y-libertad-4-10-1934-articulo-zarabanda-represiva.jpg 753w\" sizes=\"auto, (max-width: 400px) 100vw, 400px\" \/><\/a><figcaption id=\"caption-attachment-2037\" class=\"wp-caption-text\">Art\u00edculo <em>Zarabanda represiva<\/em>. Recorte de <em>Tierra y Libertad<\/em>, 4 de octubre de 1934<br \/><a href=\"#recorte2\" name=\"enlaceRecorte2\"><strong>Transcripci\u00f3n del texto<\/strong><\/a><\/figcaption><\/figure>\n<p>Y en octubre, el mismo d\u00eda por cierto, <em>Tierra y Libertad<\/em> publicaba uno m\u00e1s de Liberto \u201cZarabanda represiva\u201d<a class=\"enlaceNotaAlPie\" href=\"#nota16\" name=\"enlaceNota16\"><sup>16<\/sup><\/a> y otro de Jes\u00fas Conde \u201cLas Juventudes Libertarias\u201d. Liberto protesta contra la persecuci\u00f3n de la que es objeto el Sindicato \u00danico y compa\u00f1eros concretos a los que se acusa falsamente de atracos por parte del gobernador y su polic\u00eda (que incluso se quedan con dinero de los detenidos) y los juzgados&#8230;porque de lo que se trata es de hacer la vida imposible tanto a CNT como a FAI.<\/p>\n<p>El escrito de Conde fechado a fines de agosto lo firma \u201cPor el Comit\u00e9, su secretario\u201d, justificaci\u00f3n cara al resto de las JJLL de Espa\u00f1a de su trayectoria, quiz\u00e1s porque el escrito de Liberto hab\u00eda levantado dudas sobre su devenir. Comienza diciendo que las JJLL se crearon cuando dentro de CNT hab\u00eda suficientes fuerzas \u201cpara cuantas iniciativas de orden individual o de propaganda se quisieran emprender\u201d sin pensar que ninguna de esas iniciativas pudieran perjudicar la marcha de CNT. A la generalidad de los confederales les agrad\u00f3 que esa juventud se entregara al aumento de su cultura y que crearan las Juventudes Libertarias. Las Juventudes eran invitadas a todos los actos de CNT hasta que lleg\u00f3 el diez de enero. A partir de esa fecha se discuti\u00f3 mucho sobre sus actividades y se produjo una ruptura interna: una parte se declar\u00f3 aut\u00f3noma, otra exclusivamente revolucionaria\u2026y as\u00ed estamos ahora, con un Comit\u00e9 Peninsular intentando reorganizarlas. De seguido, dirigida a ese Comit\u00e9 Peninsular, da su opini\u00f3n sobre c\u00f3mo deben ser esas juventudes: deben dar instrucci\u00f3n libertaria a los j\u00f3venes (sin admitir dirigismos), deben contar con un comit\u00e9 de cultura y propaganda y un secretario en cada grupo, no deben existir comit\u00e9s nacionales ni regionales. Adem\u00e1s dice, las recientes experiencias (se refiere a las dos insurrecciones anarquistas) muestran que CNT-FAI-JJLL no se bastan para traer una revoluci\u00f3n social sino que deben contar \u201ccon la gran masa del pueblo productor\u201d por tanto la labor de las JJLL es \u201cmanejar de forma inteligente el libro, el folleto, etc.\u201d que permitan que los j\u00f3venes anden por s\u00ed solos y sepan elegir las organizaciones revolucionarias que m\u00e1s les apetezcan.<\/p>\n<p>Lleg\u00f3 octubre de 1934 y mientras en Asturias ard\u00eda la sangre y en otros lugares la calle se mov\u00eda, en Vitoria pr\u00e1cticamente no pas\u00f3 nada. La prensa a fines de septiembre<a class=\"enlaceNotaAlPie\" href=\"#nota17\" name=\"enlaceNota17\"><sup>17<\/sup><\/a> se\u00f1alaba que se hab\u00edan tomado grandes precauciones, que se deten\u00eda e inspeccionaba a cuantos autos entraban y sal\u00edan de Vitoria y que fuerzas de asalto y agentes de vigilancia hab\u00edan registrado las sedes de CNT, UGT y Ateneo Libertario y los domicilios de los componentes del comit\u00e9 del partido socialista, infructuosamente. No es que no hubieran hallado nada, es que hab\u00eda muy poco que encontrar. Se limitaron los socialistas<a class=\"enlaceNotaAlPie\" href=\"#nota18\" name=\"enlaceNota18\"><sup>18<\/sup><\/a> a declarar la huelga general el seis de octubre, escasamente seguida incluso por sus hermanos ugetistas. Con todo tras el fracaso se clausur\u00f3 UGT y STV y para no perder la costumbre ante los rumores de que CNT podr\u00eda intervenir en las protestas por la represi\u00f3n en Asturias y otros lugares a comienzos de noviembre se detuvo a una docena de militantes confederales, se proces\u00f3 militarmente a algunos de ellos<a class=\"enlaceNotaAlPie\" href=\"#nota19\" name=\"enlaceNota19\"><sup>19<\/sup><\/a> y se ilegaliz\u00f3 la CNT.<a class=\"enlaceNotaAlPie\" href=\"#nota20\" name=\"enlaceNota20\"><sup>20<\/sup><\/a><\/p>\n<figure id=\"attachment_2040\" aria-describedby=\"caption-attachment-2040\" style=\"width: 200px\" class=\"wp-caption alignleft\"><a href=\"http:\/\/vitoria.cnt.es\/mh\/wp-content\/uploads\/sites\/2\/2020\/05\/recorte-la-libertad-7-11-1934-cierre-del-sindicato-unico.jpg\"><img loading=\"lazy\" decoding=\"async\" class=\"wp-image-2040\" src=\"http:\/\/vitoria.cnt.es\/mh\/wp-content\/uploads\/sites\/2\/2020\/05\/recorte-la-libertad-7-11-1934-cierre-del-sindicato-unico-113x300.jpg\" alt=\"Recorte La Libertad 7-11-1934\" title=\"Recorte La Libertad 7-11-1934\" width=\"200\" height=\"530\" srcset=\"https:\/\/vitoria.cnt.es\/mh\/wp-content\/uploads\/sites\/2\/2020\/05\/recorte-la-libertad-7-11-1934-cierre-del-sindicato-unico-113x300.jpg 113w, https:\/\/vitoria.cnt.es\/mh\/wp-content\/uploads\/sites\/2\/2020\/05\/recorte-la-libertad-7-11-1934-cierre-del-sindicato-unico-264x700.jpg 264w, https:\/\/vitoria.cnt.es\/mh\/wp-content\/uploads\/sites\/2\/2020\/05\/recorte-la-libertad-7-11-1934-cierre-del-sindicato-unico-226x600.jpg 226w, https:\/\/vitoria.cnt.es\/mh\/wp-content\/uploads\/sites\/2\/2020\/05\/recorte-la-libertad-7-11-1934-cierre-del-sindicato-unico-60x160.jpg 60w, https:\/\/vitoria.cnt.es\/mh\/wp-content\/uploads\/sites\/2\/2020\/05\/recorte-la-libertad-7-11-1934-cierre-del-sindicato-unico-9x24.jpg 9w, https:\/\/vitoria.cnt.es\/mh\/wp-content\/uploads\/sites\/2\/2020\/05\/recorte-la-libertad-7-11-1934-cierre-del-sindicato-unico-14x36.jpg 14w, https:\/\/vitoria.cnt.es\/mh\/wp-content\/uploads\/sites\/2\/2020\/05\/recorte-la-libertad-7-11-1934-cierre-del-sindicato-unico-18x48.jpg 18w, https:\/\/vitoria.cnt.es\/mh\/wp-content\/uploads\/sites\/2\/2020\/05\/recorte-la-libertad-7-11-1934-cierre-del-sindicato-unico.jpg 362w\" sizes=\"auto, (max-width: 200px) 100vw, 200px\" \/><\/a><figcaption id=\"caption-attachment-2040\" class=\"wp-caption-text\">Noticia cierre del Sindicato \u00danico. Recorte de <em>La Libertad<\/em>, 7 de noviembre de 1934<br \/><a href=\"#recorte3\" name=\"enlaceRecorte3\"><strong>Transcripci\u00f3n del texto<\/strong><\/a><\/figcaption><\/figure>\n<p>La clausura de CNT fue levantada el dos de octubre de 1935 y ese mismo mes fueron encarcelados<a class=\"enlaceNotaAlPie\" href=\"#nota21\" name=\"enlaceNota21\"><sup>21<\/sup><\/a> Roque Angulo, Ces\u00e1reo Mesanza, Antonio Navarrete, Modesto Navarrete y \u00c1ngel V\u00e1zquez Lacanal. Fue el mes en que <em>Solidaridad Obrera<\/em> public\u00f3 cuatro art\u00edculos procedentes de Vitoria, dos firmados por Onto\u00f1ana (=Domingo Mart\u00ednez de Anto\u00f1ana)<a class=\"enlaceNotaAlPie\" href=\"#nota22\" name=\"enlaceNota22\"><sup>22<\/sup><\/a> y dos por su corresponsal (probablemente Orille)<a class=\"enlaceNotaAlPie\" href=\"#nota23\" name=\"enlaceNota23\"><sup>23<\/sup><\/a> de mucho inter\u00e9s por reflejar el ambiente reinante y la postura del Sindicato \u00danico respecto a la situaci\u00f3n sociopol\u00edtica. El primero llama a emprender una campa\u00f1a contra las pasiones (las pol\u00e9micas sobre el frente \u00fanico, la unidad sindical, la reorganizaci\u00f3n de los sindicatos, el fantasma de la guerra) \u201cque tantas ra\u00edces van echando en nuestro \u00e1nimo\u201d y debe ser una campa\u00f1a sencilla y atrayente y dirigida en primer lugar a allanar tanta pasi\u00f3n y tanto fanatismo. El segundo muestra su escepticismo sobre la inminente ca\u00edda del capitalismo, porque constata que cuando se enfrentan dos potencias, se enfrentan dos pueblos, no solo los jefes y as\u00ed no se avanzar\u00e1 \u201csolo cuando el despertar del pueblo sea una realidad, cuando \u00e9ste rompa las hostilidades con sus verdugos podremos hablar de la ca\u00edda del capitalismo\u201d y lamentablemente el capitalismo se afianza \u201cayudado por los pueblos, v\u00edctimas de su ego\u00edsmo\u201d. Los de Orille se centran en CNT. El primero es un saludo a todos los sindicatos con la vuelta a la legalidad de la CNT vitoriana tras once meses de clandestinidad, afirmando que \u201ccontinuamos en la lucha donde siempre\u201d, que los trabajadores se hallan un tanto disgregados y ap\u00e1ticos, debido quiz\u00e1s a la represi\u00f3n, al maquiavelismo de los pol\u00edticos y a la crisis de trabajo, pero no faltan \u00e1nimos y en poco tiempo los sindicatos de Vitoria recuperar\u00e1n su poder\u00edo. El segundo comenta la reaparici\u00f3n vigorosa del sindicato con la asamblea del d\u00eda 17, concurrid\u00edsima y con ambiente inmejorable (el pueblo est\u00e1 con la CNT, concluye ). La asamblea rechaz\u00f3 la solicitud del gobernador (movimiento de afilados, los nombres y domicilios de las juntas, los cobros de caja) y primero Orille (y despu\u00e9s varios m\u00e1s en la misma direcci\u00f3n) tras afirmar que no hab\u00eda contactos con partidos y resto de organizaciones obreras, infirieron que no era posible una uni\u00f3n con los pol\u00edticos y que respecto a los sindicatos (UGT, STV, Casa Social Cat\u00f3lica, a los que analiz\u00f3) solo existen dos tendencias: la acci\u00f3n directa o la lucha colaboracionista, por tanto no hay uni\u00f3n posible, ni siquiera un pacto circunstancial con nadie, solo la absorci\u00f3n de una de las tendencias porque \u201cLos hombres vinieron a la CNT defraudados de la rep\u00fablica, somos la \u00fanica garant\u00eda, no hay que defraudar la esperanza que el pueblo nos ha confiado\u201d. Quedaba claro que no iba a facilitar la tarea al gobierno ni a partir un pi\u00f1\u00f3n con los restantes sindicatos.<\/p>\n<p align=\"right\"><em>Miguel \u00cd\u00f1iguez y Juan G\u00f3mez Per\u00edn<\/em><\/p>\n<hr \/>\n<p><span class=\"notaAlPie\"><a class=\"destinoNotaAlPie\" href=\"#enlaceNota1\" name=\"nota1\"><sup>1<\/sup><\/a> <em>La Libertad<\/em>, 29-1-1934, 11-4-1934.- <em>Pensamiento Alav\u00e9s<\/em>, 29-1-1934.- Libro Registro de la c\u00e1rcel de 28 de enero. Orden del gobernador director de la c\u00e1rcel de encarcelamiento (disposici\u00f3n gubernamental) del grupo de once de la Fuente de Pared, 28-1-1934 (Documento en el Expediente procesal c\u00e1rcel de Vitoria de Marcelino Salinas).- Los detenidos: Epifanio Aguirre Murguiondo, Valent\u00edn Garc\u00eda Presas, Agust\u00edn Gil Castro, Jenaro L\u00f3pez Torrecilla, Paricio Lozano Alonso, Santiago Ortiz de Orru\u00f1o, Braulio Quintana Quintana, Antonio Rituerto S\u00e1ez, Marcelino Salinas Oca, Estanislao Tejada Esparza y F\u00e9lix Urraca Balmaseda.<\/span><\/p>\n<p><span class=\"notaAlPie\"><a class=\"destinoNotaAlPie\" href=\"#enlaceNota2\" name=\"nota2\"><sup>2<\/sup><\/a> <em>La Vanguardia<\/em>, 21-2-1934.<\/span><\/p>\n<p><span class=\"notaAlPie\"><a class=\"destinoNotaAlPie\" href=\"#enlaceNota3\" name=\"nota3\"><sup>3<\/sup><\/a> <em>La Vanguardia<\/em>, 21-2-1934.<\/span><\/p>\n<p><span class=\"notaAlPie\"><a class=\"destinoNotaAlPie\" href=\"#enlaceNota4\" name=\"nota4\"><sup>4<\/sup><\/a> <em>Pensamiento Alav\u00e9s<\/em>, 31-3-1934. Los dos m\u00e1s tarde ser\u00edan asesinados durante la guerra<\/span><\/p>\n<p><span class=\"notaAlPie\"><a class=\"destinoNotaAlPie\" href=\"#enlaceNota5\" name=\"nota5\"><sup>5<\/sup><\/a> <em>Pensamiento Alav\u00e9s<\/em>, 16-4-1934.- <em>El Pueblo<\/em>, 18-4-1934.- <em>La Vanguardia<\/em>, 17-4-1934.<\/span><\/p>\n<p><span class=\"notaAlPie\"><a class=\"destinoNotaAlPie\" href=\"#enlaceNota6\" name=\"nota6\"><sup>6<\/sup><\/a> <em>La Vanguardia<\/em>, 26-12-1934.<\/span><\/p>\n<p><span class=\"notaAlPie\"><a class=\"destinoNotaAlPie\" href=\"#enlaceNota7\" name=\"nota7\"><sup>7<\/sup><\/a> <em>Tierra y Libertad<\/em>, 23-6-1934 (\u201cAlea jacta est\u201d), 30-6-1934 (\u201cPerniciosos derroteros\u201d), 7-7-1934 (\u201cCr\u00f3nicas de Vitoria\u201d), 14-7-1934 (\u201cCuestiones de organizaci\u00f3n an\u00e1rquica y sindical\u201d).<\/span><\/p>\n<p><span class=\"notaAlPie\"><a class=\"destinoNotaAlPie\" href=\"#enlaceNota8\" name=\"nota8\"><sup>8<\/sup><\/a> <em>Tierra y Libertad<\/em>, 28-7-1934 (\u201cCuestiones de organizaci\u00f3n an\u00e1rquica y sindical\u201d) y 4,10-1934 \u201cLas Juventudes Libertarias\u201d.<\/span><\/p>\n<p><span class=\"notaAlPie\"><a class=\"destinoNotaAlPie\" href=\"#enlaceNota9\" name=\"nota9\"><sup>9<\/sup><\/a> <em>Tierra y Libertad<\/em>, 23-6-1934.<\/span><\/p>\n<p><span class=\"notaAlPie\"><a class=\"destinoNotaAlPie\" href=\"#enlaceNota10\" name=\"nota10\"><sup>10<\/sup><\/a> <em>Tierra y Libertad<\/em>, 30-6-1934.<\/span><\/p>\n<p><span class=\"notaAlPie\"><a class=\"destinoNotaAlPie\" href=\"#enlaceNota11\" name=\"nota11\"><sup>11<\/sup><\/a> <em>Tierra y Libertad<\/em>, 2-8-1934.<\/span><\/p>\n<p><span class=\"notaAlPie\"><a class=\"destinoNotaAlPie\" href=\"#enlaceNota12\" name=\"nota12\"><sup>12<\/sup><\/a> <em>Tierra y Libertad<\/em>, 7-7-1934.<\/span><\/p>\n<p><span class=\"notaAlPie\"><a class=\"destinoNotaAlPie\" href=\"#enlaceNota13\" name=\"nota13\"><sup>13<\/sup><\/a> <em>Tierra y Libertad<\/em>, 14-7-1934.<\/span><\/p>\n<p><span class=\"notaAlPie\"><a class=\"destinoNotaAlPie\" href=\"#enlaceNota14\" name=\"nota14\"><sup>14<\/sup><\/a> <em>Tierra y Libertad<\/em>, 28-7-1934.<\/span><\/p>\n<p><span class=\"notaAlPie\"><a class=\"destinoNotaAlPie\" href=\"#enlaceNota15\" name=\"nota15\"><sup>15<\/sup><\/a> <em>Tierra y Libertad<\/em>, 16-8-1934. Titulado \u201cLos obreros en huelga forzosa\u201d<\/span><\/p>\n<p><span class=\"notaAlPie\"><a class=\"destinoNotaAlPie\" href=\"#enlaceNota16\" name=\"nota16\"><sup>16<\/sup><\/a> <em>Tierra y Libertad<\/em>, 4-10-1934.<\/span><\/p>\n<p><span class=\"notaAlPie\"><a class=\"destinoNotaAlPie\" href=\"#enlaceNota17\" name=\"nota17\"><sup>17<\/sup><\/a> <em>La Vanguardia<\/em>, 22-9-1934.<\/span><\/p>\n<p><span class=\"notaAlPie\"><a class=\"destinoNotaAlPie\" href=\"#enlaceNota18\" name=\"nota18\"><sup>18<\/sup><\/a> Hab\u00edan constituido un Comit\u00e9 Revolucionario integrado por Primitivo Herrero, Juan Rueda y V\u00edctor Guti\u00e9rrez.<\/span><\/p>\n<p><span class=\"notaAlPie\"><a class=\"destinoNotaAlPie\" href=\"#enlaceNota19\" name=\"nota19\"><sup>19<\/sup><\/a> <em>La Libertad<\/em>, 7-11-1934.- <em>La Vanguardia<\/em>, 8-11-1934, 15-1-1935.- Libro registro de detenidos y procesados de la c\u00e1rcel de Vitoria, d\u00edas 6 y 7 de noviembre. Sus nombres Nicasio de Marcos, Atanasio Rituerto, Jos\u00e9 Garc\u00eda Salazar, Santiago Sarralde, Inocencio Soto, Juli\u00e1n Alarcia, Erotis Lozano, David Alday, Daniel Orille, Primitivo L\u00f3pez Calzada, F\u00e9lix Estavillo, Santiago Ortiz de Orru\u00f1o e Ismael Conde. La lista de ingresados en prisi\u00f3n en noviembre fue bastante mayor: el d\u00eda dos Macario Illera, Santiago P\u00e9rez Alzola, Nicol\u00e1s Turienzo, V\u00edctor Gonz\u00e1lez, Jos\u00e9 Andr\u00e9s Alonso y Jes\u00fas Turienzo y el d\u00eda 8 Felipe Fern\u00e1ndez, Juan Cruz Vazquez, Ignacio D\u00edez, Antonio G\u00f3mez de Balujera y Francisco Bengoechea. Los cinco \u00faltimos fueron condenados en consejo de guerra en enero de 1935 a tres meses de arresto acusados de sedici\u00f3n.<br \/>\nCausa criminal, 348, Burgos, octubre de 1934, 1098-52 bis, contra Daniel Orille, Vicente G\u00e1lvez, Ces\u00e1reo Sarralde, Nicol\u00e1s Neira y Jos\u00e9 Varona, juzgados y absueltos en noviembre.<\/span><\/p>\n<p><span class=\"notaAlPie\"><a class=\"destinoNotaAlPie\" href=\"#enlaceNota20\" name=\"nota20\"><sup>20<\/sup><\/a> Javier G\u00f3mez, <em>Matar, purgar, sanar<\/em> (Madrid, Tecnos, 2014), 62-65.- <em>La Libertad<\/em>, 7-11-1934.<\/span><\/p>\n<p><span class=\"notaAlPie\"><a class=\"destinoNotaAlPie\" href=\"#enlaceNota21\" name=\"nota21\"><sup>21<\/sup><\/a> Libro registro de detenidos y procesados de la c\u00e1rcel de Vitoria, 9 de octubre de 1935.<\/span><\/p>\n<p><span class=\"notaAlPie\"><a class=\"destinoNotaAlPie\" href=\"#enlaceNota22\" name=\"nota22\"><sup>22<\/sup><\/a> <em>Solidaridad Obrera<\/em>, 1-10-1935 y 2-10-1935, titulados \u201cTodo en desorden\u201d y \u201cHacia la verdad\u201d y uno tercero, 14-12-1935 de protesta contra la pena de muerte \u201cM\u00e1s penas de muerte\u201d.<\/span><\/p>\n<p><span class=\"notaAlPie\"><a class=\"destinoNotaAlPie\" href=\"#enlaceNota23\" name=\"nota23\"><sup>23<\/sup><\/a> <em>Solidaridad Obrera<\/em>, 15-10-1935 y 23-10-1935, \u201cReapertura de los sindicatos de la CNT\u201d y \u201cUna asamblea ejemplar\u201d.<\/span><\/p>\n<hr \/>\n<p><a class=\"destinoNotaAlPie\" href=\"#enlaceRecorte1\" name=\"recorte1\">&#8211; Transcripci\u00f3n del texto del art\u00edculo <em>Alea Jacta Est<\/em>. En <em>Tierra y Libertad<\/em> del 23 de junio de 1934:<\/a><\/p>\n<blockquote><p><strong><em>Alea jacta est<\/em><\/strong><br \/>\n<em>Hoy, casi todos los balcones de las moradas de la burgues\u00eda vitoriana han aparecido engalanados: lo mismo estaban muchos de la clase productora. \u00bfDe qu\u00e9 se trata para que haya tanta ostentaci\u00f3n festiva? Hoy es, seg\u00fan el calendario religioso, la festividad del Corpus Christi, que viene a ser el d\u00eda m\u00e1s suntuoso del fanatismo jesu\u00edtico y, adem\u00e1s, en el de hoy, como esta fecha no la han podido celebrar desde hace cuatro a\u00f1os, porque la Rep\u00fablica &#171;laica&#187; no lo permit\u00eda. Pero hete que, ahora, \u00e9sta va declinando, o mejor dicho, va retrotray\u00e9ndose hacia los postulados del Vaticano, que es tanto como darle rienda suelta y entrada triunfal en Espa\u00f1a a la carcoma reaccionaria expulsada del pa\u00eds, en principio, cuando se estableci\u00f3 la Rep\u00fablica del 14 de abril.<br \/>\nEs por esto que se haya hecho la ostentaci\u00f3n a la que, presurosa,  acude toda la clerigalla de Vitoria y parte de la provincia. Ha sido, s\u00ed, todo un alarde de fe y con &#171;sanos&#187; prop\u00f3sitos fascistas donde se incuban tambi\u00e9n los m\u00e1s caracterizados proyectos del salvajismo y la brutalidad.<br \/>\nVitoria, junto a las hermanas provincias vascas, ha sido siempre la cuna del clericalismo puro, y por ende donde el fascismo nacional aposenta su cuartel general.<br \/>\nLos Arbu\u00e9s y Torquemadas cuentan con buenos y aguerridos disc\u00edpulos en esta regi\u00f3n norte, as\u00ed como en las dem\u00e1s regiones de Iberia. Prueba de ello es que, paulatinamente, se van haciendo los amos del pa\u00eds, porque los socialistas y republicanos que tenemos la &#171;suerte&#187; de padecer, as\u00ed lo desean.<br \/>\nNo hace falta historiar la obra pol\u00edtico-social-econ\u00f3mica que en el Parlamento vienen realizando los gobernantes de gorro frigio desde el 14 de abril hasta la fecha: es bien conocida para que se vuelva a repetir. En lo que llevamos de nuevo r\u00e9gimen, hasta la saciedad es sabido para poderlo olvidar. La verborrea revolucionaria que emplearon todos los pol\u00edticos que pasaron por el caser\u00f3n de los dos leones de Madrid, contra la peste reaccionaria de Tedeschini y compa\u00f1\u00eda, se ha trocado en leyes represivas contra el pueblo obrero que se muere de hambre por falta de ocupaci\u00f3n: porque la burgues\u00eda en general cierra sus f\u00e1bricas y talleres como represalia contra la Rep\u00fablica y en favor de las castas destronadas hace treinta y ocho meses.<br \/>\nEsto lo saben perfectamente los gobernantes, pero la labor fascistizante que, jesu\u00edticamente, realizan todos estos elementos, les tiene sin la menor preocupaci\u00f3n. Saben los gobernantes que con la Rep\u00fablica, m\u00e1s o menos socialista, o con fascismo hitleriano, ellos habr\u00e1n de poderse enchufar, y es por eso que les tiene sin cuidado toda cuanta propaganda quieran hacer.<br \/>\nDonde ponen, tanto dem\u00f3cratas como fascistas, m\u00e1s atenci\u00f3n, es en la labor subversiva y revolucionaria que pueden realizar la C. N. T. y la F. A. I., porque se dan cuenta de que, implantando el Comunismo Libertario, ellos habr\u00e1n de pasar al Museo de los trastos antiguos e in\u00fatiles, si no quieren sumarse con buenas intenciones y mejores prop\u00f3sitos, a la nueva sociedad de productores libres. Cualquier turista que viniera a Espa\u00f1a, a simple vista creer\u00e1 que aqu\u00ed no existe crisis de trabajo, y siendo as\u00ed tampoco el hambre se conoce, pues es un contrasentido manifiesto la ostentaci\u00f3n fascista y gubernamental que respectivamente hacen en sus festejos, y en desdoro de las vicisitudes que en los hogares proletarios se sufre.<br \/>\nA prop\u00f3sito de la falta de trabajo: el Gobierno y la Gestora de \u00c1lava van a remediar el paro obrero para un lapso de tres a\u00f1os en la provincia. Para paliar este end\u00e9mico mal, cuentan, seg\u00fan las cornejas, con un presupuesto de seis millones de pesetas, los cuales van a ser empleados en la construcci\u00f3n de una Colonia Penitenciaria (presidio de concentraci\u00f3n para revolucionarios y anarquistas) en Labastida. Los camaradas recordar\u00e1n que Labastida fu\u00e9 uno de los pueblos de la Rioja alavesa donde el movimiento anarquista del 8 de diciembre tom\u00f3 m\u00e1s \u00edmpetu revolucionario, y es ah\u00ed donde, tanto lo republicanos como los socialistas y fascistas, han puesto sus luci\u00e9rnagas para castigar a los intr\u00e9pitos adalides del movimiento obrero y libertario.<br \/>\n<em>Alea jacta est<\/em>. Las huestes neofascistas espa\u00f1olas tienen la suerte echada. Ahora, lo que se precisa es que sus aspiraciones de implantar el can\u00edbal sistema pol\u00edtico, no pasen de proyecto. Y para ello, ya que las fracciones pol\u00edticas la acatar\u00e1n, luego de haber cantado el <em>mea culpa<\/em>: sindicalistas de la C. N. del T. y anarquistas, lucharemos una vez m\u00e1s, como en otras ocasiones nos colocamos frente a la tiran\u00eda engendrada por el Estado.<\/em><\/p>\n<div align=\"right\"><em>LIBERTO<\/em><\/div>\n<p><em>Vitoria y mayo de 1934.<\/em><\/p><\/blockquote>\n<hr \/>\n<p><a class=\"destinoNotaAlPie\" href=\"#enlaceRecorte2\" name=\"recorte2\">&#8211; Transcripci\u00f3n del texto del art\u00edculo <em>Zarabanda represiva<\/em>. En <em>Tierra y Libertad<\/em> del 4 de octubre de 1934:<\/a><\/p>\n<blockquote><p><strong><em>Zarabanda represiva<\/em><\/strong><br \/>\n<em>De &#171;zarabanda represiva&#187; intitulamos hoy este articulejo, porque todo \u00e9l lo dedicamos a la actividad desplegada por todos, los grandes y chicos gladiadores que poseen la &#171;facultad&#187; para aniquilar las ansias de justicia y redenci\u00f3n social, que anidan en el esp\u00edritu del proletariado militante de la C. N. T. Uno de los principales&#8212;todos iguales mejor dicho&#8212;en comenzar su obra represiva es el poncio que padecemos en la provincia de \u00c1lava, pues hace m\u00e1s de cuatro semanas que a los distintos sindicatos cenetistas les ha prohibido toda clase de reuni\u00f3n y actos de propaganda. Se pas\u00f3 el 1\u00ba de agosto, o sea el &#171;fat\u00eddico&#187; d\u00eda en que se iba hacer la &#171;terrible revoluci\u00f3n&#187; marxista, pero nuestra obligada inactividad sindical contin\u00faa en la misma situaci\u00f3n del primer d\u00eda en que recibimos aquella disposici\u00f3n (?) pilatesca.<br \/>\nY no es esto lo peor, sino que todav\u00eda (&#171;quieras o no quieras&#187;) se nos quiere imponer a viva fuerza ese engendro socialfascista de la ley del 8 de abril, o de lo contrario a la C. N. T. de Vitoria se la colocar\u00eda, gubernativamente, al margen de la legalidad, y por lo visto &#171;nuestro&#187; simp\u00e1tico gobernador, Berm\u00fadez de Castro, ignora que la organizaci\u00f3n confederal vitoriana tiene tomados sus acuerdos, firmes y en\u00e9rgicos, para no acatar de ninguna forma ese expurgo anticonfederal y atentatorio a los principios de libertad. Si se trata de hacernos tragar la p\u00edldora, sepan por \u00fanica y \u00faltima vez que estamos dispuestos a ir hasta donde sea necesario antes de acatar la ley socialista; si se nos impone la represiva y tir\u00e1nica medida gubernativa, sepan que en plena &#171;Rep\u00fablica democr\u00e1tica y de trabajadores&#187; los mismos trabajadores revolucionarios iremos a la clandestinidad y en ella actuaremos y nos desenvolveremos democr\u00e1tica y federalmente.<br \/>\nPero no se trata solamente de esta cuesti\u00f3n. La medida represiva lleva otros linderos, pues lo que aqu\u00ed se ventila es la eliminaci\u00f3n de los compa\u00f1eros m\u00e1s activos de la C. N. T. y de la F. A. I. Hace unos d\u00edas se cometi\u00f3 un atraco en un estanco y a los pocos momentos el camarada Jos\u00e9 Gim\u00e9nez es detenido, acus\u00e1ndole de ser uno de los autores del atraco. La polic\u00eda, el gobernador, el juez y todo cristo, sabe perfectamente que el compa\u00f1ero Gim\u00e9nez es inocente de lo que se le acusa, porque da la coincidencia que a la misma hora y minutos en que se realiz\u00f3 el atraco, este compa\u00f1ero estaba conversando a medio kil\u00f3metro de distancia con un alguacil. El juez le ha tomado declaraci\u00f3n y sabe, creemos, quienes son los autores, pero lleva 15 d\u00edas en la c\u00e1rcel a disposici\u00f3n del gobernador, y tanto el juez como el poncio no lo ponen en libertad. \u00bfDe qu\u00e9 se trata? \u00bfPor qu\u00e9 el compa\u00f1ero Gim\u00e9nez no disfruta de la libertad que no deber\u00eda haber perdido?<br \/>\nUna vez se ha comprobado la inculpabilidad del compa\u00f1ero Gim\u00e9nez, \u00bfpor qu\u00e9 no se decreta su libertad? \u00a1Ah! Hace tiempo que este compa\u00f1ero se encuentra sin trabajo y tambi\u00e9n hace tiempo que la polic\u00eda le tiene echado el &#171;friso&#187; para aplicarle la ley de Vagos.<br \/>\nHe ah\u00ed la &#171;raz\u00f3n&#187; fundamental de que este compa\u00f1ero no se halle entre nosotros porque a la polic\u00eda no le da la real\u00edsima gana.<br \/>\nLa odisea de este compa\u00f1ero no es \u00fanica. Otro compa\u00f1ero hay que es completamente inocente de un hecho an\u00e1logo, y el juez (el mismo que hoy retiene a nuestro compa\u00f1ero) con todas las pruebas justificativas de inculpabilidad lo proces\u00f3 y despu\u00e9s, en el juicio, fu\u00e9 condenado a la pena de cuatro a\u00f1os que los est\u00e1 cumpliendo en la actualidad en el Dueso. Nos referimos al compa\u00f1ero Gerardo Garc\u00eda, pues por lo visto con Gim\u00e9nez se quiere cometer la misma e injusta arbitrariedad judicial-polic\u00edaca-gubernativa.<br \/>\nSe han podido convencer los que nos lean que en estas actuaciones, tanto por parte del Juzgado como del Gobierno civil, de lo que se trata no es m\u00e1s que de hacernos a la organizaci\u00f3n espec\u00edfica y confederal, as\u00ed como tambi\u00e9n a cuantos a ellas pertenecemos, la vida imposible, que bien puede ser a una poni\u00e9ndola gubernativa o judicialmente fuera de la ley de Asociaciones, y a los trabajadores y revolucionarios persigui\u00e9ndolos y form\u00e1ndoseles fant\u00e1sticos procesos, como ha sucedido con G. Garc\u00eda y ahora se quiere hacer tambi\u00e9n al compa\u00f1ero Gim\u00e9nez. Pero los resortes represivos empleados por los m\u00e1ximos testaferros de la provincia tienen a\u00fan otros alcances tan repulsivos y denigrantes, que los se\u00f1alaremos m\u00e1s abajo.<br \/>\nCuando ya cre\u00edamos todos que los hechos derivativos del movimiento de diciembre pasado estaban liquidados y que ninguno de cuantos fueron procesados y amnistiados posteriormente ten\u00edan nada que solventar con la justicia de los hombres hist\u00f3ricos, resulta que hay un pleito planteado por el compa\u00f1ero Daniel Campo, de Haro (Logro\u00f1o), contra el comisario de polic\u00eda de Vitoria; pleito este por dem\u00e1s algo as\u00ed como denigrante, cuando en \u00e9l est\u00e1n mezclados los guardadores del orden oficial y dign\u00edsimos y honrados trabajadores, compa\u00f1eros nuestros. Este compa\u00f1ero, v\u00edctima de un atropello polic\u00edaco, quiere reivindicar su situaci\u00f3n y recuperar lo retenido por las hordas policiales vitorianas que consiste en 27 pesetas y la documentaci\u00f3n personal y militar, que, como decimos, en uno de los d\u00edas del movimiento revolucionario hubo de venir a Vitoria, lo que motiv\u00f3 para que se le detuviera form\u00e1ndosele proceso, permaneciendo en esta c\u00e1rcel cinco d\u00edas y despu\u00e9s se le traslad\u00f3 a la de Haro, para responder ante el juez del distrito y hete que como quiera que no hab\u00eda nada delictivo contra \u00e9l, el juez ordena su sobreseimiento, siendo puesto en libertad el 28 del mismo mes. En los primeros d\u00edas de agosto se presenta en la Comisar\u00eda de Vitoria a reclamar todo lo que injustamente se le usurp\u00f3; pero en este antro ni en ning\u00fan otro lugar no saben, o no quieren saber nada de cuanto al compa\u00f1ero Campo le han despojado arbitrariamente.<br \/>\nY no es esto lo peor. Lo que denigra y crispa los nervios, es que adem\u00e1s de ir a reclamar lo que es muy suyo, el mismo comisario que guard\u00f3 las 27 pesetas y la documentaci\u00f3n le amenaza b\u00e1rbaramente y se le vuelve a atropellar, qued\u00e1ndose el compa\u00f1ero sin poder adquirir lo suyo. Ya, anteriormente, al camarada Barredo, de Labastida, tambi\u00e9n le birlaron otra buena cantidad de pesetas, habiendo dado el mismo resultado. Todo esto se comprende. Siendo los individuos estos que ostentan impunidad autoritaria de una posici\u00f3n econ\u00f3mica deficiente, con el sueldo que usurpan al pueblo productor no tienen lo suficiente para mantener sus vicios, francachelas y org\u00edas; de alguna parte habr\u00e1n de sacar el dinero para poder seguir manteniendo la vida crapulosa que en ellos en innata. Y claro est\u00e1: esa parte no es otra que las desgraciadas v\u00edctimas que caen bajo su omn\u00edmoda y soberbia f\u00e9rula.<\/em><\/p>\n<div align=\"right\"><em>LIBERTO<\/em><\/div>\n<p><em>Vitoria y agosto del 34.<\/em><\/p><\/blockquote>\n<hr \/>\n<p><a class=\"destinoNotaAlPie\" href=\"#enlaceRecorte3\" name=\"recorte3\">&#8211; Transcripci\u00f3n del texto de la noticia del cierre del Sindicato \u00danico. En <em>La Libertad<\/em> del 7 de noviembre de 1934:<\/a><\/p>\n<blockquote><p><strong><em>Gobierno Civil<\/em><\/strong><br \/>\n<em>Nos inform\u00f3 el se\u00f1or Berm\u00fadez de Castro que por \u00f3rdenes recibidas de la superioridad hab\u00eda ordenado la clausura de los locales de C. N. T. y decretado la detenci\u00f3n de sus directivos.<br \/>\nLa medida es general en Espa\u00f1a y debe obedecer a confidencias que ha tenido el Gobierno de algo ilegal que se preparaba en Zaragoza como protesta de las ejecuciones dimanantes de los dolorosos sucesos desarrollados en Asturias con motivo del movimiento revolucionario.<br \/>\nEn la comisar\u00eda de Vigilancia se nos facilitaron los nombres de los detenidos, que son los siguientes:<br \/>\nNicasio Mardones, F\u00e9lix Estavillo, Atanasio Rituerto, Santiago Sarralde, Inocencio Soto, Juli\u00e1n Alarc\u00f3n, David Alday, Daniel Orille, Primitivo L\u00f3pez de Calzada, Jos\u00e9 Garc\u00eda Salazar, Erotis Lozano e Ismael Conde.<br \/>\nTodos han ingresado en la C\u00e1rcel.<br \/>\nEl Gobernador dijo que esta noche regresar\u00edan de Asturias dos bater\u00edas del Regimiento de Artiller\u00eda de Monta\u00f1a.<br \/>\nPreguntado si se hab\u00eda ocupado algo en el Sindicato \u00danico, contest\u00f3 negativamente, habi\u00e9ndose limitado la autoridad a proceder a su clausura sin m\u00e1s tr\u00e1mite.<\/em><\/p><\/blockquote>\n<hr \/>\n","protected":false},"excerpt":{"rendered":"<p>Con el advenimiento de la derecha al poder, la represi\u00f3n sobre los libertarios y la CNT se extrem\u00f3. Se persigui\u00f3 sa\u00f1udamente cualquier intento de reorganizaci\u00f3n de CNT, las detenciones por supuestas acciones expropiadoras se generalizaron y los juicios por los &hellip; <\/p>\n","protected":false},"author":2,"featured_media":2021,"comment_status":"closed","ping_status":"open","sticky":false,"template":"","format":"standard","meta":{"jetpack_post_was_ever_published":false,"_jetpack_newsletter_access":"","_jetpack_dont_email_post_to_subs":false,"_jetpack_newsletter_tier_id":0,"_jetpack_memberships_contains_paywalled_content":false,"_jetpack_memberships_contains_paid_content":false,"footnotes":"","jetpack_publicize_message":"","jetpack_publicize_feature_enabled":true,"jetpack_social_post_already_shared":true,"jetpack_social_options":{"image_generator_settings":{"template":"highway","enabled":false},"version":2}},"categories":[4],"tags":[10],"class_list":["post-2015","post","type-post","status-publish","format-standard","has-post-thumbnail","hentry","category-la-historia","tag-la-historia"],"jetpack_publicize_connections":[],"jetpack_featured_media_url":"https:\/\/vitoria.cnt.es\/mh\/wp-content\/uploads\/sites\/2\/2020\/05\/vitoria-carcel-calle-paz-1935.jpg","jetpack_sharing_enabled":true,"jetpack_shortlink":"https:\/\/wp.me\/p58fhe-wv","_links":{"self":[{"href":"https:\/\/vitoria.cnt.es\/mh\/wp-json\/wp\/v2\/posts\/2015","targetHints":{"allow":["GET"]}}],"collection":[{"href":"https:\/\/vitoria.cnt.es\/mh\/wp-json\/wp\/v2\/posts"}],"about":[{"href":"https:\/\/vitoria.cnt.es\/mh\/wp-json\/wp\/v2\/types\/post"}],"author":[{"embeddable":true,"href":"https:\/\/vitoria.cnt.es\/mh\/wp-json\/wp\/v2\/users\/2"}],"replies":[{"embeddable":true,"href":"https:\/\/vitoria.cnt.es\/mh\/wp-json\/wp\/v2\/comments?post=2015"}],"version-history":[{"count":27,"href":"https:\/\/vitoria.cnt.es\/mh\/wp-json\/wp\/v2\/posts\/2015\/revisions"}],"predecessor-version":[{"id":2505,"href":"https:\/\/vitoria.cnt.es\/mh\/wp-json\/wp\/v2\/posts\/2015\/revisions\/2505"}],"wp:featuredmedia":[{"embeddable":true,"href":"https:\/\/vitoria.cnt.es\/mh\/wp-json\/wp\/v2\/media\/2021"}],"wp:attachment":[{"href":"https:\/\/vitoria.cnt.es\/mh\/wp-json\/wp\/v2\/media?parent=2015"}],"wp:term":[{"taxonomy":"category","embeddable":true,"href":"https:\/\/vitoria.cnt.es\/mh\/wp-json\/wp\/v2\/categories?post=2015"},{"taxonomy":"post_tag","embeddable":true,"href":"https:\/\/vitoria.cnt.es\/mh\/wp-json\/wp\/v2\/tags?post=2015"}],"curies":[{"name":"wp","href":"https:\/\/api.w.org\/{rel}","templated":true}]}}