{"id":2382,"date":"2020-06-28T13:18:23","date_gmt":"2020-06-28T13:18:23","guid":{"rendered":"http:\/\/vitoria.cnt.es\/mh\/?p=2382"},"modified":"2020-07-02T18:42:10","modified_gmt":"2020-07-02T18:42:10","slug":"documentos-historicos-valientes-a-honrar-su-memoria-recorte-cnt-del-norte-24-de-diciembre-de-1936","status":"publish","type":"post","link":"https:\/\/vitoria.cnt.es\/mh\/documentos-historicos-valientes-a-honrar-su-memoria-recorte-cnt-del-norte-24-de-diciembre-de-1936\/","title":{"rendered":"Documentos Hist\u00f3ricos. \u00a1VALIENTES! A HONRAR SU MEMORIA. Recorte CNT del Norte, 24 de diciembre de 1936"},"content":{"rendered":"<p><a href=\"http:\/\/vitoria.cnt.es\/mh\/wp-content\/uploads\/sites\/2\/2020\/06\/valientes-a-honrar-su-memoria-cnt-del-norte-24-12-1936.jpg\"><img loading=\"lazy\" decoding=\"async\" class=\"alignleft wp-image-2380\" title=\"\u00a1Valientes! A honrar su memoria. CNT del Norte, 24 de diciembre de 1936\" src=\"http:\/\/vitoria.cnt.es\/mh\/wp-content\/uploads\/sites\/2\/2020\/06\/valientes-a-honrar-su-memoria-cnt-del-norte-24-12-1936-300x236.jpg\" alt=\"\u00a1Valientes! A honrar su memoria. CNT del Norte, 24 de diciembre de 1936\" title=\"\u00a1Valientes! A honrar su memoria. CNT del Norte, 24 de diciembre de 1936\" width=\"550\" height=\"432\" srcset=\"https:\/\/vitoria.cnt.es\/mh\/wp-content\/uploads\/sites\/2\/2020\/06\/valientes-a-honrar-su-memoria-cnt-del-norte-24-12-1936-300x236.jpg 300w, https:\/\/vitoria.cnt.es\/mh\/wp-content\/uploads\/sites\/2\/2020\/06\/valientes-a-honrar-su-memoria-cnt-del-norte-24-12-1936-600x471.jpg 600w, https:\/\/vitoria.cnt.es\/mh\/wp-content\/uploads\/sites\/2\/2020\/06\/valientes-a-honrar-su-memoria-cnt-del-norte-24-12-1936-204x160.jpg 204w, https:\/\/vitoria.cnt.es\/mh\/wp-content\/uploads\/sites\/2\/2020\/06\/valientes-a-honrar-su-memoria-cnt-del-norte-24-12-1936-24x19.jpg 24w, https:\/\/vitoria.cnt.es\/mh\/wp-content\/uploads\/sites\/2\/2020\/06\/valientes-a-honrar-su-memoria-cnt-del-norte-24-12-1936-36x28.jpg 36w, https:\/\/vitoria.cnt.es\/mh\/wp-content\/uploads\/sites\/2\/2020\/06\/valientes-a-honrar-su-memoria-cnt-del-norte-24-12-1936-48x38.jpg 48w, https:\/\/vitoria.cnt.es\/mh\/wp-content\/uploads\/sites\/2\/2020\/06\/valientes-a-honrar-su-memoria-cnt-del-norte-24-12-1936.jpg 700w\" sizes=\"auto, (max-width: 550px) 100vw, 550px\" \/><\/a><\/p>\n<p>El peri\u00f3dico CNT del Norte publicaba, el 24 de diciembre de 1936, este peque\u00f1o art\u00edculo firmado por Jos\u00e9 de Acondia, en el que se informaba de la vuelta al frente del batall\u00f3n Isaac Puente de la CNT.<\/p>\n<p>Isaac Puente Amestoy fue un m\u00e9dico, anarquista, naturista y divulgador, afiliado y activista de la CNT, residente en la localidad alavesa de Maeztu. Fue el m\u00e1s reconocido anarquista de \u00c1lava y, aunque no se diga, con harta diferencia, el m\u00e1s le\u00eddo escritor de la provincia. Naci\u00f3 en Las Carreras, Abanto Ci\u00e9rvana (Bizkaia) en 1896 y fue asesinado sin proceso por milicias paramilitares el 1 de septiembre de 1936, probablemente en las inmediaciones de la localidad Pancorbo (Burgos).<br \/>\n<a title=\"D\u00eda de Memoria sobre Isaac Puente\" href=\"https:\/\/vitoria.cnt.es\/mh\/dias-de-memoria-3-de-junio-de-1896-nacimiento-de-isaac-puente-amestoy\/\">D\u00eda de Memoria sobre Isaac Puente<\/a> en \u00c1lava Libertaria.<\/p>\n<p>El batall\u00f3n Isaac Puente fue el n\u00ba3 de CNT y n\u00ba11 en el Euzkadiko Gudaroztea (Ej\u00e9rcito de Euzkadi), por el que fue nombrado como batall\u00f3n de choque. Combati\u00f3 en el Frente Norte durante la Guerra Civil Espa\u00f1ola entre los meses de septiembre de 1936 y octubre de 1937.<\/p>\n<p>Formado en septiembre de 1936 con voluntarios obreros de la CNT, pronto ocup\u00f3 posiciones en los montes Jarindo y Maroto y particip\u00f3 en muy duros combates durante la Batalla de Villarreal en octubre de dicho a\u00f1o. Combati\u00f3 despu\u00e9s en Otxandio y estuvo destinado en el monte Oketa.<\/p>\n<p>Entre febrero y marzo de 1937 fue trasladado al frente Asturiano participando en los combates del sitio de Oviedo.<\/p>\n<p>A su regreso de Asturias luch\u00f3 en la defensa del alto de Barazar y en Dima. A partir de mayo de 1937 combati\u00f3 en batallas tan famosas como la del Sollube, Mung\u00eda o Bizkargi.<\/p>\n<p>Tras la ca\u00edda de Bilbao el 19 de junio, el batall\u00f3n march\u00f3 a Solares (Cantabria). Entabl\u00f3 combates en tierras c\u00e1ntabras y se traslad\u00f3 a luchar en Asturias combatiendo en la defensa del Mazuco durante los meses de septiembre y octubre de 1937, tras lo que, realizando una \u00faltima resistencia en la localidad de Posada, consiguieron ser evacuados por mar.<\/p>\n<p>Los supervivientes que pudieron llegar a Catalu\u00f1a se reincorporaron a la lucha encuadrados en una brigada de Carabineros.<\/p>\n<p>Transcripci\u00f3n del texto del art\u00edculo:<\/p>\n<blockquote><p><strong><em>\u00a1Valientes! A honrar su memoria<\/em><\/strong><br \/>\n<em>Otra vez ha salido a los frentes de guerra el batall\u00f3n de la C. N. T., que lleva el nombre del glorioso m\u00e9dico de Iradezchu, \u00abIsaac Puente\u00bb.<\/p>\n<p>Isaac Puente fu\u00e9 un hombre que se li\u00f3 por entero a la causa de la justicia, a la defensa del proletariado, al amor a la humanidad, por sentimiento, por nobleza de coraz\u00f3n, por elevaci\u00f3n de su gran inteligencia, no por c\u00e1lculos de negocio, ni por afanes de caudillaje para encumbrarse.<\/p>\n<p>Por sus campa\u00f1as de prensa, por la publicaci\u00f3n de sus libros de divulgaci\u00f3n m\u00e9dica, fu\u00e9 muy perseguido.<\/p>\n<p>En 1934, las gacetas al servicio del baboso jefe radical, levantaron un sinn\u00famero de patra\u00f1as para desacreditar y oscurecer su preclaro nombre, y ahora el canalla fascista al servicio, no de Espa\u00f1a\u2014\u00a1MENTIRA!\u2014, al servicio de los esclavizadores de las clases productoras de Espa\u00f1a, le han fusilado.<\/p>\n<p>Al batall\u00f3n \u00abIsaac Puente\u00bb le est\u00e1 reservada la honra de ser el primero en entrar en Vitoria, la reaccionaria ciudad donde cay\u00f3 el m\u00e1rtir de la idea. Para ello es necesario, milicianos del \u00abIsaac Puente\u00bb valor, esp\u00edritu de sacrificio y disciplina; mucha disciplina y mucha serenidad.<\/p>\n<p>Quien esto escribe, amigo y ferviente admirador del inolvidable Isaac Puente est\u00e1 con vosotros espiritualmente y, a pesar de viejo, si no fuese por achaques de salud, con vosotros estuviera corporalmente luchando por las libertades del pueblo que vilmente quieren arrancarle los privilegiados de todos los tiempos.<\/em><\/p>\n<p>\u00a1Camaradas! Adelante hasta cubrir de gloria y de m\u00e9ritos a vuestro batall\u00f3n.<\/p>\n<p align=\"right\"><em>Jos\u00e9 de ACONDIA<\/em><\/p>\n<\/blockquote>\n","protected":false},"excerpt":{"rendered":"<p>El peri\u00f3dico CNT del Norte publicaba, el 24 de diciembre de 1936, este peque\u00f1o art\u00edculo firmado por Jos\u00e9 de Acondia, en el que se informaba de la vuelta al frente del batall\u00f3n Isaac Puente de la CNT. Isaac Puente Amestoy &hellip; <\/p>\n","protected":false},"author":1,"featured_media":2380,"comment_status":"closed","ping_status":"open","sticky":false,"template":"","format":"standard","meta":{"jetpack_post_was_ever_published":false,"_jetpack_newsletter_access":"","_jetpack_dont_email_post_to_subs":false,"_jetpack_newsletter_tier_id":0,"_jetpack_memberships_contains_paywalled_content":false,"_jetpack_memberships_contains_paid_content":false,"footnotes":"","jetpack_publicize_message":"","jetpack_publicize_feature_enabled":true,"jetpack_social_post_already_shared":true,"jetpack_social_options":{"image_generator_settings":{"template":"highway","enabled":false},"version":2}},"categories":[11],"tags":[8],"class_list":["post-2382","post","type-post","status-publish","format-standard","has-post-thumbnail","hentry","category-documentos-historicos","tag-documentos-historicos"],"jetpack_publicize_connections":[],"jetpack_featured_media_url":"https:\/\/vitoria.cnt.es\/mh\/wp-content\/uploads\/sites\/2\/2020\/06\/valientes-a-honrar-su-memoria-cnt-del-norte-24-12-1936.jpg","jetpack_sharing_enabled":true,"jetpack_shortlink":"https:\/\/wp.me\/p58fhe-Cq","_links":{"self":[{"href":"https:\/\/vitoria.cnt.es\/mh\/wp-json\/wp\/v2\/posts\/2382","targetHints":{"allow":["GET"]}}],"collection":[{"href":"https:\/\/vitoria.cnt.es\/mh\/wp-json\/wp\/v2\/posts"}],"about":[{"href":"https:\/\/vitoria.cnt.es\/mh\/wp-json\/wp\/v2\/types\/post"}],"author":[{"embeddable":true,"href":"https:\/\/vitoria.cnt.es\/mh\/wp-json\/wp\/v2\/users\/1"}],"replies":[{"embeddable":true,"href":"https:\/\/vitoria.cnt.es\/mh\/wp-json\/wp\/v2\/comments?post=2382"}],"version-history":[{"count":10,"href":"https:\/\/vitoria.cnt.es\/mh\/wp-json\/wp\/v2\/posts\/2382\/revisions"}],"predecessor-version":[{"id":2391,"href":"https:\/\/vitoria.cnt.es\/mh\/wp-json\/wp\/v2\/posts\/2382\/revisions\/2391"}],"wp:featuredmedia":[{"embeddable":true,"href":"https:\/\/vitoria.cnt.es\/mh\/wp-json\/wp\/v2\/media\/2380"}],"wp:attachment":[{"href":"https:\/\/vitoria.cnt.es\/mh\/wp-json\/wp\/v2\/media?parent=2382"}],"wp:term":[{"taxonomy":"category","embeddable":true,"href":"https:\/\/vitoria.cnt.es\/mh\/wp-json\/wp\/v2\/categories?post=2382"},{"taxonomy":"post_tag","embeddable":true,"href":"https:\/\/vitoria.cnt.es\/mh\/wp-json\/wp\/v2\/tags?post=2382"}],"curies":[{"name":"wp","href":"https:\/\/api.w.org\/{rel}","templated":true}]}}