{"id":2604,"date":"2021-11-10T17:53:00","date_gmt":"2021-11-10T17:53:00","guid":{"rendered":"https:\/\/vitoria.cnt.es\/mh\/?p=2604"},"modified":"2021-11-19T18:42:43","modified_gmt":"2021-11-19T18:42:43","slug":"el-anarquismo-mas-alla-de-la-cnt-durante-los-anos-republicanos","status":"publish","type":"post","link":"https:\/\/vitoria.cnt.es\/mh\/el-anarquismo-mas-alla-de-la-cnt-durante-los-anos-republicanos\/","title":{"rendered":"EL ANARQUISMO M\u00c1S ALL\u00c1 DE LA CNT DURANTE LOS A\u00d1OS REPUBLICANOS."},"content":{"rendered":"\n<p>No hemos logrado acumular suficientes noticias sobre la presencia de grupos anarquistas en Vitoria y su provincia. Es obvio que pr\u00e1cticamente todos los militantes de pro como Sarrate, Puente, Orille, Nicasio de Marcos, Atanasio Rituerto se consideraban anarquistas, pero salvo unos pocos casos desconocemos nombres de grupos e integrantes por m\u00e1s que Vidiella asegurara que Vitoria y sus contornos era una de las zonas con m\u00e1s grupos anarquistas organizados. Es seguro que exist\u00edan grupos en Vitoria, Maeztu, Elciego y Labastida y tal vez en Laguardia y La Puebla de Labarca, pero generalmente sin mayores concreciones.<\/p>\n\n\n\n<div class=\"wp-block-image\"><figure class=\"alignright size-full\"><img loading=\"lazy\" decoding=\"async\" width=\"489\" height=\"627\" src=\"https:\/\/vitoria.cnt.es\/mh\/wp-content\/uploads\/sites\/2\/2021\/11\/11-CONDE-ALONSO-Jesus.jpg\" alt=\"\" class=\"wp-image-2652\" srcset=\"https:\/\/vitoria.cnt.es\/mh\/wp-content\/uploads\/sites\/2\/2021\/11\/11-CONDE-ALONSO-Jesus.jpg 489w, https:\/\/vitoria.cnt.es\/mh\/wp-content\/uploads\/sites\/2\/2021\/11\/11-CONDE-ALONSO-Jesus-234x300.jpg 234w, https:\/\/vitoria.cnt.es\/mh\/wp-content\/uploads\/sites\/2\/2021\/11\/11-CONDE-ALONSO-Jesus-468x600.jpg 468w, https:\/\/vitoria.cnt.es\/mh\/wp-content\/uploads\/sites\/2\/2021\/11\/11-CONDE-ALONSO-Jesus-125x160.jpg 125w, https:\/\/vitoria.cnt.es\/mh\/wp-content\/uploads\/sites\/2\/2021\/11\/11-CONDE-ALONSO-Jesus-19x24.jpg 19w, https:\/\/vitoria.cnt.es\/mh\/wp-content\/uploads\/sites\/2\/2021\/11\/11-CONDE-ALONSO-Jesus-28x36.jpg 28w, https:\/\/vitoria.cnt.es\/mh\/wp-content\/uploads\/sites\/2\/2021\/11\/11-CONDE-ALONSO-Jesus-37x48.jpg 37w\" sizes=\"auto, (max-width: 489px) 100vw, 489px\" \/><figcaption>Jes\u00fas Conde Alonso<\/figcaption><\/figure><\/div>\n\n\n\n<p>En Vitoria tenemos constancia del grupo<em> Acracia<\/em> fundado en abril de 1931 con F\u00e9lix Ruiz como m\u00e1s conocido integrante<sup><a href=\"#sdendnote1sym\"><sup>i<\/sup><\/a><\/sup> y de <em>Inquietud Anarquista <\/em>fundado en agosto del mismo a\u00f1o con Pedro Manzanares entre sus miembros.<sup><a href=\"#sdendnote2sym\"><sup>ii<\/sup><\/a><\/sup> En julio de 1932 se constituye en Vitoria la Federaci\u00f3n Local de Grupos Anarquistas, que se adhiere a la FAI.<sup><a href=\"#sdendnote3sym\"><sup>iii<\/sup><\/a><\/sup> Por las mismas fechas se crea un grupo de Juventud de Educaci\u00f3n Libertaria afecto a la FAI<sup><a href=\"#sdendnote4sym\"><sup>iv<\/sup><\/a><\/sup> que se adhiere al Congreso de la FIJL celebrado a fines de junio y algo m\u00e1s tarde (enero de 1933) se constituye un grupo de la misma \u00edndole, pero femenino, la Agrupaci\u00f3n Femenina de Educaci\u00f3n Libertaria, con Conrada Vera como secretaria.<sup><a href=\"#sdendnote5sym\"><sup>v<\/sup><\/a><\/sup> A mediados de 1934 Jes\u00fas Conde ejerc\u00eda de secretario de las Juventudes, lo que no imped\u00eda que tambi\u00e9n militara en CNT (dualidad que alcanzaba a otros activistas: F\u00e9lix Alonso, Abel Ram\u00edrez, Santiago P\u00e9rez de Villarreal, Claudio Anguiano, Mariano Guti\u00e9rrez, etc.). En el mismo a\u00f1o de 1932, junio, se funda el grupo <em>Aurora Nueva<\/em> en Labastida.<sup><a href=\"#sdendnote6sym\"><sup>vi<\/sup><\/a><\/sup> Por \u00faltimo es seguro que en 1936 en Vitoria exist\u00eda una Federaci\u00f3n Local de Grupos Anarquistas, pero solo conocemos el nombre de un grupo, <em>Espartaco<\/em>.<\/p>\n\n\n\n<div class=\"wp-block-image\"><figure class=\"alignleft size-large\"><img loading=\"lazy\" decoding=\"async\" width=\"459\" height=\"700\" src=\"https:\/\/vitoria.cnt.es\/mh\/wp-content\/uploads\/sites\/2\/2021\/11\/12-ALONSO-GARCIA-Felix-459x700.jpg\" alt=\"\" class=\"wp-image-2654\" srcset=\"https:\/\/vitoria.cnt.es\/mh\/wp-content\/uploads\/sites\/2\/2021\/11\/12-ALONSO-GARCIA-Felix-459x700.jpg 459w, https:\/\/vitoria.cnt.es\/mh\/wp-content\/uploads\/sites\/2\/2021\/11\/12-ALONSO-GARCIA-Felix-197x300.jpg 197w, https:\/\/vitoria.cnt.es\/mh\/wp-content\/uploads\/sites\/2\/2021\/11\/12-ALONSO-GARCIA-Felix-768x1171.jpg 768w, https:\/\/vitoria.cnt.es\/mh\/wp-content\/uploads\/sites\/2\/2021\/11\/12-ALONSO-GARCIA-Felix-394x600.jpg 394w, https:\/\/vitoria.cnt.es\/mh\/wp-content\/uploads\/sites\/2\/2021\/11\/12-ALONSO-GARCIA-Felix-105x160.jpg 105w, https:\/\/vitoria.cnt.es\/mh\/wp-content\/uploads\/sites\/2\/2021\/11\/12-ALONSO-GARCIA-Felix-16x24.jpg 16w, https:\/\/vitoria.cnt.es\/mh\/wp-content\/uploads\/sites\/2\/2021\/11\/12-ALONSO-GARCIA-Felix-24x36.jpg 24w, https:\/\/vitoria.cnt.es\/mh\/wp-content\/uploads\/sites\/2\/2021\/11\/12-ALONSO-GARCIA-Felix-31x48.jpg 31w, https:\/\/vitoria.cnt.es\/mh\/wp-content\/uploads\/sites\/2\/2021\/11\/12-ALONSO-GARCIA-Felix.jpg 930w\" sizes=\"auto, (max-width: 459px) 100vw, 459px\" \/><figcaption>F\u00e9liz Alonso Garc\u00eda<\/figcaption><\/figure><\/div>\n\n\n\n<p>Sabemos de la existencia de un Ateneo Libertario,<sup><a href=\"#sdendnote7sym\"><sup>vii<\/sup><\/a><\/sup> en puridad un Ateneo de Divulgaci\u00f3n Social, con el nombre de <em>Generaci\u00f3n Consciente<\/em>, fundado en el verano de 1932, situado f\u00edsicamente en un local anexo al de CNT en la calle Pintorer\u00eda 19, 1\u00ba, dotado de biblioteca y centro principal de reuni\u00f3n de las JJLL. Se asegura que la mayor parte de sus miembros practicaban el monta\u00f1ismo y el excursionismo y sumando fuentes constatamos la presencia asidua en el mismo de Isaura Saiz, Jes\u00fas Conde, F\u00e9lix Alonso, Paumero y el m\u00e9dico C\u00e1ndido L\u00f3pez de Ull\u00edbarri. Tambi\u00e9n a iniciativa libertaria, funcion\u00f3 una Biblioteca Municipal Popular (junio de 1932 a noviembre de 1933)<sup> <\/sup>que decay\u00f3 porque fracci\u00f3n considerable de sus usuarios no ten\u00edan conciencia autogestionaria ni libertaria.<\/p>\n\n\n\n<p><a href=\"#sdendnote1anc\">i<\/a> <em>El Luchador<\/em> 24-4-1931.<\/p>\n\n\n\n<p><a href=\"#sdendnote2anc\">ii<\/a> <em>El Luchador<\/em>, 7-8-1931.<\/p>\n\n\n\n<p><a href=\"#sdendnote3anc\">iii<\/a> <em>Tierra y Libertad<\/em>, 15-7-1932.<\/p>\n\n\n\n<p><a href=\"#sdendnote4anc\">iv<\/a> <em>El Libertario<\/em>, 2-7-1932. Educaci\u00f3n Libertaria fue el nombre que inicialmente tom\u00f3 lo que despu\u00e9s ser\u00e1 conocido como FIJL y JJLL. En los ejemplares de 8-10-1932 y 3-12-1932 leemos que ya ha ingresado en las JJLL y env\u00eda dinero para el proyectado vocero <em>Hoja Juvenil.<\/em><\/p>\n\n\n\n<p><a href=\"#sdendnote5anc\">v<\/a> <em>CNT<\/em>, 21-1-1933. Conrada Vera habla de un \u201cpu\u00f1ado de compa\u00f1eras \u00e1cratas\u201d y llama a engrosar el grupo. En <em>CNT<\/em>, 7-2-1933, el grupo denuncia la situaci\u00f3n de los presos.<\/p>\n\n\n\n<p><a><\/a> <a href=\"#sdendnote6anc\">vi<\/a> <em>Tierra y Libertad<\/em>, 10-6-1932. \u201cSe propone divulgar las ideas \u00e1cratas por todas partes y laborar sin descanso por el advenimiento de la Revoluci\u00f3n Social que ha de libertar a todos los esclavos, inaugurando una nueva era de paz, amor y libertad. Al constituirse mandan un fraternal saludo a todos los revolucionarios que luchan contra este r\u00e9gimen de oprobio y de miseria y desea relacionarse con todos los grupos afines. Salud y total liberaci\u00f3n de presos y deportados\u201d.<\/p>\n\n\n\n<p><a href=\"#sdendnote7anc\">vii<\/a> Ateneo de Divulgaci\u00f3n Social Generaci\u00f3n Consciente. Presenta estatutos el 27-8-1932 y se legaliza el 5-10-1932, con Santiago Sarralde de presidente y Erotis Lozano de secretario. (Libro-registro y expedientes de Asociaciones en el AHP de \u00c1lava. SUB, 1573-1575). Citado en <em>La Vanguardia<\/em>, 22-9-1934, como uno de los tres lugares en que se practicaron registros: sedes de UGT, CNT Y Ateneo Libertario. En <em>Tierra y Libertad<\/em>, 28-7-1934, art\u00edculo de Jes\u00fas Conde, en el que se alude al tit\u00e1nico esfuerzo de las JJLL para constituir el Ateneo de Divulgaci\u00f3n Social. Tambi\u00e9n en \u201cMis Memorias de Juventud\u201d de F\u00e9lix Alonso Garc\u00eda (que tambi\u00e9n se refiere a la Biblioteca Municipal Popular).<\/p>\n","protected":false},"excerpt":{"rendered":"<p>No hemos logrado acumular suficientes noticias sobre la presencia de grupos anarquistas en Vitoria y su provincia. Es obvio que pr\u00e1cticamente todos los militantes de pro como Sarrate, Puente, Orille, Nicasio de Marcos, Atanasio Rituerto se consideraban anarquistas, pero salvo &hellip; <\/p>\n","protected":false},"author":1,"featured_media":0,"comment_status":"closed","ping_status":"open","sticky":false,"template":"","format":"standard","meta":{"jetpack_post_was_ever_published":false,"_jetpack_newsletter_access":"","_jetpack_dont_email_post_to_subs":false,"_jetpack_newsletter_tier_id":0,"_jetpack_memberships_contains_paywalled_content":false,"_jetpack_memberships_contains_paid_content":false,"footnotes":"","jetpack_publicize_message":"","jetpack_publicize_feature_enabled":true,"jetpack_social_post_already_shared":true,"jetpack_social_options":{"image_generator_settings":{"template":"highway","enabled":false},"version":2}},"categories":[4],"tags":[10],"class_list":["post-2604","post","type-post","status-publish","format-standard","hentry","category-la-historia","tag-la-historia"],"jetpack_publicize_connections":[],"jetpack_featured_media_url":"","jetpack_sharing_enabled":true,"jetpack_shortlink":"https:\/\/wp.me\/p58fhe-G0","_links":{"self":[{"href":"https:\/\/vitoria.cnt.es\/mh\/wp-json\/wp\/v2\/posts\/2604","targetHints":{"allow":["GET"]}}],"collection":[{"href":"https:\/\/vitoria.cnt.es\/mh\/wp-json\/wp\/v2\/posts"}],"about":[{"href":"https:\/\/vitoria.cnt.es\/mh\/wp-json\/wp\/v2\/types\/post"}],"author":[{"embeddable":true,"href":"https:\/\/vitoria.cnt.es\/mh\/wp-json\/wp\/v2\/users\/1"}],"replies":[{"embeddable":true,"href":"https:\/\/vitoria.cnt.es\/mh\/wp-json\/wp\/v2\/comments?post=2604"}],"version-history":[{"count":2,"href":"https:\/\/vitoria.cnt.es\/mh\/wp-json\/wp\/v2\/posts\/2604\/revisions"}],"predecessor-version":[{"id":2655,"href":"https:\/\/vitoria.cnt.es\/mh\/wp-json\/wp\/v2\/posts\/2604\/revisions\/2655"}],"wp:attachment":[{"href":"https:\/\/vitoria.cnt.es\/mh\/wp-json\/wp\/v2\/media?parent=2604"}],"wp:term":[{"taxonomy":"category","embeddable":true,"href":"https:\/\/vitoria.cnt.es\/mh\/wp-json\/wp\/v2\/categories?post=2604"},{"taxonomy":"post_tag","embeddable":true,"href":"https:\/\/vitoria.cnt.es\/mh\/wp-json\/wp\/v2\/tags?post=2604"}],"curies":[{"name":"wp","href":"https:\/\/api.w.org\/{rel}","templated":true}]}}