{"id":2620,"date":"2021-11-03T19:30:51","date_gmt":"2021-11-03T19:30:51","guid":{"rendered":"https:\/\/vitoria.cnt.es\/mh\/?p=2620"},"modified":"2021-11-03T19:55:06","modified_gmt":"2021-11-03T19:55:06","slug":"el-18-de-julio-de-1904-nace-en-zalduendo-alava-federico-aracama-zabaleta","status":"publish","type":"post","link":"https:\/\/vitoria.cnt.es\/mh\/el-18-de-julio-de-1904-nace-en-zalduendo-alava-federico-aracama-zabaleta\/","title":{"rendered":"El 18 de julio de 1904 nace en Zalduendo (\u00c1lava) Federico ARACAMA ZABALETA."},"content":{"rendered":"\n<div class=\"wp-block-image\"><figure class=\"alignright size-large\"><img loading=\"lazy\" decoding=\"async\" width=\"431\" height=\"700\" src=\"https:\/\/vitoria.cnt.es\/mh\/wp-content\/uploads\/sites\/2\/2021\/11\/Federico-Celestino-e-Hilario-Aracama-Zabaleta-431x700.jpg\" alt=\"\" class=\"wp-image-2621\" srcset=\"https:\/\/vitoria.cnt.es\/mh\/wp-content\/uploads\/sites\/2\/2021\/11\/Federico-Celestino-e-Hilario-Aracama-Zabaleta-431x700.jpg 431w, https:\/\/vitoria.cnt.es\/mh\/wp-content\/uploads\/sites\/2\/2021\/11\/Federico-Celestino-e-Hilario-Aracama-Zabaleta-185x300.jpg 185w, https:\/\/vitoria.cnt.es\/mh\/wp-content\/uploads\/sites\/2\/2021\/11\/Federico-Celestino-e-Hilario-Aracama-Zabaleta-369x600.jpg 369w, https:\/\/vitoria.cnt.es\/mh\/wp-content\/uploads\/sites\/2\/2021\/11\/Federico-Celestino-e-Hilario-Aracama-Zabaleta-98x160.jpg 98w, https:\/\/vitoria.cnt.es\/mh\/wp-content\/uploads\/sites\/2\/2021\/11\/Federico-Celestino-e-Hilario-Aracama-Zabaleta-15x24.jpg 15w, https:\/\/vitoria.cnt.es\/mh\/wp-content\/uploads\/sites\/2\/2021\/11\/Federico-Celestino-e-Hilario-Aracama-Zabaleta-22x36.jpg 22w, https:\/\/vitoria.cnt.es\/mh\/wp-content\/uploads\/sites\/2\/2021\/11\/Federico-Celestino-e-Hilario-Aracama-Zabaleta-30x48.jpg 30w, https:\/\/vitoria.cnt.es\/mh\/wp-content\/uploads\/sites\/2\/2021\/11\/Federico-Celestino-e-Hilario-Aracama-Zabaleta.jpg 681w\" sizes=\"auto, (max-width: 431px) 100vw, 431px\" \/><figcaption><br><strong>Federico, Celestino e Hilario Aracama Zabaleta<\/strong><\/figcaption><\/figure><\/div>\n\n\n\n<p>V\u00e1stago de familia numerosa (seis hermanos, varios activistas confederales). Labrador de oficio, militante de CNT (y concejal, elegido en las elecciones de abril de 1931 en las listas republicanas, m\u00e1s por antimonarquismo que por republicanismo). Sublevada la reacci\u00f3n, escap\u00f3 de Zalduendo a comienzos de agosto a la sierra de Urb\u00eda cuando pretend\u00edan detenerlo los requet\u00e9s dirigidos por el cura (encarcelaron a sus hermanos Jos\u00e9 \u00c1ngel y Marcos y maltrataron a sus padres y compa\u00f1era Nieves) y se dirigi\u00f3 a San Sebasti\u00e1n. Combati\u00f3 en las milicias hasta la ca\u00edda del frente guipuzcoano y ya en Bilbao se enrol\u00f3 en el batall\u00f3n confederal Sacco y Vanzetti, en el que ejerci\u00f3 de teniente, con su hermano Hilario. Luch\u00f3 en el frente del Norte, especialmente en la zona de Villarreal-Cestafe-Ubidea, donde cay\u00f3 herido su hermano, y en las cercan\u00edas de Guernica (en el momento del bombardeo), fue herido en Ajuria y evacuado a Sondica y posteriormente a Santander y Gij\u00f3n. Hundida la resistencia en las comarcas norte\u00f1as, intenta ponerse a salvo, pero fracasa el intento de fuga en el barco carbonero <em>Montseny<\/em>, y cae en manos de los sublevados. Inicia un largo periplo por campos de concentraci\u00f3n y c\u00e1rceles: Ferrol, La Coru\u00f1a, Muros, Santo\u00f1a, Escolapios de Bilbao y Vitoria. Condenado en agosto de 1939 a la pena de muerte, conmutada al d\u00eda siguiente por la de veinte a\u00f1os, rebajada en diciembre a seis a\u00f1os, se le liber\u00f3 a los tres a\u00f1os y retorn\u00f3 a Zalduendo donde sufri\u00f3 las habituales ofensas de los vencedores. Muerto Franco, particip\u00f3 en la reconstrucci\u00f3n de la CNT en Miranda. Viv\u00eda en 1995. Dej\u00f3 unas breves <em>Memorias de un campesino alav\u00e9s de su pueblo en la guerra, y en las c\u00e1rceles<\/em> (1995). Sus hermanos Marcos y Jos\u00e9 \u00c1ngel encarcelados en el verano de 1936, el resto (Celestino e Hilario) huidos.<\/p>\n","protected":false},"excerpt":{"rendered":"<p>V\u00e1stago de familia numerosa (seis hermanos, varios activistas confederales). Labrador de oficio, militante de CNT (y concejal, elegido en las elecciones de abril de 1931 en las listas republicanas, m\u00e1s por antimonarquismo que por republicanismo). Sublevada la reacci\u00f3n, escap\u00f3 de &hellip; <\/p>\n","protected":false},"author":1,"featured_media":0,"comment_status":"closed","ping_status":"open","sticky":false,"template":"","format":"standard","meta":{"jetpack_post_was_ever_published":false,"_jetpack_newsletter_access":"","_jetpack_dont_email_post_to_subs":false,"_jetpack_newsletter_tier_id":0,"_jetpack_memberships_contains_paywalled_content":false,"_jetpack_memberships_contains_paid_content":false,"footnotes":"","jetpack_publicize_message":"","jetpack_publicize_feature_enabled":true,"jetpack_social_post_already_shared":true,"jetpack_social_options":{"image_generator_settings":{"template":"highway","enabled":false},"version":2}},"categories":[7],"tags":[9],"class_list":["post-2620","post","type-post","status-publish","format-standard","hentry","category-dias-de-memoria","tag-dias-de-memoria"],"jetpack_publicize_connections":[],"jetpack_featured_media_url":"","jetpack_sharing_enabled":true,"jetpack_shortlink":"https:\/\/wp.me\/p58fhe-Gg","_links":{"self":[{"href":"https:\/\/vitoria.cnt.es\/mh\/wp-json\/wp\/v2\/posts\/2620","targetHints":{"allow":["GET"]}}],"collection":[{"href":"https:\/\/vitoria.cnt.es\/mh\/wp-json\/wp\/v2\/posts"}],"about":[{"href":"https:\/\/vitoria.cnt.es\/mh\/wp-json\/wp\/v2\/types\/post"}],"author":[{"embeddable":true,"href":"https:\/\/vitoria.cnt.es\/mh\/wp-json\/wp\/v2\/users\/1"}],"replies":[{"embeddable":true,"href":"https:\/\/vitoria.cnt.es\/mh\/wp-json\/wp\/v2\/comments?post=2620"}],"version-history":[{"count":2,"href":"https:\/\/vitoria.cnt.es\/mh\/wp-json\/wp\/v2\/posts\/2620\/revisions"}],"predecessor-version":[{"id":2626,"href":"https:\/\/vitoria.cnt.es\/mh\/wp-json\/wp\/v2\/posts\/2620\/revisions\/2626"}],"wp:attachment":[{"href":"https:\/\/vitoria.cnt.es\/mh\/wp-json\/wp\/v2\/media?parent=2620"}],"wp:term":[{"taxonomy":"category","embeddable":true,"href":"https:\/\/vitoria.cnt.es\/mh\/wp-json\/wp\/v2\/categories?post=2620"},{"taxonomy":"post_tag","embeddable":true,"href":"https:\/\/vitoria.cnt.es\/mh\/wp-json\/wp\/v2\/tags?post=2620"}],"curies":[{"name":"wp","href":"https:\/\/api.w.org\/{rel}","templated":true}]}}