{"id":2628,"date":"2021-11-04T19:36:00","date_gmt":"2021-11-04T19:36:00","guid":{"rendered":"https:\/\/vitoria.cnt.es\/mh\/?p=2628"},"modified":"2021-11-03T19:41:04","modified_gmt":"2021-11-03T19:41:04","slug":"el-1-de-febrero-de-1875-fallece-en-vitoria-manuel-cano-martinez","status":"publish","type":"post","link":"https:\/\/vitoria.cnt.es\/mh\/el-1-de-febrero-de-1875-fallece-en-vitoria-manuel-cano-martinez\/","title":{"rendered":"El 1 de febrero de 1875 fallece en Vitoria MANUEL CANO MART\u00cdNEZ"},"content":{"rendered":"\n<div class=\"wp-block-image\"><figure class=\"alignleft size-large\"><img loading=\"lazy\" decoding=\"async\" width=\"516\" height=\"700\" src=\"https:\/\/vitoria.cnt.es\/mh\/wp-content\/uploads\/sites\/2\/2021\/11\/MANUEL-CANO-MARTINEZ-516x700.jpg\" alt=\"\" class=\"wp-image-2629\" srcset=\"https:\/\/vitoria.cnt.es\/mh\/wp-content\/uploads\/sites\/2\/2021\/11\/MANUEL-CANO-MARTINEZ-516x700.jpg 516w, https:\/\/vitoria.cnt.es\/mh\/wp-content\/uploads\/sites\/2\/2021\/11\/MANUEL-CANO-MARTINEZ-221x300.jpg 221w, https:\/\/vitoria.cnt.es\/mh\/wp-content\/uploads\/sites\/2\/2021\/11\/MANUEL-CANO-MARTINEZ-442x600.jpg 442w, https:\/\/vitoria.cnt.es\/mh\/wp-content\/uploads\/sites\/2\/2021\/11\/MANUEL-CANO-MARTINEZ-118x160.jpg 118w, https:\/\/vitoria.cnt.es\/mh\/wp-content\/uploads\/sites\/2\/2021\/11\/MANUEL-CANO-MARTINEZ-18x24.jpg 18w, https:\/\/vitoria.cnt.es\/mh\/wp-content\/uploads\/sites\/2\/2021\/11\/MANUEL-CANO-MARTINEZ-27x36.jpg 27w, https:\/\/vitoria.cnt.es\/mh\/wp-content\/uploads\/sites\/2\/2021\/11\/MANUEL-CANO-MARTINEZ-35x48.jpg 35w, https:\/\/vitoria.cnt.es\/mh\/wp-content\/uploads\/sites\/2\/2021\/11\/MANUEL-CANO-MARTINEZ.jpg 640w\" sizes=\"auto, (max-width: 516px) 100vw, 516px\" \/><\/figure><\/div>\n\n\n\n<p>Sin duda, es la figura m\u00e1s notable del internacionalismo en Vitoria en los primeros tiempos. Pintor de oficio, amigo de Anselmo Lorenzo al que conoci\u00f3 en 1867 (citado varias veces por Lorenzo en <em>El proletariado militante<\/em>). Asisti\u00f3 a la reuni\u00f3n de Fanelli en Madrid y en 1869 form\u00f3 en el n\u00facleo organizador de la AIT madrile\u00f1a (aparece en la famosa foto de los fundadores de la Internacional) y no mucho despu\u00e9s se traslad\u00f3 a Vitoria donde en noviembre de 1870 contrae matrimonio con Natalia Land\u00e1buru. Su militancia sigui\u00f3 siendo firme en nuestra ciudad a tenor de los datos constatados que lo confirman como corresponsal del Consejo Federal en la provincia de \u00c1lava durante los primeros a\u00f1os del Internacionalismo obrerista. A fines de 1871 desde Vitoria colabora en la \u201cSuscrici\u00f3n humanitaria a favor de las mujeres e hijos de los defensores de La Commune\u201d, paga suscripci\u00f3n al peri\u00f3dico internacionalista <em>La Emancipaci\u00f3n<\/em> en octubre de 1871, en febrero de 1872 colabora de nuevo en la suscripci\u00f3n de ayuda a las v\u00edctimas de La Commune, en marzo del mismo a\u00f1o paga el importe de cincuenta ejemplares del citado vocero, se adhiere a la FRE-AIT con Dimas Gilbert el siete de mayo de 1872, en mayo y septiembre paga suscripci\u00f3n prensa, vuelve a pagar prensa en enero de 1873 y ya en agosto de 1872 Vitoria figura con todos los derechos en las filas de la FRE (Federaci\u00f3n Regional Espa\u00f1ola) que funda con Anselmo Lorenzo con el que convivi\u00f3 durante dos meses y en la que ejerce el cargo de secretario exterior. Extremadas las disensiones en el seno de la FRE entre bakuninistas y marxistas, movido por sus antiguas relaciones con el grupo madrile\u00f1o y la por entonces ambigua posici\u00f3n de Anselmo Lorenzo (inicialmente tambi\u00e9n part\u00edcipe del grupo madrile\u00f1o) se une a los marxistas editores de <em>La Emancipaci\u00f3n<\/em>, de manera notoria entre fines de 1872 y comienzos de 1873, en su pugna con el Consejo Federal de la FRE. Probablemente hubiera retornado, como Lorenzo, a la disciplina del Consejo Federal, pero su temprana muerte a los dos a\u00f1os, nos exime de m\u00e1s consideraciones.<\/p>\n","protected":false},"excerpt":{"rendered":"<p>Sin duda, es la figura m\u00e1s notable del internacionalismo en Vitoria en los primeros tiempos. Pintor de oficio, amigo de Anselmo Lorenzo al que conoci\u00f3 en 1867 (citado varias veces por Lorenzo en El proletariado militante). Asisti\u00f3 a la reuni\u00f3n &hellip; <\/p>\n","protected":false},"author":1,"featured_media":0,"comment_status":"closed","ping_status":"open","sticky":false,"template":"","format":"standard","meta":{"jetpack_post_was_ever_published":false,"_jetpack_newsletter_access":"","_jetpack_dont_email_post_to_subs":false,"_jetpack_newsletter_tier_id":0,"_jetpack_memberships_contains_paywalled_content":false,"_jetpack_memberships_contains_paid_content":false,"footnotes":"","jetpack_publicize_message":"","jetpack_publicize_feature_enabled":true,"jetpack_social_post_already_shared":true,"jetpack_social_options":{"image_generator_settings":{"template":"highway","enabled":false},"version":2}},"categories":[7],"tags":[9],"class_list":["post-2628","post","type-post","status-publish","format-standard","hentry","category-dias-de-memoria","tag-dias-de-memoria"],"jetpack_publicize_connections":[],"jetpack_featured_media_url":"","jetpack_sharing_enabled":true,"jetpack_shortlink":"https:\/\/wp.me\/p58fhe-Go","_links":{"self":[{"href":"https:\/\/vitoria.cnt.es\/mh\/wp-json\/wp\/v2\/posts\/2628","targetHints":{"allow":["GET"]}}],"collection":[{"href":"https:\/\/vitoria.cnt.es\/mh\/wp-json\/wp\/v2\/posts"}],"about":[{"href":"https:\/\/vitoria.cnt.es\/mh\/wp-json\/wp\/v2\/types\/post"}],"author":[{"embeddable":true,"href":"https:\/\/vitoria.cnt.es\/mh\/wp-json\/wp\/v2\/users\/1"}],"replies":[{"embeddable":true,"href":"https:\/\/vitoria.cnt.es\/mh\/wp-json\/wp\/v2\/comments?post=2628"}],"version-history":[{"count":1,"href":"https:\/\/vitoria.cnt.es\/mh\/wp-json\/wp\/v2\/posts\/2628\/revisions"}],"predecessor-version":[{"id":2630,"href":"https:\/\/vitoria.cnt.es\/mh\/wp-json\/wp\/v2\/posts\/2628\/revisions\/2630"}],"wp:attachment":[{"href":"https:\/\/vitoria.cnt.es\/mh\/wp-json\/wp\/v2\/media?parent=2628"}],"wp:term":[{"taxonomy":"category","embeddable":true,"href":"https:\/\/vitoria.cnt.es\/mh\/wp-json\/wp\/v2\/categories?post=2628"},{"taxonomy":"post_tag","embeddable":true,"href":"https:\/\/vitoria.cnt.es\/mh\/wp-json\/wp\/v2\/tags?post=2628"}],"curies":[{"name":"wp","href":"https:\/\/api.w.org\/{rel}","templated":true}]}}