{"id":494,"date":"2014-12-01T15:53:15","date_gmt":"2014-12-01T15:53:15","guid":{"rendered":"http:\/\/vitoria.cnt.es\/mh\/?p=494"},"modified":"2020-06-28T22:06:25","modified_gmt":"2020-06-28T22:06:25","slug":"dias-de-memoria21-de-abril-de-1977mitin-presentacion-de-la-c-n-t-de-euskadi","status":"publish","type":"post","link":"https:\/\/vitoria.cnt.es\/mh\/dias-de-memoria21-de-abril-de-1977mitin-presentacion-de-la-c-n-t-de-euskadi\/","title":{"rendered":"21 de abril de 1977. <\/br>MITIN PRESENTACI\u00d3N DE LA C.N.T. DE EUSKADI"},"content":{"rendered":"<figure id=\"attachment_269\" aria-describedby=\"caption-attachment-269\" style=\"width: 450px\" class=\"wp-caption alignleft\"><a href=\"http:\/\/vitoria.cnt.es\/mh\/wp-content\/uploads\/sites\/2\/2014\/07\/mitin_presentacion_1977.jpg\"><img loading=\"lazy\" decoding=\"async\" class=\"wp-image-269\" src=\"http:\/\/vitoria.cnt.es\/mh\/wp-content\/uploads\/sites\/2\/2014\/07\/mitin_presentacion_1977-225x300.jpg\" alt=\"Mitin presentaci\u00f3n de la CNT de Euskadi, 21-4-1977\" title=\"Cartel mitin presentaci\u00f3n de la CNT de Euskadi, 21-4-1977\" width=\"450\" height=\"600\" srcset=\"https:\/\/vitoria.cnt.es\/mh\/wp-content\/uploads\/sites\/2\/2014\/07\/mitin_presentacion_1977-225x300.jpg 225w, https:\/\/vitoria.cnt.es\/mh\/wp-content\/uploads\/sites\/2\/2014\/07\/mitin_presentacion_1977-768x1024.jpg 768w, https:\/\/vitoria.cnt.es\/mh\/wp-content\/uploads\/sites\/2\/2014\/07\/mitin_presentacion_1977.jpg 1944w\" sizes=\"auto, (max-width: 450px) 100vw, 450px\" \/><\/a><figcaption id=\"caption-attachment-269\" class=\"wp-caption-text\">Mitin presentaci\u00f3n de la CNT de Euskadi, 21-4-1977<\/figcaption><\/figure>\n<p>&nbsp;<\/p>\n<p>Mitin celebrado en Vitoria, el 21 de abril de 1977 en el polideportivo de Adurza.<\/p>\n<p>En el barrio vitoriano de Adurza, el polideportivo era como todos los dem\u00e1s en los barrios obreros de Vitoria: una sola grada en una de las bandas y el campo de juego. All\u00ed, el d\u00eda 21 de abril de 1977 se organiz\u00f3 el mitin de presentaci\u00f3n de la CNT en Vitoria tras muchos a\u00f1os de dictadura, brutal represi\u00f3n e ilegalidad.<\/p>\n<p>Aquel d\u00eda se coloc\u00f3 una mesa en medio del parquet para los ponentes y lxs compa\u00f1erxs se dispusieron en la grada y a pie de campo, frente a la mesa. Dicha mesa se adorn\u00f3 con una bandera vasca, una ikurri\u00f1a, lo que provoc\u00f3 protestas, pero al no haber acuerdo al respecto, se dej\u00f3 como estaba.<\/p>\n<p>En principio iban a tomar la palabra dos compa\u00f1eros j\u00f3venes catalanes junto con Manuel Guti\u00e9rrez Garc\u00eda, veterano y reci\u00e9n elegido secretario de la CNT vitoriana y Jos\u00e9 Gonzalo, tambi\u00e9n conocido como Pepe el del Valle, de la CNT de San Salvador del Valle, n\u00facleo importante en aquella \u00e9poca en Bizkaia, y que militaba en Vitoria.<\/p>\n<p>La asistencia fue de unas 150 personas, entre los que se encontraban hist\u00f3ricos combatientes anarquistas de la guerra como Manuel Gutierrez, Atanasio Gainzarain y Macario Illera. Tambi\u00e9n se contaba con la presencia de un delegado gubernamental impuesto para controlar lo que all\u00ed se dec\u00eda y que se hablaba de lo que la autoridad represiva del momento permit\u00eda y que se les hab\u00eda notificado previamente.<\/p>\n<p>El mitin comenz\u00f3 con la intervenci\u00f3n del compa\u00f1ero Jos\u00e9 Gonzalo, pero se le cortaba la voz, no pod\u00eda hablar y no se le o\u00eda. Fue en ese momento cuando, desde la concurrencia a pie de pista, tom\u00f3 la palabra Jos\u00e9 Luis Ib\u00e1\u00f1ez, (de Bilbao) que pidi\u00f3 calma a los asistentes aludiendo en su discurso a que no todos tenemos la misma facilidad para hablar, con lo que, de esta manera, dio comienzo realmente el mitin.<\/p>\n<p>Ante estas palabras espont\u00e1neas y, por lo tanto, no anunciadas a la autoridad incompetente, el delegado gubernamental intervino y amenaz\u00f3 con suspender la reuni\u00f3n, por lo que, de nuevo apareci\u00f3 el compa\u00f1ero Jos\u00e9 Luis Ib\u00e1\u00f1ez, acus\u00f3 al delegado de querer coartar el normal desarrollo del mitin y la libertad de expresi\u00f3n de lxs asistentes. Todxs lxs compa\u00f1erxs irrumpieron en gritos de protesta y, de esta manera, calent\u00f3 el ambiente y consigui\u00f3 continuar con el acto.<\/p>\n<p>Habl\u00f3 despu\u00e9s, m\u00e1s calmado, el veterano Manuel Guti\u00e9rrez y el resto del mitin se desarroll\u00f3, m\u00e1s o menos, sin mayores problemas.<\/p>\n<p>Con este acto se dio un impulso a la organizaci\u00f3n en Vitoria y al poco se pas\u00f3 a tener un local en la calle Rioja ya que, hasta entonces, las reuniones se hac\u00edan en la calle y en bares.<\/p>\n<p>Despu\u00e9s de 40 a\u00f1os de lucha desde la clandestinidad, este fue el primer acto oficial de la CNT en Vitoria tras la dictadura franquista.<\/p>\n","protected":false},"excerpt":{"rendered":"<p>&nbsp; Mitin celebrado en Vitoria, el 21 de abril de 1977 en el polideportivo de Adurza. En el barrio vitoriano de Adurza, el polideportivo era como todos los dem\u00e1s en los barrios obreros de Vitoria: una sola grada en una &hellip; <\/p>\n","protected":false},"author":2,"featured_media":269,"comment_status":"closed","ping_status":"open","sticky":false,"template":"","format":"standard","meta":{"jetpack_post_was_ever_published":false,"_jetpack_newsletter_access":"","_jetpack_dont_email_post_to_subs":false,"_jetpack_newsletter_tier_id":0,"_jetpack_memberships_contains_paywalled_content":false,"_jetpack_memberships_contains_paid_content":false,"footnotes":"","jetpack_publicize_message":"","jetpack_publicize_feature_enabled":true,"jetpack_social_post_already_shared":true,"jetpack_social_options":{"image_generator_settings":{"template":"highway","enabled":false},"version":2}},"categories":[7],"tags":[9],"class_list":["post-494","post","type-post","status-publish","format-standard","has-post-thumbnail","hentry","category-dias-de-memoria","tag-dias-de-memoria"],"jetpack_publicize_connections":[],"jetpack_featured_media_url":"https:\/\/vitoria.cnt.es\/mh\/wp-content\/uploads\/sites\/2\/2014\/07\/mitin_presentacion_1977.jpg","jetpack_sharing_enabled":true,"jetpack_shortlink":"https:\/\/wp.me\/p58fhe-7Y","_links":{"self":[{"href":"https:\/\/vitoria.cnt.es\/mh\/wp-json\/wp\/v2\/posts\/494","targetHints":{"allow":["GET"]}}],"collection":[{"href":"https:\/\/vitoria.cnt.es\/mh\/wp-json\/wp\/v2\/posts"}],"about":[{"href":"https:\/\/vitoria.cnt.es\/mh\/wp-json\/wp\/v2\/types\/post"}],"author":[{"embeddable":true,"href":"https:\/\/vitoria.cnt.es\/mh\/wp-json\/wp\/v2\/users\/2"}],"replies":[{"embeddable":true,"href":"https:\/\/vitoria.cnt.es\/mh\/wp-json\/wp\/v2\/comments?post=494"}],"version-history":[{"count":11,"href":"https:\/\/vitoria.cnt.es\/mh\/wp-json\/wp\/v2\/posts\/494\/revisions"}],"predecessor-version":[{"id":2412,"href":"https:\/\/vitoria.cnt.es\/mh\/wp-json\/wp\/v2\/posts\/494\/revisions\/2412"}],"wp:featuredmedia":[{"embeddable":true,"href":"https:\/\/vitoria.cnt.es\/mh\/wp-json\/wp\/v2\/media\/269"}],"wp:attachment":[{"href":"https:\/\/vitoria.cnt.es\/mh\/wp-json\/wp\/v2\/media?parent=494"}],"wp:term":[{"taxonomy":"category","embeddable":true,"href":"https:\/\/vitoria.cnt.es\/mh\/wp-json\/wp\/v2\/categories?post=494"},{"taxonomy":"post_tag","embeddable":true,"href":"https:\/\/vitoria.cnt.es\/mh\/wp-json\/wp\/v2\/tags?post=494"}],"curies":[{"name":"wp","href":"https:\/\/api.w.org\/{rel}","templated":true}]}}