{"id":513,"date":"2014-12-09T13:15:02","date_gmt":"2014-12-09T13:15:02","guid":{"rendered":"http:\/\/vitoria.cnt.es\/mh\/?p=513"},"modified":"2020-06-28T22:08:46","modified_gmt":"2020-06-28T22:08:46","slug":"documentos-historicoscnt-del-norte-27-de-diciembre-de-1936-recorte-situacion-del-frente-en-alava","status":"publish","type":"post","link":"https:\/\/vitoria.cnt.es\/mh\/documentos-historicoscnt-del-norte-27-de-diciembre-de-1936-recorte-situacion-del-frente-en-alava\/","title":{"rendered":"CNT DEL NORTE, 27 de diciembre de 1936. <\/br>Recorte situaci\u00f3n del frente en \u00c1lava"},"content":{"rendered":"<p><a href=\"http:\/\/vitoria.cnt.es\/mh\/wp-content\/uploads\/sites\/2\/2014\/12\/CNT-del-Norte-27-12-36.jpg\"><img loading=\"lazy\" decoding=\"async\" class=\"alignleft wp-image-518\" src=\"http:\/\/vitoria.cnt.es\/mh\/wp-content\/uploads\/sites\/2\/2014\/12\/CNT-del-Norte-27-12-36-1024x771.jpg\" alt=\"CNT del Norte 27-12-36\" title=\"CNT del Norte 27-12-36. Recorte situaci\u00f3n del frente en \u00c1lava\" width=\"550\" height=\"414\" srcset=\"https:\/\/vitoria.cnt.es\/mh\/wp-content\/uploads\/sites\/2\/2014\/12\/CNT-del-Norte-27-12-36-1024x771.jpg 1024w, https:\/\/vitoria.cnt.es\/mh\/wp-content\/uploads\/sites\/2\/2014\/12\/CNT-del-Norte-27-12-36-300x225.jpg 300w, https:\/\/vitoria.cnt.es\/mh\/wp-content\/uploads\/sites\/2\/2014\/12\/CNT-del-Norte-27-12-36-24x18.jpg 24w, https:\/\/vitoria.cnt.es\/mh\/wp-content\/uploads\/sites\/2\/2014\/12\/CNT-del-Norte-27-12-36-36x27.jpg 36w, https:\/\/vitoria.cnt.es\/mh\/wp-content\/uploads\/sites\/2\/2014\/12\/CNT-del-Norte-27-12-36-48x36.jpg 48w, https:\/\/vitoria.cnt.es\/mh\/wp-content\/uploads\/sites\/2\/2014\/12\/CNT-del-Norte-27-12-36.jpg 1275w\" sizes=\"auto, (max-width: 550px) 100vw, 550px\" \/><\/a><\/p>\n<p>El peri\u00f3dico CNT del Norte comenz\u00f3 a editarse el 21 de noviembre de 1936, ya bien comenzada la guerra civil. En este documento podemos ver un recorte del mismo, del d\u00eda 27 de diciembre de 1936, en el que se informa de la situaci\u00f3n del frente en \u00c1lava en ese momento.<\/p>\n<p>Simplemente para centrar la situaci\u00f3n, decir que en dicha fecha, el frente se hallaba estabilizado al norte de la provincia, una vez fracasada la ofensiva del bando republicano en Villarreal que comenz\u00f3 el 30 de noviembre de 1936, en la que hab\u00edan participado varios batallones anarquistas, y cuya intenci\u00f3n era poder llegar hasta Vitoria e incluso rebasarla en direccion a Burgos. Para el 12 de diciembre, las tropas republicanas y milicias retrocedieron hasta las l\u00edneas descritas en el peri\u00f3dico, en las que se atrincheraron.<\/p>\n<p>En este recorte se informa sobre la situaci\u00f3n en el sector Ochandiano-Ub\u00eddea y sobre el sector Amurrio-Ordu\u00f1a, aunque este \u00faltimo aparece incompleto. Ambos sectores eran ocupados por tropas milicianas anarquistas. Se puede observar la cruda realidad de la guerra y un poco de empuje propagand\u00edstico para animar a lxs voluntarixs milicianxs.<\/p>\n<p>Transcribimos aqu\u00ed el texto impreso para facilitar su lectura:<\/p>\n<blockquote><p>En el sector de Ochandiano-Ub\u00eddea, ligero paqueo de fusiler\u00eda e intenso fuego de nuestra artiller\u00eda en duelo con la artiller\u00eda enemiga que nos caus\u00f3 un muerto y un herido del batall\u00f3n \u00abSaco Vancetti\u00bb de la C.N.T., a la que hostig\u00f3 sus posiciones constantemente.<br \/>\nEl muerto se llama Marcelino Aranegui, y el herido Angel Dina.<br \/>\nEsta ma\u00f1ana se han pasado a nuestras filas, burlando la vigilancia del enemigo, dos ciudadanos de Vitoria, pertenecientes a la C.N.T., por la parte de Salinas, al sur de Mondrag\u00f3n.<br \/>\nFueron atendidos convenientemente y mandados despu\u00e9s a Amorebieta, donde han hecho declaraciones de inter\u00e9s al mando, que servir\u00e1n a \u00e9ste de orientaci\u00f3n futura.<br \/>\nUno de estos evadidos es hermano del cartero que hace m\u00e1s de tres meses consigui\u00f3 tambi\u00e9n evadirse de Vitoria y se halla ahora luchando en las filas de las Milicias de la C.N.T.<\/p>\n<p>SECTOR AMURRIO-ORDU\u00d1A<br \/>\nContin\u00faa defendiendo las posiciones de Amurrio-defensa m\u00e1s bien espectante que ofensiva-el batall\u00f3n \u00abBakunin\u00bb de la C.N.T., con una moral admirable que contribuye a mantenerla el buen tiempo reinante. La noche de Navidad, nuestras milicias la pasaron en una rigurosa vigilancia import\u00e1ndoles mucho m\u00e1s la posible sorpresa que les diera el enemigo, que el festejar la festividad tradicional de Navidad.<br \/>\nHoy se ha hostigado al enemigo con ligero paqueo de fusil y ametralladora, para evitar exploraciones de \u00e9l y concentraciones posibles. Aparte de estas incidencias propias de la guerra, no ha habido ninguna novedad digna de menci\u00f3n.<\/p><\/blockquote>\n<p><em>Documento enviado por Sergio Balchada<\/em><\/p>\n","protected":false},"excerpt":{"rendered":"<p>El peri\u00f3dico CNT del Norte comenz\u00f3 a editarse el 21 de noviembre de 1936, ya bien comenzada la guerra civil. En este documento podemos ver un recorte del mismo, del d\u00eda 27 de diciembre de 1936, en el que se &hellip; <\/p>\n","protected":false},"author":2,"featured_media":518,"comment_status":"closed","ping_status":"open","sticky":false,"template":"","format":"standard","meta":{"jetpack_post_was_ever_published":false,"_jetpack_newsletter_access":"","_jetpack_dont_email_post_to_subs":false,"_jetpack_newsletter_tier_id":0,"_jetpack_memberships_contains_paywalled_content":false,"_jetpack_memberships_contains_paid_content":false,"footnotes":"","jetpack_publicize_message":"","jetpack_publicize_feature_enabled":true,"jetpack_social_post_already_shared":true,"jetpack_social_options":{"image_generator_settings":{"template":"highway","enabled":false},"version":2}},"categories":[11],"tags":[8],"class_list":["post-513","post","type-post","status-publish","format-standard","has-post-thumbnail","hentry","category-documentos-historicos","tag-documentos-historicos"],"jetpack_publicize_connections":[],"jetpack_featured_media_url":"https:\/\/vitoria.cnt.es\/mh\/wp-content\/uploads\/sites\/2\/2014\/12\/CNT-del-Norte-27-12-36.jpg","jetpack_sharing_enabled":true,"jetpack_shortlink":"https:\/\/wp.me\/p58fhe-8h","_links":{"self":[{"href":"https:\/\/vitoria.cnt.es\/mh\/wp-json\/wp\/v2\/posts\/513","targetHints":{"allow":["GET"]}}],"collection":[{"href":"https:\/\/vitoria.cnt.es\/mh\/wp-json\/wp\/v2\/posts"}],"about":[{"href":"https:\/\/vitoria.cnt.es\/mh\/wp-json\/wp\/v2\/types\/post"}],"author":[{"embeddable":true,"href":"https:\/\/vitoria.cnt.es\/mh\/wp-json\/wp\/v2\/users\/2"}],"replies":[{"embeddable":true,"href":"https:\/\/vitoria.cnt.es\/mh\/wp-json\/wp\/v2\/comments?post=513"}],"version-history":[{"count":20,"href":"https:\/\/vitoria.cnt.es\/mh\/wp-json\/wp\/v2\/posts\/513\/revisions"}],"predecessor-version":[{"id":2413,"href":"https:\/\/vitoria.cnt.es\/mh\/wp-json\/wp\/v2\/posts\/513\/revisions\/2413"}],"wp:featuredmedia":[{"embeddable":true,"href":"https:\/\/vitoria.cnt.es\/mh\/wp-json\/wp\/v2\/media\/518"}],"wp:attachment":[{"href":"https:\/\/vitoria.cnt.es\/mh\/wp-json\/wp\/v2\/media?parent=513"}],"wp:term":[{"taxonomy":"category","embeddable":true,"href":"https:\/\/vitoria.cnt.es\/mh\/wp-json\/wp\/v2\/categories?post=513"},{"taxonomy":"post_tag","embeddable":true,"href":"https:\/\/vitoria.cnt.es\/mh\/wp-json\/wp\/v2\/tags?post=513"}],"curies":[{"name":"wp","href":"https:\/\/api.w.org\/{rel}","templated":true}]}}