{"id":615,"date":"2014-12-25T12:34:46","date_gmt":"2014-12-25T12:34:46","guid":{"rendered":"http:\/\/vitoria.cnt.es\/mh\/?p=615"},"modified":"2020-06-28T22:04:39","modified_gmt":"2020-06-28T22:04:39","slug":"dias-de-memoria-3-de-enero-de-1936-muerte-de-juan-aranguren-apodaca","status":"publish","type":"post","link":"https:\/\/vitoria.cnt.es\/mh\/dias-de-memoria-3-de-enero-de-1936-muerte-de-juan-aranguren-apodaca\/","title":{"rendered":"3 de enero de 1936. <\/br>Muerte de JUAN ARANGUREN APODACA"},"content":{"rendered":"<p><a href=\"http:\/\/vitoria.cnt.es\/mh\/wp-content\/uploads\/sites\/2\/2020\/06\/silueta-companero.jpg\"><img loading=\"lazy\" decoding=\"async\" class=\"alignleft wp-image-2406\" src=\"http:\/\/vitoria.cnt.es\/mh\/wp-content\/uploads\/sites\/2\/2020\/06\/silueta-companero-291x300.jpg\" alt=\"\u00c1lava Libertaria no dispone de imagen del compa\u00f1ero\" title=\"\u00c1lava Libertaria no dispone de imagen del compa\u00f1ero\" width=\"250\" height=\"258\" srcset=\"https:\/\/vitoria.cnt.es\/mh\/wp-content\/uploads\/sites\/2\/2020\/06\/silueta-companero-291x300.jpg 291w, https:\/\/vitoria.cnt.es\/mh\/wp-content\/uploads\/sites\/2\/2020\/06\/silueta-companero-582x600.jpg 582w, https:\/\/vitoria.cnt.es\/mh\/wp-content\/uploads\/sites\/2\/2020\/06\/silueta-companero-155x160.jpg 155w, https:\/\/vitoria.cnt.es\/mh\/wp-content\/uploads\/sites\/2\/2020\/06\/silueta-companero-24x24.jpg 24w, https:\/\/vitoria.cnt.es\/mh\/wp-content\/uploads\/sites\/2\/2020\/06\/silueta-companero-36x36.jpg 36w, https:\/\/vitoria.cnt.es\/mh\/wp-content\/uploads\/sites\/2\/2020\/06\/silueta-companero.jpg 600w\" sizes=\"auto, (max-width: 250px) 100vw, 250px\" \/><\/a><\/p>\n<p>En esa fecha con 49 a\u00f1os puso fin a su vida, arroj\u00e1ndose al paso del tren por Vitoria, Juan Aranguren Apodaca. La prensa local cont\u00f3 con pelos y se\u00f1ales el hecho, morbosamente, aunque sin aludir a sus creencias y trayectoria vital. Hab\u00eda muerto sin duda una de las grandes figuras del anarquismo y de la Confederaci\u00f3n en Vitoria.<\/p>\n<p>Herrero de oficio, desde al menos 1912 en la cuerda libertaria (en esa fecha desde Vitoria remite donativo a <em>Tierra y Libertad<\/em> en beneficio de Kropotkin y en 1914 repite en esta ocasi\u00f3n para financiar las necesidades de ese vocero anarquista).<\/p>\n<p>En 1913-1917 integrante del grupo anarquista <em>Los Conscientes<\/em> de Vitoria, con Le\u00f3n Jim\u00e9nez y Galo Diez y media docena m\u00e1s de s\u00f3lidos compa\u00f1eros. A este grupo cabe atribuir la reactivaci\u00f3n del anarquismo y de la CNT en la ciudad, y su papel en el mismo fue de primer\u00edsimo orden: la correspondencia al grupo <em>Los Conscientes<\/em> y al sindicato <em>La Fraternal<\/em> se dirig\u00edan a su domicilio hasta abril de 1915 en que se ausent\u00f3 de la ciudad.<\/p>\n<p>Trasladado a San Sebasti\u00e1n, en la capital donostiarra sigui\u00f3 en la brecha: en mayo miembro del Comit\u00e9 de la Federaci\u00f3n Anarquista C\u00e1ntabro-Galaica junto a dos ilustres libertarios guipuzcoanos, Olaechea y Polini, en 1917 part\u00edcipe del Comit\u00e9 de Presos de San Sebasti\u00e1n.<\/p>\n<figure id=\"attachment_619\" aria-describedby=\"caption-attachment-619\" style=\"width: 300px\" class=\"wp-caption alignright\"><a href=\"http:\/\/vitoria.cnt.es\/mh\/wp-content\/uploads\/sites\/2\/2014\/12\/recorte_juan_aranguren_solidaridad_obrera_8-5-1918.jpg\"><img loading=\"lazy\" decoding=\"async\" class=\"wp-image-619\" src=\"http:\/\/vitoria.cnt.es\/mh\/wp-content\/uploads\/sites\/2\/2014\/12\/recorte_juan_aranguren_solidaridad_obrera_8-5-1918-150x150.jpg\" alt=\"Art\u00edculo Juan Aranguren sobre la huelga de la madera. Solidaridad Obrera, 8 de mayo de 1918\" title=\"Art\u00edculo Juan Aranguren sobre la huelga de la madera. Solidaridad Obrera, 8 de mayo de 1918\" width=\"300\" height=\"509\" srcset=\"https:\/\/vitoria.cnt.es\/mh\/wp-content\/uploads\/sites\/2\/2014\/12\/recorte_juan_aranguren_solidaridad_obrera_8-5-1918-176x300.jpg 176w, https:\/\/vitoria.cnt.es\/mh\/wp-content\/uploads\/sites\/2\/2014\/12\/recorte_juan_aranguren_solidaridad_obrera_8-5-1918-14x24.jpg 14w, https:\/\/vitoria.cnt.es\/mh\/wp-content\/uploads\/sites\/2\/2014\/12\/recorte_juan_aranguren_solidaridad_obrera_8-5-1918-21x36.jpg 21w, https:\/\/vitoria.cnt.es\/mh\/wp-content\/uploads\/sites\/2\/2014\/12\/recorte_juan_aranguren_solidaridad_obrera_8-5-1918-28x48.jpg 28w, https:\/\/vitoria.cnt.es\/mh\/wp-content\/uploads\/sites\/2\/2014\/12\/recorte_juan_aranguren_solidaridad_obrera_8-5-1918.jpg 505w\" sizes=\"auto, (max-width: 300px) 100vw, 300px\" \/><\/a><figcaption id=\"caption-attachment-619\" class=\"wp-caption-text\">Art\u00edculo de Juan Aranguren sobre la huelga de la madera. <em>Solidaridad Obrera<\/em>, 8 de mayo de 1918<\/figcaption><\/figure>\n<p>Vuelto a Vitoria, en mayo-junio de 1918 participa activamente en la huelga de la madera de Vitoria, de la que fue uno de los primeros organizadores, as\u00ed como del Ramo de la Madera mismo, y que \u00e9l valoraba como la primera huelga verdadera habida en la ciudad.<\/p>\n<p>El uno de marzo de 1920 lo encontramos en el grupo refundador de CNT en Vitoria, de la que fue primer secretario. En octubre de 1920 conferencia en Vitoria (<em>Reacci\u00f3n y progreso<\/em>) y el mismo a\u00f1o polemiza con los socialistas.<\/p>\n<p>Se le detuvo en 1921 acusado, injustamente, de la fabricaci\u00f3n de unas bombas que estallaron en Altos Hornos de Vizcaya, en el marco de una desaforada persecuci\u00f3n contra el sindicalismo revolucionario en Vizcaya.<\/p>\n<p>En 1923 y 1924 ejerci\u00f3 de corresponsal en Vitoria del vocero confederal <em>Solidaridad Obrera<\/em>.<\/p>\n<p>Despu\u00e9s se pierde su rastro hasta la noticia de su muerte. Utiliz\u00f3 el seud\u00f3nimo Juan de \u00c1lava. Escribi\u00f3 en <em>Solidaridad Obrera<\/em> y <em>Tierra y Libertad<\/em> Barcelona.<\/p>\n<p><em>A continuaci\u00f3n transcribimos el texto del art\u00edculo para facilitar su lectura<\/em>:<\/p>\n<p><em>SOLIDARIDAD OBRERA<\/em>, 8 de mayo de 1918<\/p>\n<blockquote><p><strong>Desde Vitoria<br \/>\nPOR EL AUMENTO DE JORNAL<\/strong><br \/>\nEl d\u00eda 5 del corriente se reunieron los obreros del ramo de la madera, con representaci\u00f3n de los dem\u00e1s Sindicatos de la localidad, acordando presentar a los patronos las peticiones siguientes:<br \/>\nAumento de un 30 por 100 en los jornales. Que el trabajo extraordinario sea aumentado en un 50 por 100 y los destajos en un 15 por 100.<br \/>\nEstas peticiones ser\u00e1n presentadas a los patronos de la ciudad lev\u00edtica, donde s\u00f3lo impera el esp\u00edritu de Torquemada y los obreros trabajan en condiciones p\u00e9simas, siendo esta la causa de que los patronos de ese gremio competen con los de otras localidades.<br \/>\nJam\u00e1s el obrero de \u00e9sta ha tratado de organizarse para mejorar sus condiciones de vida, y si alguna vez hubo algo en cantidad, no respondi\u00f3 su calidad, siendo ficci\u00f3n por compromiso a pesar de llamarse socialistas media docena de individuos.<br \/>\nAs\u00ed vejet\u00f3 este pueblo obrero hasta que varios compa\u00f1eros lograron constituir el gremio de la madera, a base aut\u00f3noma, logrando asociar a casi la totalidad de los trabajadores del ramo.<br \/>\nSi los patronos no contestan satisfactoriamente, est\u00e1n dispuestos a ir al paro con totas sus consecuencias, y si este llega os tendr\u00e9 al corriente para que el diario de los trabajadores SOLIDARIDAD OBRERA, publique por toda Espa\u00f1a el gesto altivo del obrero moderno en la inquisitorial Vitoria.-J. Aranguren.<\/p><\/blockquote>\n","protected":false},"excerpt":{"rendered":"<p>En esa fecha con 49 a\u00f1os puso fin a su vida, arroj\u00e1ndose al paso del tren por Vitoria, Juan Aranguren Apodaca. La prensa local cont\u00f3 con pelos y se\u00f1ales el hecho, morbosamente, aunque sin aludir a sus creencias y trayectoria &hellip; <\/p>\n","protected":false},"author":2,"featured_media":2406,"comment_status":"closed","ping_status":"open","sticky":false,"template":"","format":"standard","meta":{"jetpack_post_was_ever_published":false,"_jetpack_newsletter_access":"","_jetpack_dont_email_post_to_subs":false,"_jetpack_newsletter_tier_id":0,"_jetpack_memberships_contains_paywalled_content":false,"_jetpack_memberships_contains_paid_content":false,"footnotes":"","jetpack_publicize_message":"","jetpack_publicize_feature_enabled":true,"jetpack_social_post_already_shared":true,"jetpack_social_options":{"image_generator_settings":{"template":"highway","enabled":false},"version":2}},"categories":[7],"tags":[9],"class_list":["post-615","post","type-post","status-publish","format-standard","has-post-thumbnail","hentry","category-dias-de-memoria","tag-dias-de-memoria"],"jetpack_publicize_connections":[],"jetpack_featured_media_url":"https:\/\/vitoria.cnt.es\/mh\/wp-content\/uploads\/sites\/2\/2020\/06\/silueta-companero.jpg","jetpack_sharing_enabled":true,"jetpack_shortlink":"https:\/\/wp.me\/p58fhe-9V","_links":{"self":[{"href":"https:\/\/vitoria.cnt.es\/mh\/wp-json\/wp\/v2\/posts\/615","targetHints":{"allow":["GET"]}}],"collection":[{"href":"https:\/\/vitoria.cnt.es\/mh\/wp-json\/wp\/v2\/posts"}],"about":[{"href":"https:\/\/vitoria.cnt.es\/mh\/wp-json\/wp\/v2\/types\/post"}],"author":[{"embeddable":true,"href":"https:\/\/vitoria.cnt.es\/mh\/wp-json\/wp\/v2\/users\/2"}],"replies":[{"embeddable":true,"href":"https:\/\/vitoria.cnt.es\/mh\/wp-json\/wp\/v2\/comments?post=615"}],"version-history":[{"count":20,"href":"https:\/\/vitoria.cnt.es\/mh\/wp-json\/wp\/v2\/posts\/615\/revisions"}],"predecessor-version":[{"id":2410,"href":"https:\/\/vitoria.cnt.es\/mh\/wp-json\/wp\/v2\/posts\/615\/revisions\/2410"}],"wp:featuredmedia":[{"embeddable":true,"href":"https:\/\/vitoria.cnt.es\/mh\/wp-json\/wp\/v2\/media\/2406"}],"wp:attachment":[{"href":"https:\/\/vitoria.cnt.es\/mh\/wp-json\/wp\/v2\/media?parent=615"}],"wp:term":[{"taxonomy":"category","embeddable":true,"href":"https:\/\/vitoria.cnt.es\/mh\/wp-json\/wp\/v2\/categories?post=615"},{"taxonomy":"post_tag","embeddable":true,"href":"https:\/\/vitoria.cnt.es\/mh\/wp-json\/wp\/v2\/tags?post=615"}],"curies":[{"name":"wp","href":"https:\/\/api.w.org\/{rel}","templated":true}]}}