{"id":637,"date":"2015-01-13T12:21:06","date_gmt":"2015-01-13T12:21:06","guid":{"rendered":"http:\/\/vitoria.cnt.es\/mh\/?p=637"},"modified":"2020-06-28T22:00:22","modified_gmt":"2020-06-28T22:00:22","slug":"dias-de-memoria-1-de-noviembre-de-1936-asesinato-de-tomas-mardones-llorente","status":"publish","type":"post","link":"https:\/\/vitoria.cnt.es\/mh\/dias-de-memoria-1-de-noviembre-de-1936-asesinato-de-tomas-mardones-llorente\/","title":{"rendered":"1 de noviembre de 1936. <\/br>Asesinato de TOM\u00c1S MARDONES LLORENTE"},"content":{"rendered":"<figure id=\"attachment_640\" aria-describedby=\"caption-attachment-640\" style=\"width: 300px\" class=\"wp-caption alignleft\"><a href=\"http:\/\/vitoria.cnt.es\/mh\/wp-content\/uploads\/sites\/2\/2015\/01\/tomas_mardones_llorente.jpg\"><img loading=\"lazy\" decoding=\"async\" class=\"wp-image-640\" src=\"http:\/\/vitoria.cnt.es\/mh\/wp-content\/uploads\/sites\/2\/2015\/01\/tomas_mardones_llorente-170x300.jpg\" alt=\"Tom\u00e1s Mardones Llorente\" title=\"Tom\u00e1s Mardones Llorente\" width=\"300\" height=\"528\" srcset=\"https:\/\/vitoria.cnt.es\/mh\/wp-content\/uploads\/sites\/2\/2015\/01\/tomas_mardones_llorente-170x300.jpg 170w, https:\/\/vitoria.cnt.es\/mh\/wp-content\/uploads\/sites\/2\/2015\/01\/tomas_mardones_llorente-13x24.jpg 13w, https:\/\/vitoria.cnt.es\/mh\/wp-content\/uploads\/sites\/2\/2015\/01\/tomas_mardones_llorente-20x36.jpg 20w, https:\/\/vitoria.cnt.es\/mh\/wp-content\/uploads\/sites\/2\/2015\/01\/tomas_mardones_llorente-27x48.jpg 27w, https:\/\/vitoria.cnt.es\/mh\/wp-content\/uploads\/sites\/2\/2015\/01\/tomas_mardones_llorente.jpg 522w\" sizes=\"auto, (max-width: 300px) 100vw, 300px\" \/><\/a><figcaption id=\"caption-attachment-640\" class=\"wp-caption-text\">Tom\u00e1s Mardones Llorente<\/figcaption><\/figure>\n<p>&nbsp;<\/p>\n<p>El 1 de noviembre de 1936 fue asesinado (se le aplic\u00f3 la ley de fugas) en el fuerte de San Crist\u00f3bal, sito en Pamplona, Tom\u00e1s Mardones Llorente. Contaba 24 a\u00f1os, hab\u00eda nacido en Vitoria, trabajaba de carpintero y militaba vigorosamente en CNT y FAI.<\/p>\n<p>Para las autoridades estaba claro que pertenec\u00eda a la l\u00ednea dura (grupos de acci\u00f3n fa\u00edsta) al lado de Jos\u00e9 Sarrate, Alejo Montejo, Jorge L\u00f3pez de Vicu\u00f1a, Sebasti\u00e1n Amutio y otros j\u00f3venes revolucionarios. Lo ten\u00edan en el punto de mira y no paraban de detenerlo atribuy\u00e9ndole asaltos econ\u00f3micos (Algorta y Hernani), o simplemente lo arrestaban como sospechoso de futuras maldades (Pamplona).<\/p>\n<p>Aprehendido tras una frustrada expropiaci\u00f3n bancaria en Renter\u00eda en junio de 1934, fue doblemente juzgado por el tribunal de urgencia de San Sebasti\u00e1n, acusado de posesi\u00f3n il\u00edcita de armas y atraco, fue condenado a siete a\u00f1os y encarcelado en Ondarreta y de seguido en San Crist\u00f3bal.<\/p>\n<p>Los que mandaban decidieron que su trayectoria terminara all\u00ed y en el inh\u00f3spito fuerte carcelario fue asesinado.<\/p>\n<p>Pertenec\u00eda a una familia de briosos anarquistas confederales. Su hermano Jos\u00e9 hab\u00eda sido detenido en Vitoria con motivo de los sucesos del 14 de abril de 1932 en la ciudad. Un segundo hermano, Alejandro, apresado por los sublevados en 1936, fue condenado a treinta a\u00f1os y finalmente asesinado el 22 de mayo de 1938 en la tristemente famosa fuga de San Crist\u00f3bal.<\/p>\n<p>Exagerada contribuci\u00f3n en sangre y c\u00e1rceles, sin duda, la de la familia Mardones Llorente.<\/p>\n","protected":false},"excerpt":{"rendered":"<p>&nbsp; El 1 de noviembre de 1936 fue asesinado (se le aplic\u00f3 la ley de fugas) en el fuerte de San Crist\u00f3bal, sito en Pamplona, Tom\u00e1s Mardones Llorente. Contaba 24 a\u00f1os, hab\u00eda nacido en Vitoria, trabajaba de carpintero y militaba &hellip; <\/p>\n","protected":false},"author":2,"featured_media":640,"comment_status":"closed","ping_status":"open","sticky":false,"template":"","format":"standard","meta":{"jetpack_post_was_ever_published":false,"_jetpack_newsletter_access":"","_jetpack_dont_email_post_to_subs":false,"_jetpack_newsletter_tier_id":0,"_jetpack_memberships_contains_paywalled_content":false,"_jetpack_memberships_contains_paid_content":false,"footnotes":"","jetpack_publicize_message":"","jetpack_publicize_feature_enabled":true,"jetpack_social_post_already_shared":true,"jetpack_social_options":{"image_generator_settings":{"template":"highway","enabled":false},"version":2}},"categories":[7],"tags":[9],"class_list":["post-637","post","type-post","status-publish","format-standard","has-post-thumbnail","hentry","category-dias-de-memoria","tag-dias-de-memoria"],"jetpack_publicize_connections":[],"jetpack_featured_media_url":"https:\/\/vitoria.cnt.es\/mh\/wp-content\/uploads\/sites\/2\/2015\/01\/tomas_mardones_llorente.jpg","jetpack_sharing_enabled":true,"jetpack_shortlink":"https:\/\/wp.me\/p58fhe-ah","_links":{"self":[{"href":"https:\/\/vitoria.cnt.es\/mh\/wp-json\/wp\/v2\/posts\/637","targetHints":{"allow":["GET"]}}],"collection":[{"href":"https:\/\/vitoria.cnt.es\/mh\/wp-json\/wp\/v2\/posts"}],"about":[{"href":"https:\/\/vitoria.cnt.es\/mh\/wp-json\/wp\/v2\/types\/post"}],"author":[{"embeddable":true,"href":"https:\/\/vitoria.cnt.es\/mh\/wp-json\/wp\/v2\/users\/2"}],"replies":[{"embeddable":true,"href":"https:\/\/vitoria.cnt.es\/mh\/wp-json\/wp\/v2\/comments?post=637"}],"version-history":[{"count":10,"href":"https:\/\/vitoria.cnt.es\/mh\/wp-json\/wp\/v2\/posts\/637\/revisions"}],"predecessor-version":[{"id":646,"href":"https:\/\/vitoria.cnt.es\/mh\/wp-json\/wp\/v2\/posts\/637\/revisions\/646"}],"wp:featuredmedia":[{"embeddable":true,"href":"https:\/\/vitoria.cnt.es\/mh\/wp-json\/wp\/v2\/media\/640"}],"wp:attachment":[{"href":"https:\/\/vitoria.cnt.es\/mh\/wp-json\/wp\/v2\/media?parent=637"}],"wp:term":[{"taxonomy":"category","embeddable":true,"href":"https:\/\/vitoria.cnt.es\/mh\/wp-json\/wp\/v2\/categories?post=637"},{"taxonomy":"post_tag","embeddable":true,"href":"https:\/\/vitoria.cnt.es\/mh\/wp-json\/wp\/v2\/tags?post=637"}],"curies":[{"name":"wp","href":"https:\/\/api.w.org\/{rel}","templated":true}]}}