{"id":650,"date":"2015-01-22T01:12:58","date_gmt":"2015-01-22T01:12:58","guid":{"rendered":"http:\/\/vitoria.cnt.es\/mh\/?p=650"},"modified":"2020-06-28T22:29:22","modified_gmt":"2020-06-28T22:29:22","slug":"documentos-historicos-milicianos-del-batallon-bakunin-en-txibiarte-diciembre-1936-mayo-1937","status":"publish","type":"post","link":"https:\/\/vitoria.cnt.es\/mh\/documentos-historicos-milicianos-del-batallon-bakunin-en-txibiarte-diciembre-1936-mayo-1937\/","title":{"rendered":"MILICIANOS DEL BATALL\u00d3N BAKUNIN EN TXIBIARTE. <\/br>Diciembre 1936-Mayo 1937"},"content":{"rendered":"<figure id=\"attachment_654\" aria-describedby=\"caption-attachment-654\" style=\"width: 550px\" class=\"wp-caption alignleft\"><a href=\"http:\/\/vitoria.cnt.es\/mh\/wp-content\/uploads\/sites\/2\/2015\/01\/batallon_bakunin_txibiarte.jpg\"><img loading=\"lazy\" decoding=\"async\" class=\"wp-image-654\" title=\"Milicianos del batall\u00f3n Bakunin en Txibiarte\" src=\"http:\/\/vitoria.cnt.es\/mh\/wp-content\/uploads\/sites\/2\/2015\/01\/batallon_bakunin_txibiarte.jpg\" alt=\"Milicianos del batall\u00f3n Bakunin en Txibiarte\" width=\"550\" height=\"346\" srcset=\"https:\/\/vitoria.cnt.es\/mh\/wp-content\/uploads\/sites\/2\/2015\/01\/batallon_bakunin_txibiarte.jpg 990w, https:\/\/vitoria.cnt.es\/mh\/wp-content\/uploads\/sites\/2\/2015\/01\/batallon_bakunin_txibiarte-300x188.jpg 300w, https:\/\/vitoria.cnt.es\/mh\/wp-content\/uploads\/sites\/2\/2015\/01\/batallon_bakunin_txibiarte-24x15.jpg 24w, https:\/\/vitoria.cnt.es\/mh\/wp-content\/uploads\/sites\/2\/2015\/01\/batallon_bakunin_txibiarte-36x22.jpg 36w, https:\/\/vitoria.cnt.es\/mh\/wp-content\/uploads\/sites\/2\/2015\/01\/batallon_bakunin_txibiarte-48x30.jpg 48w\" sizes=\"auto, (max-width: 550px) 100vw, 550px\" \/><\/a><figcaption id=\"caption-attachment-654\" class=\"wp-caption-text\">Milicianos del batall\u00f3n Bakunin en Txibiarte<\/figcaption><\/figure>\n<p>&nbsp;<\/p>\n<p>Esta fotograf\u00eda muestra a milicianos del batall\u00f3n Bakunin de la C.N.T. posando para la c\u00e1mara en las cercan\u00edas del frente, con las posiciones de Txibiarte al fondo. La fecha de cuando se hizo la fotograf\u00eda necesariamente tiene que ser en alg\u00fan momento entre principios de diciembre de 1936 y finales de mayo de 1937, tiempo durante el cual, el Bakunin ocup\u00f3 y defendi\u00f3 dicho sector del frente alav\u00e9s.<\/p>\n<p>El batall\u00f3n Bakunin de la C.N.T. oper\u00f3 en diciembre de 1936 por la zona de Ordu\u00f1a. Formado en base a los grupos de milicianos anarquistas que en los primeros d\u00edas, junto a fuerzas de otra significaci\u00f3n pol\u00edtica-sindical, se posicionaron en la zona de Amurrio-Ordu\u00f1a, dando frente a las fuerzas rivales que patrullaban las lindes de Burgos y \u00c1lava. Las acciones iniciales fueron escasas, y durante meses se limitaron a espor\u00e1dicos tiroteos, normalmente incruentos, entre avanzadas adversarias. Destacado en Amurrio, el batall\u00f3n ocupaba 11 posiciones aisladas conocidas por su numeraci\u00f3n. Dos compa\u00f1\u00edas estaban permanentemente destacadas en primera l\u00ednea especialmente en las posiciones n\u00famero 5 y 11, que eran las m\u00e1s avanzadas, mientras que las otras dos permanec\u00edan en descanso. Los papeles se intercambiaban cada semana, asign\u00e1ndole a las compa\u00f1\u00edas todas las variables posibles con el fin de que se familiarizasen con el terreno comprendido entre Respaldiza y Barambio.<\/p>\n<p>A partir del 5 de diciembre de 1936 el Bakunin intervino en la gran ofensiva de ese mes sobre el frente alav\u00e9s, atacando el monte San Pedro, al este de Ordu\u00f1a y al sur de Amurrio. La punta de lanza del ataque fueron la segunda y tercera compa\u00f1ias del batall\u00f3n. Al medio d\u00eda la bandera rojinegra del Batall\u00f3n 1\u00ba Bakunin ondeaba en lo alto del monte de San Pedro. Las bajas fueron pocas. Con esta operaci\u00f3n quedaban protegidas Artoma\u00f1a y Aloria, y directamente amenazada la localidad de Izarra, ocupada por los enemigos y a cinco kil\u00f3metros de las posiciones conquistadas por el Bakunin.<\/p>\n<p>El d\u00eda 7 de diciembre se alcanzan y toman las posici\u00f3nes de Elbiz y Txibiarte. A partir de este punto, las escaramuzas continuaron sin grandes ofensivas. Estas posiciones se mantuvieron hasta finales de mayo de 1937, cuando la aviaci\u00f3n de los facciosos hizo pedazos las posiciones de los milicianos.<\/p>\n<p>En el batall\u00f3n Bakunin combatieron alaveses, entre ellos, dos de los fundadores de la CNT en 1976 tras la dictadura franquista: Macario Illera y Atanasio Gainzar\u00e1in. Estos son los nombres de esos compa\u00f1eros alaveses, milicianos del batall\u00f3n Bakunin de la C.N.T.:<\/p>\n<p>Fernando Aldama.<br \/>\nRaimundo Aldama.<br \/>\nEsteban Berganzo.<br \/>\nSantiago Betolaza.<br \/>\n\u00c1ngel Celaa.<br \/>\nAtanasio Gainzar\u00e1in.<br \/>\nValent\u00edn Garc\u00eda.<br \/>\nCarmelo Gauna.<br \/>\nMacario Illera.<br \/>\nJulio Izquierdo.<br \/>\nNarciso Lasarte.<br \/>\nGregorio Lav\u00edn.<br \/>\n\u00c1ngel L\u00f3pez.<br \/>\nEugenio L\u00f3pez.<br \/>\nFelipe Loya.<br \/>\nJuan Cruz Luna.<br \/>\nBenito Manso.<br \/>\nAntonio Murua.<br \/>\nNicol\u00e1s Naya.<br \/>\nLuis Puelles.<br \/>\nAbel Ram\u00edrez.<br \/>\nF\u00e9lix Ruiz de Z\u00e1rate.<br \/>\nFrancisco Ruiz de Z\u00e1rate.<br \/>\nLuis Santom\u00e9.<br \/>\nBonifacio Sierra.<br \/>\nInocencio Soto.<br \/>\nVictoriano Uriarte.<br \/>\nPedro Varela.<\/p>\n<p class=\"parrafoFuentes\">\nFuentes:<br \/>\n&#8211; Miguel \u00cd\u00f1iguez.<br \/>\n&#8211; \u00abMilicias anarquistas y anarcosindicalistas en la Guerra Civil Espa\u00f1ola 1936-1939\u00bb, de Juan J. Alcalde.<br \/>\n&#8211; Amurriodenuncianuncia: <a href=\"http:\/\/amurriodenuncianuncia.blogspot.com.es\/2011\/07\/las-trincheras-del-frente-orduna-lezama.html\">http:\/\/amurriodenuncianuncia.blogspot.com.es\/2011\/07\/las-trincheras-del-frente-orduna-lezama.html<\/a><\/p>\n","protected":false},"excerpt":{"rendered":"<p>&nbsp; Esta fotograf\u00eda muestra a milicianos del batall\u00f3n Bakunin de la C.N.T. posando para la c\u00e1mara en las cercan\u00edas del frente, con las posiciones de Txibiarte al fondo. La fecha de cuando se hizo la fotograf\u00eda necesariamente tiene que ser &hellip; <\/p>\n","protected":false},"author":2,"featured_media":654,"comment_status":"closed","ping_status":"open","sticky":false,"template":"","format":"standard","meta":{"jetpack_post_was_ever_published":false,"_jetpack_newsletter_access":"","_jetpack_dont_email_post_to_subs":false,"_jetpack_newsletter_tier_id":0,"_jetpack_memberships_contains_paywalled_content":false,"_jetpack_memberships_contains_paid_content":false,"footnotes":"","jetpack_publicize_message":"","jetpack_publicize_feature_enabled":true,"jetpack_social_post_already_shared":true,"jetpack_social_options":{"image_generator_settings":{"template":"highway","enabled":false},"version":2}},"categories":[11],"tags":[8],"class_list":["post-650","post","type-post","status-publish","format-standard","has-post-thumbnail","hentry","category-documentos-historicos","tag-documentos-historicos"],"jetpack_publicize_connections":[],"jetpack_featured_media_url":"https:\/\/vitoria.cnt.es\/mh\/wp-content\/uploads\/sites\/2\/2015\/01\/batallon_bakunin_txibiarte.jpg","jetpack_sharing_enabled":true,"jetpack_shortlink":"https:\/\/wp.me\/p58fhe-au","_links":{"self":[{"href":"https:\/\/vitoria.cnt.es\/mh\/wp-json\/wp\/v2\/posts\/650","targetHints":{"allow":["GET"]}}],"collection":[{"href":"https:\/\/vitoria.cnt.es\/mh\/wp-json\/wp\/v2\/posts"}],"about":[{"href":"https:\/\/vitoria.cnt.es\/mh\/wp-json\/wp\/v2\/types\/post"}],"author":[{"embeddable":true,"href":"https:\/\/vitoria.cnt.es\/mh\/wp-json\/wp\/v2\/users\/2"}],"replies":[{"embeddable":true,"href":"https:\/\/vitoria.cnt.es\/mh\/wp-json\/wp\/v2\/comments?post=650"}],"version-history":[{"count":23,"href":"https:\/\/vitoria.cnt.es\/mh\/wp-json\/wp\/v2\/posts\/650\/revisions"}],"predecessor-version":[{"id":2418,"href":"https:\/\/vitoria.cnt.es\/mh\/wp-json\/wp\/v2\/posts\/650\/revisions\/2418"}],"wp:featuredmedia":[{"embeddable":true,"href":"https:\/\/vitoria.cnt.es\/mh\/wp-json\/wp\/v2\/media\/654"}],"wp:attachment":[{"href":"https:\/\/vitoria.cnt.es\/mh\/wp-json\/wp\/v2\/media?parent=650"}],"wp:term":[{"taxonomy":"category","embeddable":true,"href":"https:\/\/vitoria.cnt.es\/mh\/wp-json\/wp\/v2\/categories?post=650"},{"taxonomy":"post_tag","embeddable":true,"href":"https:\/\/vitoria.cnt.es\/mh\/wp-json\/wp\/v2\/tags?post=650"}],"curies":[{"name":"wp","href":"https:\/\/api.w.org\/{rel}","templated":true}]}}