{"id":727,"date":"2015-02-19T01:11:52","date_gmt":"2015-02-19T01:11:52","guid":{"rendered":"http:\/\/vitoria.cnt.es\/mh\/?p=727"},"modified":"2020-06-28T23:48:18","modified_gmt":"2020-06-28T23:48:18","slug":"dias-de-memoria-2-de-enero-de-1917-nacimiento-de-abel-ramirez-romeo","status":"publish","type":"post","link":"https:\/\/vitoria.cnt.es\/mh\/dias-de-memoria-2-de-enero-de-1917-nacimiento-de-abel-ramirez-romeo\/","title":{"rendered":"2 de enero de 1917. <\/br>Nace ABEL RAM\u00cdREZ ROMEO"},"content":{"rendered":"<figure id=\"attachment_729\" aria-describedby=\"caption-attachment-729\" style=\"width: 300px\" class=\"wp-caption alignleft\"><a href=\"http:\/\/vitoria.cnt.es\/mh\/wp-content\/uploads\/sites\/2\/2015\/02\/abel_ramirez_1940_miranda.jpg\"><img loading=\"lazy\" decoding=\"async\" class=\"wp-image-729\" src=\"http:\/\/vitoria.cnt.es\/mh\/wp-content\/uploads\/sites\/2\/2015\/02\/abel_ramirez_1940_miranda-221x300.jpg\" alt=\"Abel Ram\u00edrez 1940 Miranda\" title=\"Abel Ram\u00edrez, campo de concentraci\u00f3n de Miranda en 1940\" width=\"300\" height=\"407\" srcset=\"https:\/\/vitoria.cnt.es\/mh\/wp-content\/uploads\/sites\/2\/2015\/02\/abel_ramirez_1940_miranda-221x300.jpg 221w, https:\/\/vitoria.cnt.es\/mh\/wp-content\/uploads\/sites\/2\/2015\/02\/abel_ramirez_1940_miranda-18x24.jpg 18w, https:\/\/vitoria.cnt.es\/mh\/wp-content\/uploads\/sites\/2\/2015\/02\/abel_ramirez_1940_miranda-27x36.jpg 27w, https:\/\/vitoria.cnt.es\/mh\/wp-content\/uploads\/sites\/2\/2015\/02\/abel_ramirez_1940_miranda-35x48.jpg 35w, https:\/\/vitoria.cnt.es\/mh\/wp-content\/uploads\/sites\/2\/2015\/02\/abel_ramirez_1940_miranda.jpg 400w\" sizes=\"auto, (max-width: 300px) 100vw, 300px\" \/><\/a><figcaption id=\"caption-attachment-729\" class=\"wp-caption-text\">Agosto de 1940, campo de concentraci\u00f3n de Miranda, grupo de confederales vitorianos. Arriba tercero por la izquierda Abel Ram\u00edrez.<\/figcaption><\/figure>\n<p>&nbsp;<\/p>\n<p>En esa fecha naci\u00f3 en San Vicente de la Sonsierra (La Rioja), pueblo de intensa fragancia confederal y anarquista, Abel Ram\u00edrez Romeo.<\/p>\n<p>Avecindado en Vitoria desde 1922, siguiendo al padre en busca de mejor fortuna, cuando se lo permiti\u00f3 la edad, se afili\u00f3 a las JJLL en las que que milit\u00f3 no menos que otros.<\/p>\n<p>Huido en julio de 1936 de la barbarie que en Vitoria m\u00e1s que falangista fue requet\u00e9, luch\u00f3 en terreno guipuzcoano (Oyarzun, Renter\u00eda y Tolosa), y despu\u00e9s en tierras vizca\u00ednas y c\u00e1ntabras enrolado en los batallones Bakunin e Ingenieros I. Apresado en 1937 con el hundimiento del frente b\u00e9lico del Norte conoci\u00f3 para su desgracia c\u00e1rceles y el campo de concentraci\u00f3n de Miranda (1940-1941).<\/p>\n<p>Liberado, se entreg\u00f3 a la lucha contra el dictador: en 1945 part\u00edcipe del Comit\u00e9 Comarcal clandestino de la CNT alavesa y en 1946 miembro del Comit\u00e9 Regional del Norte en representaci\u00f3n de Vitoria, hasta que ante la insoportable presi\u00f3n de la polic\u00eda franquista tom\u00f3 la ruta de Francia.<\/p>\n<p>En 1948 desde Par\u00eds y tambi\u00e9n desde Burdeos y Pau, afecto, como casi toda la Regional de Euzkadi-Norte a la rama moderada y posibilista de la CNT. A medida que el exilio se fue alargando y la posibilidad de acabar con el franquismo se dilu\u00eda, su inter\u00e9s se desplaz\u00f3 hacia la investigaci\u00f3n hist\u00f3rica centrada en el devenir de su pueblo de origen y sobre todo en el estudio de la figura de Isaac Puente.<\/p>\n<p>Muerto Franco, viaj\u00f3 repetidamente a Vitoria y San Vicente. Experto conocedor de la vida y obra del m\u00e9dico anarquista asesinado en Maeztu, public\u00f3 abundantes art\u00edculos en <em>Combate Sindicalista<\/em> y <em>Cultura Libertaria<\/em> y escribi\u00f3 una biograf\u00eda (in\u00e9dita), tan apasionada como rica en informaciones de primera mano.<\/p>\n<p>Falleci\u00f3 en Blanc Mesnil (Francia) el 24 de julio de 1995.<\/p>\n","protected":false},"excerpt":{"rendered":"<p>&nbsp; En esa fecha naci\u00f3 en San Vicente de la Sonsierra (La Rioja), pueblo de intensa fragancia confederal y anarquista, Abel Ram\u00edrez Romeo. Avecindado en Vitoria desde 1922, siguiendo al padre en busca de mejor fortuna, cuando se lo permiti\u00f3 &hellip; <\/p>\n","protected":false},"author":2,"featured_media":729,"comment_status":"closed","ping_status":"open","sticky":false,"template":"","format":"standard","meta":{"jetpack_post_was_ever_published":false,"_jetpack_newsletter_access":"","_jetpack_dont_email_post_to_subs":false,"_jetpack_newsletter_tier_id":0,"_jetpack_memberships_contains_paywalled_content":false,"_jetpack_memberships_contains_paid_content":false,"footnotes":"","jetpack_publicize_message":"","jetpack_publicize_feature_enabled":true,"jetpack_social_post_already_shared":true,"jetpack_social_options":{"image_generator_settings":{"template":"highway","enabled":false},"version":2}},"categories":[7],"tags":[9],"class_list":["post-727","post","type-post","status-publish","format-standard","has-post-thumbnail","hentry","category-dias-de-memoria","tag-dias-de-memoria"],"jetpack_publicize_connections":[],"jetpack_featured_media_url":"https:\/\/vitoria.cnt.es\/mh\/wp-content\/uploads\/sites\/2\/2015\/02\/abel_ramirez_1940_miranda.jpg","jetpack_sharing_enabled":true,"jetpack_shortlink":"https:\/\/wp.me\/p58fhe-bJ","_links":{"self":[{"href":"https:\/\/vitoria.cnt.es\/mh\/wp-json\/wp\/v2\/posts\/727","targetHints":{"allow":["GET"]}}],"collection":[{"href":"https:\/\/vitoria.cnt.es\/mh\/wp-json\/wp\/v2\/posts"}],"about":[{"href":"https:\/\/vitoria.cnt.es\/mh\/wp-json\/wp\/v2\/types\/post"}],"author":[{"embeddable":true,"href":"https:\/\/vitoria.cnt.es\/mh\/wp-json\/wp\/v2\/users\/2"}],"replies":[{"embeddable":true,"href":"https:\/\/vitoria.cnt.es\/mh\/wp-json\/wp\/v2\/comments?post=727"}],"version-history":[{"count":7,"href":"https:\/\/vitoria.cnt.es\/mh\/wp-json\/wp\/v2\/posts\/727\/revisions"}],"predecessor-version":[{"id":2420,"href":"https:\/\/vitoria.cnt.es\/mh\/wp-json\/wp\/v2\/posts\/727\/revisions\/2420"}],"wp:featuredmedia":[{"embeddable":true,"href":"https:\/\/vitoria.cnt.es\/mh\/wp-json\/wp\/v2\/media\/729"}],"wp:attachment":[{"href":"https:\/\/vitoria.cnt.es\/mh\/wp-json\/wp\/v2\/media?parent=727"}],"wp:term":[{"taxonomy":"category","embeddable":true,"href":"https:\/\/vitoria.cnt.es\/mh\/wp-json\/wp\/v2\/categories?post=727"},{"taxonomy":"post_tag","embeddable":true,"href":"https:\/\/vitoria.cnt.es\/mh\/wp-json\/wp\/v2\/tags?post=727"}],"curies":[{"name":"wp","href":"https:\/\/api.w.org\/{rel}","templated":true}]}}