{"id":737,"date":"2015-03-05T01:43:43","date_gmt":"2015-03-05T01:43:43","guid":{"rendered":"http:\/\/vitoria.cnt.es\/mh\/?p=737"},"modified":"2020-06-29T00:13:50","modified_gmt":"2020-06-29T00:13:50","slug":"dias-de-memoria-31-de-diciembre-de-1908-nacimiento-de-columba-fernandez-doyague","status":"publish","type":"post","link":"https:\/\/vitoria.cnt.es\/mh\/dias-de-memoria-31-de-diciembre-de-1908-nacimiento-de-columba-fernandez-doyague\/","title":{"rendered":"31 de diciembre de 1908. <\/br>Nace COLUMBA FERN\u00c1NDEZ DOYAGUE"},"content":{"rendered":"<figure id=\"attachment_2422\" aria-describedby=\"caption-attachment-2422\" style=\"width: 250px\" class=\"wp-caption alignleft\"><a href=\"http:\/\/vitoria.cnt.es\/mh\/wp-content\/uploads\/sites\/2\/2020\/06\/columba-fernandez-doyague.jpg\"><img loading=\"lazy\" decoding=\"async\" class=\"wp-image-2422 size-full\" title=\"Columba Fern\u00e1ndez Doyague\" src=\"http:\/\/vitoria.cnt.es\/mh\/wp-content\/uploads\/sites\/2\/2020\/06\/columba-fernandez-doyague.jpg\" alt=\"Columba Fern\u00e1ndez Doyague\" width=\"250\" height=\"363\" srcset=\"https:\/\/vitoria.cnt.es\/mh\/wp-content\/uploads\/sites\/2\/2020\/06\/columba-fernandez-doyague.jpg 250w, https:\/\/vitoria.cnt.es\/mh\/wp-content\/uploads\/sites\/2\/2020\/06\/columba-fernandez-doyague-207x300.jpg 207w, https:\/\/vitoria.cnt.es\/mh\/wp-content\/uploads\/sites\/2\/2020\/06\/columba-fernandez-doyague-110x160.jpg 110w, https:\/\/vitoria.cnt.es\/mh\/wp-content\/uploads\/sites\/2\/2020\/06\/columba-fernandez-doyague-17x24.jpg 17w, https:\/\/vitoria.cnt.es\/mh\/wp-content\/uploads\/sites\/2\/2020\/06\/columba-fernandez-doyague-25x36.jpg 25w, https:\/\/vitoria.cnt.es\/mh\/wp-content\/uploads\/sites\/2\/2020\/06\/columba-fernandez-doyague-33x48.jpg 33w\" sizes=\"auto, (max-width: 250px) 100vw, 250px\" \/><\/a><figcaption id=\"caption-attachment-2422\" class=\"wp-caption-text\">Columba Fern\u00e1ndez Doyague<\/figcaption><\/figure>\n<p>&nbsp;<\/p>\n<p>El 31 de diciembre de 1908 naci\u00f3 en San Vicente de la Sonsierra (La Rioja) Columba Fern\u00e1ndez Doyague. Apodada la Chamorra ya que por Chamorro era conocido su padre.<\/p>\n<p>Emigrada en Vitoria, como otros muchos paisanos de su pueblo, un pueblo con crecido n\u00famero de anarquistas que no olvidaron conducta ni creencias (Abel Ram\u00edrez, Teodoro Brea, Fausto Villamor, Inocencio Soto, Agapito Vadillo y otros figuran en la historia grande del anarquismo en \u00c1lava), form\u00f3 familia con Isidro Ruiz Pereda y habit\u00f3 con reconocido prestigio casa en la calle Pintorer\u00eda, aunque para julio de 1936, ten\u00eda su domicilio en la calle Correr\u00eda 19.<\/p>\n<p>Militante anarquista y confederal al apetecible viejo estilo, de morigeradas costumbres (vegetariana y abstemia), tuvo fama de idealista y valiente y los viejos militantes la recordaban como influyente activista \u201cmentora de CNT y FAI\u201d. Siempre en primera l\u00ednea: detenida en febrero de 1932 en el marco de la huelga general convocada por la CNT y de nuevo en abril durante las acciones confederales contra las celebraciones del primer aniversario de la Rep\u00fablica.<\/p>\n<figure id=\"attachment_738\" aria-describedby=\"caption-attachment-738\" style=\"width: 450px\" class=\"wp-caption alignright\"><a href=\"http:\/\/vitoria.cnt.es\/mh\/wp-content\/uploads\/sites\/2\/2015\/03\/detenidxs_recorte_la_libertad_16-2-1932.jpg\"><img loading=\"lazy\" decoding=\"async\" class=\"wp-image-738\" title=\"Recorte La Libertad 16-2-1932\" src=\"http:\/\/vitoria.cnt.es\/mh\/wp-content\/uploads\/sites\/2\/2015\/03\/detenidxs_recorte_la_libertad_16-2-1932-300x150.jpg\" alt=\"Recorte La Libertad 16-2-1932\" width=\"450\" height=\"225\" srcset=\"https:\/\/vitoria.cnt.es\/mh\/wp-content\/uploads\/sites\/2\/2015\/03\/detenidxs_recorte_la_libertad_16-2-1932-300x150.jpg 300w, https:\/\/vitoria.cnt.es\/mh\/wp-content\/uploads\/sites\/2\/2015\/03\/detenidxs_recorte_la_libertad_16-2-1932-24x12.jpg 24w, https:\/\/vitoria.cnt.es\/mh\/wp-content\/uploads\/sites\/2\/2015\/03\/detenidxs_recorte_la_libertad_16-2-1932-36x18.jpg 36w, https:\/\/vitoria.cnt.es\/mh\/wp-content\/uploads\/sites\/2\/2015\/03\/detenidxs_recorte_la_libertad_16-2-1932-48x24.jpg 48w, https:\/\/vitoria.cnt.es\/mh\/wp-content\/uploads\/sites\/2\/2015\/03\/detenidxs_recorte_la_libertad_16-2-1932.jpg 557w\" sizes=\"auto, (max-width: 450px) 100vw, 450px\" \/><\/a><figcaption id=\"caption-attachment-738\" class=\"wp-caption-text\">Detenidos en Vitoria. Recorte de <em>La Libertad<\/em>, 16 de febrero de 1932<\/figcaption><\/figure>\n<p>Sublevado el fascio, fue apresada el 31 de julio de 1936 a las puertas de la c\u00e1rcel vitoriana, acusada de haberse dirigido a los soldados guardianes con la frase \u201ccon vino y tabaco os est\u00e1n enga\u00f1ando\u201d, sometida a un consejo de guerra en el que polic\u00edas, guardias civiles y organismos gubernamentales dejaron clara la opini\u00f3n que les merec\u00eda: presente en todas las alteraciones de orden p\u00fablico, excitando siempre a la violencia, insultando a las fuerzas p\u00fablicas, cobijadora de consuno con su marido de atracadores, o sea, \u201cde p\u00e9simos antecedentes\u201d.<\/p>\n<p>A decir verdad, dado el ambiente dominante, no sali\u00f3 mal librada (condenada a cuatro a\u00f1os por insultos a la fuerza armada y coacciones), pero otros se encargaron de acrecentar la pena: sacada el 17 de septiembre, camino de la c\u00e1rcel de Laguardia, nunca lleg\u00f3 a su destino: asesinada ese d\u00eda, se supone que en las Conchas de Haro.<\/p>\n<p>Como en otros casos, en la posguerra primero se le rebaj\u00f3 la pena a dos a\u00f1os y despu\u00e9s se decret\u00f3 su libertad, pero obviamente la afectada no pudo beneficiarse de la bondad gubernamental.<\/p>\n<p>Desconocemos si <em>Mujeres Libres<\/em> cont\u00f3 con agrupaci\u00f3n en Vitoria y por tanto si Columba se hallaba integrada en la misma, pero en todo caso no fue la \u00fanica mujer que se movi\u00f3 en los ambientes libertarios de la ciudad: en mayo de 1933 fueron encarceladas, por repartir propaganda libertaria y confederal, Carmen Alegr\u00eda, Maria Cruz Gamones, Luisa Luzuriaga, Balbina y Juana Mesanza, Pilar Moros, Petra Ochoa, Dolores Ruiz, Blanca y Juliana Uriarte, todas de entre 16 y 26 a\u00f1os.<\/p>\n<p>Ciertamente se contaba con cantera, siempre sucede cuando los maestros son buenos.<\/p>\n<p><em>Transcripci\u00f3n del texto del recorte<\/em>:<\/p>\n<p><em>LA LIBERTAD<\/em>, 16 de febrero de 1932<\/p>\n<blockquote><p><em><strong>Treinta y dos detenciones<\/strong><br \/>\nAdem\u00e1s de las detenciones practicadas en el d\u00eda de ayer, que se elevan a diecisiete, hoy se han hecho otras quince, habiendo ingresado en la prisi\u00f3n Francisco Mart\u00ednez, Ricardo L\u00f3pez de Calle, Severiano Yuste S\u00e1enz, Jacinto Ort\u00edz de Z\u00e1rate, David Mendiz\u00e1bal, Ferm\u00edn Samaniego, Mat\u00edas Ochoa, Francisco Alda, Gregorio Sarrinde, Guillermo Arn\u00e1ez, Jos\u00e9 Jim\u00e9nez, Antonio Di\u00e9guez, Bernab\u00e9 Villambiste y Victoriano Mart\u00ednez<br \/>\nIgualmente ha ingresado en la c\u00e1rcel una mujer llamada Columba Fern\u00e1ndez.<br \/>\nEl total de los encarcelados hasta \u00faltima hora de esta tarde, es de treinta y dos.<br \/>\nSabemos que ha sido llevado a presencia del se\u00f1or Gobernador, a requerimiento de dicha autoridad, el conocido sindicalista Daniel Orille, acompa\u00f1ado del agente de vigilancia don Luis Gil, pero ignoramos los motivos de la comparecencia, sabiendo que momentos despu\u00e9s ha sido puesto en libertad.<\/em><\/p><\/blockquote>\n","protected":false},"excerpt":{"rendered":"<p>&nbsp; El 31 de diciembre de 1908 naci\u00f3 en San Vicente de la Sonsierra (La Rioja) Columba Fern\u00e1ndez Doyague. Apodada la Chamorra ya que por Chamorro era conocido su padre. Emigrada en Vitoria, como otros muchos paisanos de su pueblo, &hellip; <\/p>\n","protected":false},"author":2,"featured_media":2422,"comment_status":"closed","ping_status":"open","sticky":false,"template":"","format":"standard","meta":{"jetpack_post_was_ever_published":false,"_jetpack_newsletter_access":"","_jetpack_dont_email_post_to_subs":false,"_jetpack_newsletter_tier_id":0,"_jetpack_memberships_contains_paywalled_content":false,"_jetpack_memberships_contains_paid_content":false,"footnotes":"","jetpack_publicize_message":"","jetpack_publicize_feature_enabled":true,"jetpack_social_post_already_shared":true,"jetpack_social_options":{"image_generator_settings":{"template":"highway","enabled":false},"version":2}},"categories":[7],"tags":[9],"class_list":["post-737","post","type-post","status-publish","format-standard","has-post-thumbnail","hentry","category-dias-de-memoria","tag-dias-de-memoria"],"jetpack_publicize_connections":[],"jetpack_featured_media_url":"https:\/\/vitoria.cnt.es\/mh\/wp-content\/uploads\/sites\/2\/2020\/06\/columba-fernandez-doyague.jpg","jetpack_sharing_enabled":true,"jetpack_shortlink":"https:\/\/wp.me\/p58fhe-bT","_links":{"self":[{"href":"https:\/\/vitoria.cnt.es\/mh\/wp-json\/wp\/v2\/posts\/737","targetHints":{"allow":["GET"]}}],"collection":[{"href":"https:\/\/vitoria.cnt.es\/mh\/wp-json\/wp\/v2\/posts"}],"about":[{"href":"https:\/\/vitoria.cnt.es\/mh\/wp-json\/wp\/v2\/types\/post"}],"author":[{"embeddable":true,"href":"https:\/\/vitoria.cnt.es\/mh\/wp-json\/wp\/v2\/users\/2"}],"replies":[{"embeddable":true,"href":"https:\/\/vitoria.cnt.es\/mh\/wp-json\/wp\/v2\/comments?post=737"}],"version-history":[{"count":13,"href":"https:\/\/vitoria.cnt.es\/mh\/wp-json\/wp\/v2\/posts\/737\/revisions"}],"predecessor-version":[{"id":2424,"href":"https:\/\/vitoria.cnt.es\/mh\/wp-json\/wp\/v2\/posts\/737\/revisions\/2424"}],"wp:featuredmedia":[{"embeddable":true,"href":"https:\/\/vitoria.cnt.es\/mh\/wp-json\/wp\/v2\/media\/2422"}],"wp:attachment":[{"href":"https:\/\/vitoria.cnt.es\/mh\/wp-json\/wp\/v2\/media?parent=737"}],"wp:term":[{"taxonomy":"category","embeddable":true,"href":"https:\/\/vitoria.cnt.es\/mh\/wp-json\/wp\/v2\/categories?post=737"},{"taxonomy":"post_tag","embeddable":true,"href":"https:\/\/vitoria.cnt.es\/mh\/wp-json\/wp\/v2\/tags?post=737"}],"curies":[{"name":"wp","href":"https:\/\/api.w.org\/{rel}","templated":true}]}}