{"id":770,"date":"2015-03-18T14:50:24","date_gmt":"2015-03-18T14:50:24","guid":{"rendered":"http:\/\/vitoria.cnt.es\/mh\/?p=770"},"modified":"2020-06-29T00:09:55","modified_gmt":"2020-06-29T00:09:55","slug":"documentos-historicos-orden-de-libertad-de-antonio-barron-1-de-septiembre-de-1936","status":"publish","type":"post","link":"https:\/\/vitoria.cnt.es\/mh\/documentos-historicos-orden-de-libertad-de-antonio-barron-1-de-septiembre-de-1936\/","title":{"rendered":"ORDEN DE LIBERTAD DE ANTONIO BARR\u00d3N. <\/br>1 de septiembre de 1936"},"content":{"rendered":"<figure id=\"attachment_787\" aria-describedby=\"caption-attachment-787\" style=\"width: 450px\" class=\"wp-caption alignleft\"><a href=\"http:\/\/vitoria.cnt.es\/mh\/wp-content\/uploads\/sites\/2\/2015\/03\/orden_libertad_antonio_barron_1-9-36.jpg\"><img loading=\"lazy\" decoding=\"async\" class=\"wp-image-787\" title=\"Orden de puesta en libertad de Antonio Barr\u00f3n\" src=\"http:\/\/vitoria.cnt.es\/mh\/wp-content\/uploads\/sites\/2\/2015\/03\/orden_libertad_antonio_barron_1-9-36-729x1024.jpg\" alt=\"Orden de puesta en libertad de Antonio Barr\u00f3n\" width=\"450\" height=\"633\" srcset=\"https:\/\/vitoria.cnt.es\/mh\/wp-content\/uploads\/sites\/2\/2015\/03\/orden_libertad_antonio_barron_1-9-36-729x1024.jpg 729w, https:\/\/vitoria.cnt.es\/mh\/wp-content\/uploads\/sites\/2\/2015\/03\/orden_libertad_antonio_barron_1-9-36-213x300.jpg 213w, https:\/\/vitoria.cnt.es\/mh\/wp-content\/uploads\/sites\/2\/2015\/03\/orden_libertad_antonio_barron_1-9-36-17x24.jpg 17w, https:\/\/vitoria.cnt.es\/mh\/wp-content\/uploads\/sites\/2\/2015\/03\/orden_libertad_antonio_barron_1-9-36-26x36.jpg 26w, https:\/\/vitoria.cnt.es\/mh\/wp-content\/uploads\/sites\/2\/2015\/03\/orden_libertad_antonio_barron_1-9-36-34x48.jpg 34w, https:\/\/vitoria.cnt.es\/mh\/wp-content\/uploads\/sites\/2\/2015\/03\/orden_libertad_antonio_barron_1-9-36.jpg 900w\" sizes=\"auto, (max-width: 450px) 100vw, 450px\" \/><\/a><figcaption id=\"caption-attachment-787\" class=\"wp-caption-text\">Orden de puesta en libertad de Antonio Barr\u00f3n<\/figcaption><\/figure>\n<p>&nbsp;<\/p>\n<p>Cuando libertad significa muerte.<\/p>\n<p>Se trata del documento de la orden de puesta en libertad del compa\u00f1ero confederal y anarquista Antonio Barr\u00f3n Mart\u00ednez, natural de Labastida, \u00c1lava.<\/p>\n<p>Esta orden significaba la muerte para el compa\u00f1ero, ya que en las mismas puertas de la prisi\u00f3n de la que era liberado, le esperaban las milicias de requet\u00e9s y falangistas que actuaban \u00abal margen\u00bb, pero con el benepl\u00e1cito y consentimiento de las \u00abautoridades oficiales\u00bb golpistas de Vitoria. Esa era su forma habitual de actuar y lavarse las manos, dejando en manos de grupos de criminales a sus \u00f3rdenes el trabajo sucio.<\/p>\n<p>Fue \u00abpaseado\u00bb por estos asesinos, siendo ejecutado y enterrado en alguna cuneta.<\/p>\n<p>El documento procede de los archivos de la c\u00e1rcel de Vitoria, depositados en el Archivo Provincial de \u00c1lava.<\/p>\n<p>El que firma es Alfonso Sanz G\u00f3mez, delegado de \u00aborden p\u00fablico\u00bb. Y el jefe de las patrullas de ejecutores era un tal Bruno Ruiz de Apodaca, cat\u00f3lico y carlista.<\/p>\n","protected":false},"excerpt":{"rendered":"<p>&nbsp; Cuando libertad significa muerte. Se trata del documento de la orden de puesta en libertad del compa\u00f1ero confederal y anarquista Antonio Barr\u00f3n Mart\u00ednez, natural de Labastida, \u00c1lava. Esta orden significaba la muerte para el compa\u00f1ero, ya que en las &hellip; <\/p>\n","protected":false},"author":2,"featured_media":787,"comment_status":"closed","ping_status":"open","sticky":false,"template":"","format":"standard","meta":{"jetpack_post_was_ever_published":false,"_jetpack_newsletter_access":"","_jetpack_dont_email_post_to_subs":false,"_jetpack_newsletter_tier_id":0,"_jetpack_memberships_contains_paywalled_content":false,"_jetpack_memberships_contains_paid_content":false,"footnotes":"","jetpack_publicize_message":"","jetpack_publicize_feature_enabled":true,"jetpack_social_post_already_shared":true,"jetpack_social_options":{"image_generator_settings":{"template":"highway","enabled":false},"version":2}},"categories":[11],"tags":[8],"class_list":["post-770","post","type-post","status-publish","format-standard","has-post-thumbnail","hentry","category-documentos-historicos","tag-documentos-historicos"],"jetpack_publicize_connections":[],"jetpack_featured_media_url":"https:\/\/vitoria.cnt.es\/mh\/wp-content\/uploads\/sites\/2\/2015\/03\/orden_libertad_antonio_barron_1-9-36.jpg","jetpack_sharing_enabled":true,"jetpack_shortlink":"https:\/\/wp.me\/p58fhe-cq","_links":{"self":[{"href":"https:\/\/vitoria.cnt.es\/mh\/wp-json\/wp\/v2\/posts\/770","targetHints":{"allow":["GET"]}}],"collection":[{"href":"https:\/\/vitoria.cnt.es\/mh\/wp-json\/wp\/v2\/posts"}],"about":[{"href":"https:\/\/vitoria.cnt.es\/mh\/wp-json\/wp\/v2\/types\/post"}],"author":[{"embeddable":true,"href":"https:\/\/vitoria.cnt.es\/mh\/wp-json\/wp\/v2\/users\/2"}],"replies":[{"embeddable":true,"href":"https:\/\/vitoria.cnt.es\/mh\/wp-json\/wp\/v2\/comments?post=770"}],"version-history":[{"count":17,"href":"https:\/\/vitoria.cnt.es\/mh\/wp-json\/wp\/v2\/posts\/770\/revisions"}],"predecessor-version":[{"id":2426,"href":"https:\/\/vitoria.cnt.es\/mh\/wp-json\/wp\/v2\/posts\/770\/revisions\/2426"}],"wp:featuredmedia":[{"embeddable":true,"href":"https:\/\/vitoria.cnt.es\/mh\/wp-json\/wp\/v2\/media\/787"}],"wp:attachment":[{"href":"https:\/\/vitoria.cnt.es\/mh\/wp-json\/wp\/v2\/media?parent=770"}],"wp:term":[{"taxonomy":"category","embeddable":true,"href":"https:\/\/vitoria.cnt.es\/mh\/wp-json\/wp\/v2\/categories?post=770"},{"taxonomy":"post_tag","embeddable":true,"href":"https:\/\/vitoria.cnt.es\/mh\/wp-json\/wp\/v2\/tags?post=770"}],"curies":[{"name":"wp","href":"https:\/\/api.w.org\/{rel}","templated":true}]}}