{"id":792,"date":"2015-04-02T19:42:28","date_gmt":"2015-04-02T19:42:28","guid":{"rendered":"http:\/\/vitoria.cnt.es\/mh\/?p=792"},"modified":"2020-06-29T00:12:39","modified_gmt":"2020-06-29T00:12:39","slug":"dias-de-memoria-3-de-febrero-de-1984-fallece-macario-illera-tejada","status":"publish","type":"post","link":"https:\/\/vitoria.cnt.es\/mh\/dias-de-memoria-3-de-febrero-de-1984-fallece-macario-illera-tejada\/","title":{"rendered":"3 de febrero  de 1984. <\/br>Fallece MACARIO ILLERA TEJADA"},"content":{"rendered":"<figure id=\"attachment_796\" aria-describedby=\"caption-attachment-796\" style=\"width: 250px\" class=\"wp-caption alignleft\"><a href=\"http:\/\/vitoria.cnt.es\/mh\/wp-content\/uploads\/sites\/2\/2015\/03\/macario_illera.jpg\"><img loading=\"lazy\" decoding=\"async\" class=\"wp-image-796\" title=\"Macario Illera Tejada\" src=\"http:\/\/vitoria.cnt.es\/mh\/wp-content\/uploads\/sites\/2\/2015\/03\/macario_illera-206x300.jpg\" alt=\"Macario Illera Tejada\" width=\"250\" height=\"365\" srcset=\"https:\/\/vitoria.cnt.es\/mh\/wp-content\/uploads\/sites\/2\/2015\/03\/macario_illera-206x300.jpg 206w, https:\/\/vitoria.cnt.es\/mh\/wp-content\/uploads\/sites\/2\/2015\/03\/macario_illera-16x24.jpg 16w, https:\/\/vitoria.cnt.es\/mh\/wp-content\/uploads\/sites\/2\/2015\/03\/macario_illera-25x36.jpg 25w, https:\/\/vitoria.cnt.es\/mh\/wp-content\/uploads\/sites\/2\/2015\/03\/macario_illera-33x48.jpg 33w, https:\/\/vitoria.cnt.es\/mh\/wp-content\/uploads\/sites\/2\/2015\/03\/macario_illera.jpg 220w\" sizes=\"auto, (max-width: 250px) 100vw, 250px\" \/><\/a><figcaption id=\"caption-attachment-796\" class=\"wp-caption-text\">Macario Illera Tejada<\/figcaption><\/figure>\n<p>&nbsp;<\/p>\n<p>En esa fecha falleci\u00f3 en Vitoria, su ciudad natal, Macario Illera Tejada a los setenta a\u00f1os. Eran tiempos de crisis en el movimiento libertario en Vitoria, azotado por la fractura y el desparramamiento emanados del V Congreso, y por lo mismo no se pudo despedir al modo an\u00e1rquico a quien m\u00e1s que nadie lo merec\u00eda. Los entonces j\u00f3venes y hoy canosos confederales lo recuerdan con extrema simpat\u00eda y cari\u00f1o. Puro, convencido, bonach\u00f3n, permanente distribuidor de la prensa anarquista y su frase preferida \u201cmejor solos que mal acompa\u00f1ados\u201d.<\/p>\n<p>De familia muy pobre, pas\u00f3 temporadas en el hospicio; a los catorce a\u00f1os ingres\u00f3 como tambor en el ej\u00e9rcito y residi\u00f3 en la Academia Militar de Zaragoza en la \u00e9poca que la dirig\u00eda Franco. Cerrada la Academia durante la Rep\u00fablica, profes\u00f3 en un regimiento de infanter\u00eda, primero de tambor, luego de fusilero.<\/p>\n<p>Encargado de la guardia en la prisi\u00f3n zaragozana, se le encarcela por hablar con los presos y poco despu\u00e9s, 1932, casualmente, asiste a un mitin cenetista en la misma ciudad que le impresiona vivamente y decide integrarse en sus filas, se enfrenta a un sargento y queda fuera del ej\u00e9rcito.<\/p>\n<p>En 1933 vive en Vitoria, afiliado ya a CNT y militando con vigor (en noviembre de 1934 encarcelado quince d\u00edas como preso gubernativo acusado de insulto y agresi\u00f3n a fuerza armada) y en 1936 al triunfar los fascistas en Vitoria huye (24 de julio) por los montes hacia Bilbao, combate en San Sebasti\u00e1n (particip\u00f3 en Eibar en la creaci\u00f3n de la columna que oblig\u00f3 a levantar el asedio de los locales de la CNT de San Sebasti\u00e1n), Tolosa e Ir\u00fan y despu\u00e9s, enrolado en los batallones Bakunin e Isaac Puente, intervino en incursiones en terreno enemigo para salvar compa\u00f1eros y en las acciones de Chiviarte, Sollube, Murgu\u00eda etc. hasta el hundimiento del frente bilba\u00edno, momento en que se dirige hacia Santander donde es detenido con varios miles m\u00e1s, agosto de 1937, y trasladado a Santo\u00f1a.<\/p>\n<p>Comienza un largo periodo de calamidades (condena a muerte incluida) por las prisiones de Bilbao y Burgos hasta su liberaci\u00f3n provisional en marzo de 1943, acompa\u00f1ada de destierro cerca de Benicarl\u00f3 (Cervera) donde pastore\u00f3 cabras.<\/p>\n<p>Meses m\u00e1s tarde retorna a Vitoria, trabaja en varios oficios, por m\u00e1s que oficialmente aparezca como pintor, y se entrega a la lucha clandestina (miembro del Comit\u00e9 Comarcal en 1944).<\/p>\n<p>Constatada la inutilidad de la lucha en el interior, en 1947 intenta huir a Francia, pero, detenido en Navarra, se le encarcela de nuevo durante varios meses en Pamplona y Vitoria.<\/p>\n<p>Hastiado de la situaci\u00f3n adormecida de los trabajadores, decide cambiar de profesi\u00f3n y se hace limpiabotas, al fin profesi\u00f3n independiente, manteniendo la antorcha del anarquismo durante much\u00edsimos a\u00f1os en Vitoria trocado en un personaje extraordinariamente popular, por varios conceptos, en su ciudad.<\/p>\n<p>A partir de 1967 sucesivos ataques de trombosis lo debilitan, pero ello no le impide que cuando en 1976 se inicia la reconstrucci\u00f3n de CNT en Vitoria sea uno de los primeros en ofrecer su ayuda, part\u00edcipe del n\u00facleo fundador.<\/p>\n<p>Hombre tolstoiano, partidario de una acracia pacifista, de inmensa voluntad, impermeable a la desmoralizaci\u00f3n, r\u00edgido de principios que le llevan a rechazar el consumismo, simboliza con perfecci\u00f3n el militante incansable de ideas indestructibles. Dej\u00f3 unas Memorias, parcialmente editadas en Cultura Libertaria de Vitoria.<\/p>\n","protected":false},"excerpt":{"rendered":"<p>&nbsp; En esa fecha falleci\u00f3 en Vitoria, su ciudad natal, Macario Illera Tejada a los setenta a\u00f1os. Eran tiempos de crisis en el movimiento libertario en Vitoria, azotado por la fractura y el desparramamiento emanados del V Congreso, y por &hellip; <\/p>\n","protected":false},"author":2,"featured_media":796,"comment_status":"closed","ping_status":"open","sticky":false,"template":"","format":"standard","meta":{"jetpack_post_was_ever_published":false,"_jetpack_newsletter_access":"","_jetpack_dont_email_post_to_subs":false,"_jetpack_newsletter_tier_id":0,"_jetpack_memberships_contains_paywalled_content":false,"_jetpack_memberships_contains_paid_content":false,"footnotes":"","jetpack_publicize_message":"","jetpack_publicize_feature_enabled":true,"jetpack_social_post_already_shared":true,"jetpack_social_options":{"image_generator_settings":{"template":"highway","enabled":false},"version":2}},"categories":[7],"tags":[9],"class_list":["post-792","post","type-post","status-publish","format-standard","has-post-thumbnail","hentry","category-dias-de-memoria","tag-dias-de-memoria"],"jetpack_publicize_connections":[],"jetpack_featured_media_url":"https:\/\/vitoria.cnt.es\/mh\/wp-content\/uploads\/sites\/2\/2015\/03\/macario_illera.jpg","jetpack_sharing_enabled":true,"jetpack_shortlink":"https:\/\/wp.me\/p58fhe-cM","_links":{"self":[{"href":"https:\/\/vitoria.cnt.es\/mh\/wp-json\/wp\/v2\/posts\/792","targetHints":{"allow":["GET"]}}],"collection":[{"href":"https:\/\/vitoria.cnt.es\/mh\/wp-json\/wp\/v2\/posts"}],"about":[{"href":"https:\/\/vitoria.cnt.es\/mh\/wp-json\/wp\/v2\/types\/post"}],"author":[{"embeddable":true,"href":"https:\/\/vitoria.cnt.es\/mh\/wp-json\/wp\/v2\/users\/2"}],"replies":[{"embeddable":true,"href":"https:\/\/vitoria.cnt.es\/mh\/wp-json\/wp\/v2\/comments?post=792"}],"version-history":[{"count":10,"href":"https:\/\/vitoria.cnt.es\/mh\/wp-json\/wp\/v2\/posts\/792\/revisions"}],"predecessor-version":[{"id":2428,"href":"https:\/\/vitoria.cnt.es\/mh\/wp-json\/wp\/v2\/posts\/792\/revisions\/2428"}],"wp:featuredmedia":[{"embeddable":true,"href":"https:\/\/vitoria.cnt.es\/mh\/wp-json\/wp\/v2\/media\/796"}],"wp:attachment":[{"href":"https:\/\/vitoria.cnt.es\/mh\/wp-json\/wp\/v2\/media?parent=792"}],"wp:term":[{"taxonomy":"category","embeddable":true,"href":"https:\/\/vitoria.cnt.es\/mh\/wp-json\/wp\/v2\/categories?post=792"},{"taxonomy":"post_tag","embeddable":true,"href":"https:\/\/vitoria.cnt.es\/mh\/wp-json\/wp\/v2\/tags?post=792"}],"curies":[{"name":"wp","href":"https:\/\/api.w.org\/{rel}","templated":true}]}}