{"id":908,"date":"2015-06-10T15:19:30","date_gmt":"2015-06-10T15:19:30","guid":{"rendered":"http:\/\/vitoria.cnt.es\/mh\/?p=908"},"modified":"2020-07-01T00:57:47","modified_gmt":"2020-07-01T00:57:47","slug":"dias-de-memoria-1-de-marzo-de-1909-nacimiento-de-angel-ruiz-de-pinedo-gonzalez","status":"publish","type":"post","link":"https:\/\/vitoria.cnt.es\/mh\/dias-de-memoria-1-de-marzo-de-1909-nacimiento-de-angel-ruiz-de-pinedo-gonzalez\/","title":{"rendered":"1 de marzo de 1909. <\/br>Nace \u00c1NGEL RUIZ DE PINEDO GONZ\u00c1LEZ"},"content":{"rendered":"<figure id=\"attachment_911\" aria-describedby=\"caption-attachment-911\" style=\"width: 250px\" class=\"wp-caption alignleft\"><a href=\"http:\/\/vitoria.cnt.es\/mh\/wp-content\/uploads\/sites\/2\/2015\/06\/angel-ruiz-de-pinedo-gonzalez.jpg\"><img loading=\"lazy\" decoding=\"async\" class=\"wp-image-911\" title=\"\u00c1ngel Adri\u00e1n Ruiz de Pinedo Gonz\u00e1lez\" src=\"http:\/\/vitoria.cnt.es\/mh\/wp-content\/uploads\/sites\/2\/2015\/06\/angel-ruiz-de-pinedo-gonzalez-216x300.jpg\" alt=\"\u00c1ngel Adri\u00e1n Ruiz de Pinedo Gonz\u00e1lez\" width=\"250\" height=\"348\" srcset=\"https:\/\/vitoria.cnt.es\/mh\/wp-content\/uploads\/sites\/2\/2015\/06\/angel-ruiz-de-pinedo-gonzalez-216x300.jpg 216w, https:\/\/vitoria.cnt.es\/mh\/wp-content\/uploads\/sites\/2\/2015\/06\/angel-ruiz-de-pinedo-gonzalez-736x1024.jpg 736w, https:\/\/vitoria.cnt.es\/mh\/wp-content\/uploads\/sites\/2\/2015\/06\/angel-ruiz-de-pinedo-gonzalez-17x24.jpg 17w, https:\/\/vitoria.cnt.es\/mh\/wp-content\/uploads\/sites\/2\/2015\/06\/angel-ruiz-de-pinedo-gonzalez-26x36.jpg 26w, https:\/\/vitoria.cnt.es\/mh\/wp-content\/uploads\/sites\/2\/2015\/06\/angel-ruiz-de-pinedo-gonzalez-34x48.jpg 34w, https:\/\/vitoria.cnt.es\/mh\/wp-content\/uploads\/sites\/2\/2015\/06\/angel-ruiz-de-pinedo-gonzalez.jpg 1034w\" sizes=\"auto, (max-width: 250px) 100vw, 250px\" \/><\/a><figcaption id=\"caption-attachment-911\" class=\"wp-caption-text\">\u00c1ngel Adri\u00e1n Ruiz de Pinedo Gonz\u00e1lez<\/figcaption><\/figure>\n<p>&nbsp;<\/p>\n<p>El uno de marzo de 1909 naci\u00f3 en Vitoria \u00c1ngel Adri\u00e1n Ruiz de Pinedo Gonz\u00e1lez, anarquista y confederal, m\u00e9dico de profesi\u00f3n, como Isaac Puente (de quien fue amigo fraterno) y C\u00e1ndido L\u00f3pez de Ull\u00edvarri, los tres confederales y anarquistas en \u00c1lava, para desmentir el t\u00f3pico de que la CNT era una banda de desharrapados.<\/p>\n<p>Estudi\u00f3 el bachillerato en el instituto de su ciudad natal y medicina en Oviedo (1923-1924), Barcelona (1924-1929), donde se subi\u00f3 al carro libertario, y Santiago (1929-1932). En la ciudad gallega ocup\u00f3 la presidencia con su fundaci\u00f3n del Sindicato de Sanidad de la CNT en 1931.<\/p>\n<p>Ejerci\u00f3 la medicina en la localidad alavesa de Pobes, y desde all\u00ed se desplazaba a Maeztu, lugar de residencia de Puente, y Vitoria en bicicleta.<\/p>\n<p>Detenido en diferentes ocasiones y de modo relevante en enero de 1933 (implicado en el oscuro asunto de las bombas de Igualada, preso gubernativo desde el 18 de enero) y el 23 de julio de 1933 en redada contra los confederales ordenada por la direcci\u00f3n general de seguridad que llev\u00f3 a m\u00e1s de sesenta militantes (Pedro Olazagutia, Braulio Quintana, Nicol\u00e1s Gonz\u00e1lez, V\u00edctor Varela, Isaac Puente, Bernab\u00e9 Villambiste, David Alday, Albino Arp\u00f3n, Constantino Garc\u00eda, Antonio Hern\u00e1ndez, Faustino Herrera, Sabino Landa, Antonio L\u00f3pez de Calle, Joaqu\u00edn Manzano, F\u00e9lix Ruiz, Teodosio San Miguel entre otros) a la c\u00e1rcel y clausur\u00f3 la sede del sindicato vitoriano, en t\u00edpica razzia de amedrentamiento hacia quienes no bajaban la cabeza ante el poder constituido.<\/p>\n<p>Sublevado el fascio en 1936, fue encarcelado en Vitoria (28 de julio) y despu\u00e9s encerrado en el campo de concentraci\u00f3n de Miranda de Ebro, juzgado y condenado el 29 de febrero de 1940 a tan solo cuatro a\u00f1os porque cont\u00f3 con avalistas influyentes y ya la fiebre asesina hab\u00eda amainado y se le concedi\u00f3 la libertad atenuada ese mismo mes.<\/p>\n<p>En los a\u00f1os siguientes se mantuvo correoso en la clandestinidad hasta su detenci\u00f3n y encarcelamiento el 23 de agosto de 1945, en incursi\u00f3n policial que alcanz\u00f3 a una veintena de resistentes (Fidel Arenchadieta, Manuel Canto, Mariano D\u00edez, Antonio Galdeano, Francisco Glar\u00eda, Eustaquio Iracheta, Isidro Manso, Clemente Mart\u00ednez, Pablo Moreno, Ferm\u00edn Muruz\u00e1bal, Modesto Navarrete, J. J. Ruiz de Gauna, \u00c1ngel Ruiz de Pinedo, Octavio Salazar, Jos\u00e9 Santiago, Rufino Trincado, Antonio Vera Arroyuelo, Jes\u00fas Villa) acusados todos de asociaci\u00f3n il\u00edcita y propaganda ilegal.<\/p>\n<p>Se le liber\u00f3 el 24 de noviembre y al poco tom\u00f3 el camino de Francia (tras casarse en febrero de 1946 con Felisa Bartolom\u00e9 Berasategui).<\/p>\n<p>Asentado en Venezuela desde el dos de septiembre de 1948 (residi\u00f3 sucesivamente en Caracas, San Carlos y M\u00e9rida), obtuvo la nacionalidad venezolana en 1953 y trabaj\u00f3 en su profesi\u00f3n entregado sobre todo a la prevenci\u00f3n de la tuberculosis.<\/p>\n<p>Pr\u00f3ximo ya su fin, retorn\u00f3 a Vitoria en 1973, donde falleci\u00f3 el siete de mayo de 1975. Est\u00e1 enterrado en el pante\u00f3n familiar del cementerio de Santa Isabel.<\/p>\n","protected":false},"excerpt":{"rendered":"<p>&nbsp; El uno de marzo de 1909 naci\u00f3 en Vitoria \u00c1ngel Adri\u00e1n Ruiz de Pinedo Gonz\u00e1lez, anarquista y confederal, m\u00e9dico de profesi\u00f3n, como Isaac Puente (de quien fue amigo fraterno) y C\u00e1ndido L\u00f3pez de Ull\u00edvarri, los tres confederales y anarquistas &hellip; <\/p>\n","protected":false},"author":2,"featured_media":911,"comment_status":"closed","ping_status":"open","sticky":false,"template":"","format":"standard","meta":{"jetpack_post_was_ever_published":false,"_jetpack_newsletter_access":"","_jetpack_dont_email_post_to_subs":false,"_jetpack_newsletter_tier_id":0,"_jetpack_memberships_contains_paywalled_content":false,"_jetpack_memberships_contains_paid_content":false,"footnotes":"","jetpack_publicize_message":"","jetpack_publicize_feature_enabled":true,"jetpack_social_post_already_shared":true,"jetpack_social_options":{"image_generator_settings":{"template":"highway","enabled":false},"version":2}},"categories":[7],"tags":[9],"class_list":["post-908","post","type-post","status-publish","format-standard","has-post-thumbnail","hentry","category-dias-de-memoria","tag-dias-de-memoria"],"jetpack_publicize_connections":[],"jetpack_featured_media_url":"https:\/\/vitoria.cnt.es\/mh\/wp-content\/uploads\/sites\/2\/2015\/06\/angel-ruiz-de-pinedo-gonzalez.jpg","jetpack_sharing_enabled":true,"jetpack_shortlink":"https:\/\/wp.me\/p58fhe-eE","_links":{"self":[{"href":"https:\/\/vitoria.cnt.es\/mh\/wp-json\/wp\/v2\/posts\/908","targetHints":{"allow":["GET"]}}],"collection":[{"href":"https:\/\/vitoria.cnt.es\/mh\/wp-json\/wp\/v2\/posts"}],"about":[{"href":"https:\/\/vitoria.cnt.es\/mh\/wp-json\/wp\/v2\/types\/post"}],"author":[{"embeddable":true,"href":"https:\/\/vitoria.cnt.es\/mh\/wp-json\/wp\/v2\/users\/2"}],"replies":[{"embeddable":true,"href":"https:\/\/vitoria.cnt.es\/mh\/wp-json\/wp\/v2\/comments?post=908"}],"version-history":[{"count":10,"href":"https:\/\/vitoria.cnt.es\/mh\/wp-json\/wp\/v2\/posts\/908\/revisions"}],"predecessor-version":[{"id":2454,"href":"https:\/\/vitoria.cnt.es\/mh\/wp-json\/wp\/v2\/posts\/908\/revisions\/2454"}],"wp:featuredmedia":[{"embeddable":true,"href":"https:\/\/vitoria.cnt.es\/mh\/wp-json\/wp\/v2\/media\/911"}],"wp:attachment":[{"href":"https:\/\/vitoria.cnt.es\/mh\/wp-json\/wp\/v2\/media?parent=908"}],"wp:term":[{"taxonomy":"category","embeddable":true,"href":"https:\/\/vitoria.cnt.es\/mh\/wp-json\/wp\/v2\/categories?post=908"},{"taxonomy":"post_tag","embeddable":true,"href":"https:\/\/vitoria.cnt.es\/mh\/wp-json\/wp\/v2\/tags?post=908"}],"curies":[{"name":"wp","href":"https:\/\/api.w.org\/{rel}","templated":true}]}}