{"id":928,"date":"2015-06-26T11:41:09","date_gmt":"2015-06-26T11:41:09","guid":{"rendered":"http:\/\/vitoria.cnt.es\/mh\/?p=928"},"modified":"2020-06-30T23:37:20","modified_gmt":"2020-06-30T23:37:20","slug":"dias-de-memoria-22-de-mayo-de-1938-fuga-del-fuerte-de-san-cristobal","status":"publish","type":"post","link":"https:\/\/vitoria.cnt.es\/mh\/dias-de-memoria-22-de-mayo-de-1938-fuga-del-fuerte-de-san-cristobal\/","title":{"rendered":"22 de mayo de 1938. <\/br>FUGA DEL FUERTE DE SAN CRIST\u00d3BAL"},"content":{"rendered":"<figure id=\"attachment_929\" aria-describedby=\"caption-attachment-929\" style=\"width: 550px\" class=\"wp-caption alignleft\"><a href=\"http:\/\/vitoria.cnt.es\/mh\/wp-content\/uploads\/sites\/2\/2015\/06\/fuerte_de_san_cristobal.jpg\"><img loading=\"lazy\" decoding=\"async\" class=\"wp-image-929\" src=\"http:\/\/vitoria.cnt.es\/mh\/wp-content\/uploads\/sites\/2\/2015\/06\/fuerte_de_san_cristobal-300x143.jpg\" alt=\"Fuerte de San Crist\u00f3bal\" title=\"Fuerte de San Crist\u00f3bal\" width=\"550\" height=\"263\" srcset=\"https:\/\/vitoria.cnt.es\/mh\/wp-content\/uploads\/sites\/2\/2015\/06\/fuerte_de_san_cristobal-300x143.jpg 300w, https:\/\/vitoria.cnt.es\/mh\/wp-content\/uploads\/sites\/2\/2015\/06\/fuerte_de_san_cristobal-24x11.jpg 24w, https:\/\/vitoria.cnt.es\/mh\/wp-content\/uploads\/sites\/2\/2015\/06\/fuerte_de_san_cristobal-36x17.jpg 36w, https:\/\/vitoria.cnt.es\/mh\/wp-content\/uploads\/sites\/2\/2015\/06\/fuerte_de_san_cristobal-48x23.jpg 48w, https:\/\/vitoria.cnt.es\/mh\/wp-content\/uploads\/sites\/2\/2015\/06\/fuerte_de_san_cristobal.jpg 640w\" sizes=\"auto, (max-width: 550px) 100vw, 550px\" \/><\/a><figcaption id=\"caption-attachment-929\" class=\"wp-caption-text\">Fuerte de San Crist\u00f3bal<br \/>Berrioplano (Navarra)<\/figcaption><\/figure>\n<p>&nbsp;<\/p>\n<p>El 22 de mayo de 1938 tuvo lugar la fuga del Fuerte de San Crist\u00f3bal, la evasi\u00f3n m\u00e1s numerosa de presos en la historia de Europa: 795 personas buscaron la libertad. El fuerte ubicado en el monte Ezkaba, pr\u00f3ximo a Pamplona, proyectado como fortaleza militar, pronto tornada obsoleta, pas\u00f3 a convertirse en prisi\u00f3n. Durante la guerra lleg\u00f3 a acoger a m\u00e1s de dos mil presos en su inmensa mayor\u00eda pol\u00edticos. El hambre, las enfermedades y las penalidades la hicieron insoportable, motivos principales de la fuga. El 22 de mayo de 1938 un grupo de reclusos tras haberse apoderado de parte del recinto, abri\u00f3 las puertas que daban al exterior y por all\u00ed escaparon los 795 indicados. La fuga fue velozmente detectada y la persecuci\u00f3n fue implacable: a 207 se les aplic\u00f3 la ley de fugas (asesinados sobre el terreno), 585 fueron capturados y en los d\u00edas siguientes torturados y 14 fueron condenados a muerte y fusilados en Pamplona, 8-9-1938, acusados de promotores. S\u00f3lo tres, Jovino Fern\u00e1ndez (cenetista leon\u00e9s), Jose Marinero y Valentin Lorenzo, consiguieron alcanzar Francia y con ello la ansiada libertad. M\u00e1s de la mitad de los presos no quiso huir por estar convencidos de que se trataba de una trampa urdida por los carceleros para aniquilarlos. Vista la presteza con que fue abortada, la eficacia con que los represores actuaron y los terribles resultados cosechados no es descartable que la direcci\u00f3n del presidio tuviera conocimiento de la misma y la \u201cpermitiera\u201d. Los carceleros estaban bien pertrechados para la caza. Los que no quisieron huir tuvieron la raz\u00f3n de su parte.<\/p>\n<p>En San Crist\u00f3bal penaron en alg\u00fan momento de sus vidas numerosos confederales alaveses: Jos\u00e9 Aguirre, Francisco de Armentia, Joaqu\u00edn Arr\u00f3yabe, Tom\u00e1s Gaona, Macario Garc\u00eda de Alb\u00e9niz, Segundo Hern\u00e1ndez, Tom\u00e1s Herreros, Emilio Ibisate, Lavier Lezana, Salvador L\u00f3pez de de Arcaute, Jorge Lopez de Vicu\u00f1a, Alejandro Mardones, Tom\u00e1s Mardones, M\u00e1ximo Sainz, \u00c1ngel Santamar\u00eda, \u00c1ngel, Jos\u00e9 y Saturnino Sauquillo, Jos\u00e9 Vidal, Angel, Gerardo y Rafael Viyuela.<\/p>\n<p>Cinco de ellos fueron asesinados en el infausto d\u00eda de la fuga: Joaqu\u00edn Arroyabe Alegr\u00eda, Segundo Hern\u00e1ndez Blanco, Emilio Ibisate Mart\u00ednez de Apell\u00e1niz, Alejandro Mardones Llorente y M\u00e1ximo Sainz Plaza. Otros cuatro corrieron la misma suerte en esa erg\u00e1stula en otras fechas: Francisco de Armentia Benito, Jorge L\u00f3pez de Vicu\u00f1a Mart\u00ednez de Apell\u00e1niz, Tom\u00e1s Mardones Llorente y \u00c1ngel Santamar\u00eda Legaria.<\/p>\n<p>San Crist\u00f3bal. Fuerte, fortaleza y c\u00e1rcel. Hambre, enfermedades y torturas. Cementerio para nueve confederales alaveses.<\/p>\n","protected":false},"excerpt":{"rendered":"<p>&nbsp; El 22 de mayo de 1938 tuvo lugar la fuga del Fuerte de San Crist\u00f3bal, la evasi\u00f3n m\u00e1s numerosa de presos en la historia de Europa: 795 personas buscaron la libertad. El fuerte ubicado en el monte Ezkaba, pr\u00f3ximo &hellip; <\/p>\n","protected":false},"author":2,"featured_media":929,"comment_status":"closed","ping_status":"open","sticky":false,"template":"","format":"standard","meta":{"jetpack_post_was_ever_published":false,"_jetpack_newsletter_access":"","_jetpack_dont_email_post_to_subs":false,"_jetpack_newsletter_tier_id":0,"_jetpack_memberships_contains_paywalled_content":false,"_jetpack_memberships_contains_paid_content":false,"footnotes":"","jetpack_publicize_message":"","jetpack_publicize_feature_enabled":true,"jetpack_social_post_already_shared":true,"jetpack_social_options":{"image_generator_settings":{"template":"highway","enabled":false},"version":2}},"categories":[7],"tags":[9],"class_list":["post-928","post","type-post","status-publish","format-standard","has-post-thumbnail","hentry","category-dias-de-memoria","tag-dias-de-memoria"],"jetpack_publicize_connections":[],"jetpack_featured_media_url":"https:\/\/vitoria.cnt.es\/mh\/wp-content\/uploads\/sites\/2\/2015\/06\/fuerte_de_san_cristobal.jpg","jetpack_sharing_enabled":true,"jetpack_shortlink":"https:\/\/wp.me\/p58fhe-eY","_links":{"self":[{"href":"https:\/\/vitoria.cnt.es\/mh\/wp-json\/wp\/v2\/posts\/928","targetHints":{"allow":["GET"]}}],"collection":[{"href":"https:\/\/vitoria.cnt.es\/mh\/wp-json\/wp\/v2\/posts"}],"about":[{"href":"https:\/\/vitoria.cnt.es\/mh\/wp-json\/wp\/v2\/types\/post"}],"author":[{"embeddable":true,"href":"https:\/\/vitoria.cnt.es\/mh\/wp-json\/wp\/v2\/users\/2"}],"replies":[{"embeddable":true,"href":"https:\/\/vitoria.cnt.es\/mh\/wp-json\/wp\/v2\/comments?post=928"}],"version-history":[{"count":7,"href":"https:\/\/vitoria.cnt.es\/mh\/wp-json\/wp\/v2\/posts\/928\/revisions"}],"predecessor-version":[{"id":2446,"href":"https:\/\/vitoria.cnt.es\/mh\/wp-json\/wp\/v2\/posts\/928\/revisions\/2446"}],"wp:featuredmedia":[{"embeddable":true,"href":"https:\/\/vitoria.cnt.es\/mh\/wp-json\/wp\/v2\/media\/929"}],"wp:attachment":[{"href":"https:\/\/vitoria.cnt.es\/mh\/wp-json\/wp\/v2\/media?parent=928"}],"wp:term":[{"taxonomy":"category","embeddable":true,"href":"https:\/\/vitoria.cnt.es\/mh\/wp-json\/wp\/v2\/categories?post=928"},{"taxonomy":"post_tag","embeddable":true,"href":"https:\/\/vitoria.cnt.es\/mh\/wp-json\/wp\/v2\/tags?post=928"}],"curies":[{"name":"wp","href":"https:\/\/api.w.org\/{rel}","templated":true}]}}