{"id":939,"date":"2015-07-13T09:06:38","date_gmt":"2015-07-13T09:06:38","guid":{"rendered":"http:\/\/vitoria.cnt.es\/mh\/?p=939"},"modified":"2020-07-01T00:47:29","modified_gmt":"2020-07-01T00:47:29","slug":"la-historia-del-crudo-invierno-a-la-florida-primavera","status":"publish","type":"post","link":"https:\/\/vitoria.cnt.es\/mh\/la-historia-del-crudo-invierno-a-la-florida-primavera\/","title":{"rendered":"DEL CRUDO INVIERNO A LA FLORIDA PRIMAVERA"},"content":{"rendered":"<h3><strong>1. La dictadura de Primo de Rivera<\/strong><\/h3>\n<p>La dictadura de Primo de Rivera (13-9-1923 \/ 28-1-1930) supone la desarticulaci\u00f3n casi total de la CNT, ilegalizada por el dictador, cuyos militantes m\u00e1s prestigiosos pasan a la clandestinidad, a los presidios o al exilio. En Vitoria las cosas no debieron de ser tan duras o al menos supo capear el temporal con dignidad. Cierto que la actividad societaria se redujo, pero las noticias concernientes al ejercicio de la solidaridad hacia presos y represaliados nos hablan de un pujante activismo.<\/p>\n<figure id=\"attachment_970\" aria-describedby=\"caption-attachment-970\" style=\"width: 300px\" class=\"wp-caption alignright\"><a href=\"http:\/\/vitoria.cnt.es\/mh\/wp-content\/uploads\/sites\/2\/2015\/07\/recorte_solidaridad_obrera_18-12-1923.jpg\"><img loading=\"lazy\" decoding=\"async\" class=\"wp-image-970\" title=\"Recorte Solidaridad Obrera 18-12-1923\" src=\"http:\/\/vitoria.cnt.es\/mh\/wp-content\/uploads\/sites\/2\/2015\/07\/recorte_solidaridad_obrera_18-12-1923-187x300.jpg\" alt=\"Recorte Solidaridad Obrera 18-12-1923\" width=\"300\" height=\"481\" srcset=\"https:\/\/vitoria.cnt.es\/mh\/wp-content\/uploads\/sites\/2\/2015\/07\/recorte_solidaridad_obrera_18-12-1923-187x300.jpg 187w, https:\/\/vitoria.cnt.es\/mh\/wp-content\/uploads\/sites\/2\/2015\/07\/recorte_solidaridad_obrera_18-12-1923-15x24.jpg 15w, https:\/\/vitoria.cnt.es\/mh\/wp-content\/uploads\/sites\/2\/2015\/07\/recorte_solidaridad_obrera_18-12-1923-22x36.jpg 22w, https:\/\/vitoria.cnt.es\/mh\/wp-content\/uploads\/sites\/2\/2015\/07\/recorte_solidaridad_obrera_18-12-1923-30x48.jpg 30w, https:\/\/vitoria.cnt.es\/mh\/wp-content\/uploads\/sites\/2\/2015\/07\/recorte_solidaridad_obrera_18-12-1923.jpg 412w\" sizes=\"auto, (max-width: 300px) 100vw, 300px\" \/><\/a><figcaption id=\"caption-attachment-970\" class=\"wp-caption-text\">Despedidos en las obras del cuartel, Vitoria.<br \/>Recorte de <em>Solidaridad Obrera<\/em>, 18 de diciembre de 1923<\/figcaption><\/figure>\n<p>En diciembre de 1923 desde Vitoria se lamentan (lo consideran vergonzoso) de lo sucedido en las obras del cuartel: despedidos cuarenta obreros sin que nadie reaccionara, y de seguido otros ochenta sin ninguna respuesta\u2026y lo achacan a la desorganizaci\u00f3n por lo que piden a los trabajadores \u00abIngresad, pues, en el Sindicato y ser\u00e9is fuertes para vencer\u00bb<a class=\"enlaceNotaAlPie\" href=\"#nota1\" name=\"enlaceNota1\"><sup>1<\/sup><\/a>.<\/p>\n<p>En enero de 1924<a class=\"enlaceNotaAlPie\" href=\"#nota2\" name=\"enlaceNota2\"><sup>2<\/sup><\/a> leemos en <em>Solidaridad Obrera<\/em> una llamada a los metal\u00fargicos a ingresar en el Sindicato, al tiempo que se critica, la realizaci\u00f3n de horas extraordinarias que, aplicado a la f\u00e1brica <em>La Metal\u00fargica<\/em> donde trabajan unos 280 obreros, de no hacerse supondr\u00eda dar trabajo a al menos 17 obreros m\u00e1s. La llamada termina as\u00ed \u00abCon la reuni\u00f3n de los trabajadores se termina con la desigualdad social\u00bb.<\/p>\n<p>En la primavera de 1924<a class=\"enlaceNotaAlPie\" href=\"#nota3\" name=\"enlaceNota3\"><sup>3<\/sup><\/a> se publican en <em>Solidaridad Obrera<\/em> un par de art\u00edculos, uno firmado por Juan de \u00c1lava (seguramente Juan de Aranguren) y otro por la Juventud Sindicalista de Vitoria, sobre un tema puesto de actualidad por Juan Renold desde Barcelona: la necesidad de crear unas Juventudes Sindicalistas. El grupo de Vitoria escribe que se han constituido para propagar la cultura entre la clase trabajadora y mantener inc\u00f3lumes los principios de la CNT, que la CNT pasa por una vida ag\u00f3nica debida al capitalismo por un lado y a los partidarios del moscovismo por otro, pero no hay que culparlos (es su obligaci\u00f3n), la culpa es nuestra por no poner en pr\u00e1ctica \u00abnuestras voluntades\u00bb, por no haber constituido las Juventudes anteriormente\u2026, hay que crearlas ahora con urgencia y necesidad. El tema, desaparecida <em>Solidaridad Obrera<\/em>, mantendr\u00e1 su inter\u00e9s durante el a\u00f1o siguiente ahora en las p\u00e1ginas de su sustituta <em>Solidaridad Proletaria<\/em><a class=\"enlaceNotaAlPie\" href=\"#nota4\" name=\"enlaceNota4\"><sup>4<\/sup><\/a>.<\/p>\n<p>En octubre de 1924 una treintena de militantes desde Vitoria env\u00edan dinero para Villalonga, preso y enfermo en El Dueso, tal como se\u00f1ala <em>Solidaridad Obrera<\/em> de La Coru\u00f1a<a class=\"enlaceNotaAlPie\" href=\"#nota5\" name=\"enlaceNota5\"><sup>5<\/sup><\/a>. Sus nombres nos sirven para conocer a una parte de la militancia a esas alturas: Juli\u00e1n Alarcia, Le\u00f3n Alcalde, Al\u00fatiz, Blas \u00c1lvarez, Alberto Andino, A. Anguiano, F\u00e9lix Ant\u00f3n, Pedro Bas\u00e1\u00f1ez, Miguel, Fabio y Pablo Brea, A. Cerrajer\u00eda, Anselmo y Ciriaco Fern\u00e1ndez, Jes\u00fas Garc\u00eda, Ant\u00f3n y F\u00e9lix Gonz\u00e1lez, M. Hernando, Miguel Jimeno, Nemesio Lerma, Heliodoro L\u00f3pez, Maj\u00edn, J. Mayo, Sim\u00f3n Men\u00e9ndez, Dionisio Morado, Prudencio Otegui, Pedro Pe\u00f1a, Heliodoro P\u00e9rez, M. Pompo, Pedro Puelles, Atanasio Rituerto, Julio y Sebasti\u00e1n Ruiz, F. Samaniego, Soto, Yorus, y Francisco Vallejo. .En 1925, ya lo hemos indicado anteriormente, los militantes de Vitoria se interesan por el devenir de las Juventudes Sindicalistas y critican algunas actitudes socialistas<a class=\"enlaceNotaAlPie\" href=\"#nota6\" name=\"enlaceNota6\"><sup>6<\/sup><\/a>. En la suscripci\u00f3n pro-presos de <em>La Revista Blanca<\/em>, a\u00f1os 1.925-1.928, aparece con inusual frecuencia Vitoria, bien a nivel de grupos (<em>Juventud Sindicalista<\/em>, <em>Comit\u00e9 pro-presos<\/em>, <em>Juventud Libertaria<\/em>), bien a t\u00edtulo individual (Isaac Puente, F\u00e9lix Ruiz, Fausto Villamor y Andr\u00e9s Sarrate). En 1928 leemos una carta de los obreros de Vitoria a <em>La Revista Blanca<\/em> apoyando su campa\u00f1a pro presos<a class=\"enlaceNotaAlPie\" href=\"#nota7\" name=\"enlaceNota7\"><sup>7<\/sup><\/a>, cuesti\u00f3n matizada por <span style=\"font-size: 1.125rem;\">el Comit\u00e9 del Sindicato \u00danico en el n\u00famero 128 de la misma publicaci\u00f3n. A esas alturas el Sindicato \u00danico resist\u00eda en la clandestinidad (clausurado desde 1926)<\/span><a class=\"enlaceNotaAlPie\" href=\"#nota8\" name=\"enlaceNota8\"><sup>8<\/sup><\/a><span style=\"font-size: 1.125rem;\">. Todo lo cual garantiza la existencia de una CNT y de un movimiento libertario en Vitoria durante el periodo de clandestinidad. Noticias orales aseguran que durante esos a\u00f1os hubo algunos grupos especialmente movidos en la consecuci\u00f3n de fondos que dulcificaran la estancia de los presos en las c\u00e1rceles e incluso apuntan a Andr\u00e9s Sarrate como mentor de los mismos. Nada hemos documentado.<\/span><\/p>\n<h3><strong>2. La dictablanda de D\u00e1maso Berenguer<\/strong><\/h3>\n<p>Dimitido Primo de Rivera, D\u00e1maso Berenguer preside el nuevo Gobierno (30 de enero de 1930) que durar\u00e1 hasta el 15 de febrero de 1931 en que el almirante Aznar lo sustituye y convoca elecciones municipales para el doce de abril que, celebradas, acarrean la ca\u00edda de la Monarqu\u00eda de Alfonso XIII.<\/p>\n<figure id=\"attachment_981\" aria-describedby=\"caption-attachment-981\" style=\"width: 250px\" class=\"wp-caption alignleft\"><a href=\"http:\/\/vitoria.cnt.es\/mh\/wp-content\/uploads\/sites\/2\/2015\/07\/recorte_la_libertad_18-7-1930.jpg\"><img loading=\"lazy\" decoding=\"async\" class=\"wp-image-981\" title=\"Recorte La Libertad 18-7-1930\" src=\"http:\/\/vitoria.cnt.es\/mh\/wp-content\/uploads\/sites\/2\/2015\/07\/recorte_la_libertad_18-7-1930-144x300.jpg\" alt=\"Recorte La Libertad 18-7-1930\" width=\"250\" height=\"521\" srcset=\"https:\/\/vitoria.cnt.es\/mh\/wp-content\/uploads\/sites\/2\/2015\/07\/recorte_la_libertad_18-7-1930-144x300.jpg 144w, https:\/\/vitoria.cnt.es\/mh\/wp-content\/uploads\/sites\/2\/2015\/07\/recorte_la_libertad_18-7-1930-12x24.jpg 12w, https:\/\/vitoria.cnt.es\/mh\/wp-content\/uploads\/sites\/2\/2015\/07\/recorte_la_libertad_18-7-1930-17x36.jpg 17w, https:\/\/vitoria.cnt.es\/mh\/wp-content\/uploads\/sites\/2\/2015\/07\/recorte_la_libertad_18-7-1930-23x48.jpg 23w, https:\/\/vitoria.cnt.es\/mh\/wp-content\/uploads\/sites\/2\/2015\/07\/recorte_la_libertad_18-7-1930.jpg 293w\" sizes=\"auto, (max-width: 250px) 100vw, 250px\" \/><\/a><figcaption id=\"caption-attachment-981\" class=\"wp-caption-text\">Pol\u00e9mica con la sociedad de alba\u00f1iles de UGT y la comisi\u00f3n para la desaparici\u00f3n de los festivos.<br \/>Recorte de <em>La Libertad<\/em>, 18 de julio de 1930<\/figcaption><\/figure>\n<p>Muy pronto se confirma que los libertarios de Vitoria est\u00e1n organizados. En marzo de 1930, como se dice en otro lugar, la CNT se manten\u00eda en la clandestinidad, cuatro a\u00f1os ya clausurada su sede. Es, de nuevo, la prensa libertaria gallega la que nos informa de que el 2 de mayo, convocada por una comisi\u00f3n reorganizadora, en el Centro Republicano se celebr\u00f3 una asamblea presidida por Atanasio Rituerto con asistencia de 350 obreros que acord\u00f3: reabrir el sindicato, enviar un saludo a los presos y represaliados y pedir la ampliaci\u00f3n de la amnist\u00eda y la revisi\u00f3n de los delitos sociales<a class=\"enlaceNotaAlPie\" href=\"#nota9\" name=\"enlaceNota9\"><sup>9<\/sup><\/a>. Una segunda asamblea en el mismo mes aprueba reglamentos y elige comit\u00e9 local<a class=\"enlaceNotaAlPie\" href=\"#nota10\" name=\"enlaceNota10\"><sup>10<\/sup><\/a> y casi de inmediato la reci\u00e9n constituida comisi\u00f3n pro cultura y propaganda llama a los sindicatos del Norte a celebrar una asamblea regional y elegir un comit\u00e9<a class=\"enlaceNotaAlPie\" href=\"#nota11\" name=\"enlaceNota11\"><sup>11<\/sup><\/a>. En junio el Sindicato \u00danico en las p\u00e1ginas de <em>La Libertad<\/em> fija su postura en lo referido a un conflicto en la f\u00e1brica Sierras Alavesas<a class=\"enlaceNotaAlPie\" href=\"#nota12\" name=\"enlaceNota12\"><sup>12<\/sup><\/a>: el sindicato no ha pedido mejoras al patr\u00f3n, Ezequiel Peci\u00f1a, las peticiones de mejora las han solicitado los obreros de esa empresa, una comisi\u00f3n de los cuales se present\u00f3 ante el Comit\u00e9 del Sindicato \u00danico \u00abexponiendo quejas y vejaciones que tiempo ha vienen soportando, y para ello, solicitaban de nosotros si les podr\u00edamos prestar el domicilio social para reunirse y presentar al patrono se\u00f1or Peci\u00f1a las peticiones que estos d\u00edas se est\u00e1n discutiendo entre ambas parles litigantes\u00bb el Sindicato \u00danico reunido en asamblea acord\u00f3 prestarles ayuda moral y si llegara el caso material<a class=\"enlaceNotaAlPie\" href=\"#nota13\" name=\"enlaceNota13\"><sup>13<\/sup><\/a>.<\/p>\n<p>La progresi\u00f3n del sindicato anarcosindicalista se confirma en julio: pol\u00e9mica con la sociedad de alba\u00f1iles de UGT<a class=\"enlaceNotaAlPie\" href=\"#nota14\" name=\"enlaceNota14\"><sup>14<\/sup><\/a>. La CNT (a trav\u00e9s de Atanasio Rituerto) rechaza que su directiva haya sido tratada desconsiderada mente, pero admite que algunos confederales, como meros asamble\u00edstas, increparon la t\u00e1ctica de la UGT y del PSOE.<\/p>\n<p>El 7 de agosto en los locales del sindicato se celebra una conferencia que preside Orille y en la que hablan Ram\u00f3n Mart\u00ednez y Manuel Fern\u00e1ndez Vallejo<a class=\"enlaceNotaAlPie\" href=\"#nota15\" name=\"enlaceNota15\"><sup>15<\/sup><\/a>. Y ya los primeros conflictos con la UGT, en esta ocasi\u00f3n centrados en el ramo de la construcci\u00f3n<a class=\"enlaceNotaAlPie\" href=\"#nota16\" name=\"enlaceNota16\"><sup>16<\/sup><\/a>. Ese mismo mes CNT comunica que Mart\u00ednez Arag\u00f3n no ejerce de abogado en el sindicato y solicita del gobernador la liberaci\u00f3n de compa\u00f1eros presos y permiso para celebrar un mitin pro amnist\u00eda<a class=\"enlaceNotaAlPie\" href=\"#nota17\" name=\"enlaceNota17\"><sup>17<\/sup><\/a>.<\/p>\n<p>Los citados Atanasio Rituerto, Daniel Orille e Isaac Puente marcar\u00e1n la l\u00ednea ideol\u00f3gica de la CNT en los siguientes a\u00f1os y ejercer\u00e1n de corresponsales para <em>Solidaridad Obrera<\/em>, pero la mesa era grande y necesitada de m\u00e1s patas y las tuvo en los menos conocidos, no menos beligerantes e influyentes, Andr\u00e9s Sarrate, Mariano Guti\u00e9rrez, Nicasio de Marcos, Primitivo L\u00f3pez, Cosme Garc\u00eda, Roque Angulo, Isauro Hidalgo, Antonio Di\u00e9guez y, como se ver\u00e1, otros muchos que sin excepciones habitar\u00e1n las erg\u00e1stulas republicanas.<\/p>\n<h3><strong>La huelga general de octubre de 1930<\/strong><\/h3>\n<p>La CNT estaba organizada, bien organizada y contaba en esta segunda mitad de 1930 con militancia numerosa y batalladora. La huelga de octubre<a class=\"enlaceNotaAlPie\" href=\"#nota18\" name=\"enlaceNota18\"><sup>18<\/sup><\/a> lo confirmar\u00eda, tambi\u00e9n que aspiraba a la hegemon\u00eda obrera. El detonante se sit\u00faa en una huelga de los trabajadores de la construcci\u00f3n contratados en las obras de derribo de los cuarteles viejos y del levantamiento del nuevo edificio de Telef\u00f3nica. El motivo parece haber sido la expulsi\u00f3n de tres trabajadores por reparto de hojas clandestinas. Uno de ellos se someti\u00f3 al arbitraje del comit\u00e9 paritario, pero los otros dos se negaron en redondo y exig\u00edan su readmisi\u00f3n. El Sindicato \u00danico de la CNT rechazaba esos comit\u00e9s y defend\u00eda la acci\u00f3n directa, o sea, la soluci\u00f3n del problema sin injerencias, directamente entre patrono y sindicato. Hab\u00eda por tanto mucho de enfrentamiento ideol\u00f3gico y de t\u00e1cticas de lucha<a class=\"enlaceNotaAlPie\" href=\"#nota19\" name=\"enlaceNota19\"><sup>19<\/sup><\/a>.<\/p>\n<figure id=\"attachment_982\" aria-describedby=\"caption-attachment-982\" style=\"width: 450px\" class=\"wp-caption alignright\"><a href=\"http:\/\/vitoria.cnt.es\/mh\/wp-content\/uploads\/sites\/2\/2015\/07\/antiguos_cuarteles_san_francisco-vitoria.jpg\"><img loading=\"lazy\" decoding=\"async\" class=\"wp-image-982\" title=\"Antiguos cuarteles de San Francisco\" src=\"http:\/\/vitoria.cnt.es\/mh\/wp-content\/uploads\/sites\/2\/2015\/07\/antiguos_cuarteles_san_francisco-vitoria-300x200.jpg\" alt=\"Antiguos cuarteles de San Francisco\" width=\"450\" height=\"301\" srcset=\"https:\/\/vitoria.cnt.es\/mh\/wp-content\/uploads\/sites\/2\/2015\/07\/antiguos_cuarteles_san_francisco-vitoria-300x200.jpg 300w, https:\/\/vitoria.cnt.es\/mh\/wp-content\/uploads\/sites\/2\/2015\/07\/antiguos_cuarteles_san_francisco-vitoria-24x16.jpg 24w, https:\/\/vitoria.cnt.es\/mh\/wp-content\/uploads\/sites\/2\/2015\/07\/antiguos_cuarteles_san_francisco-vitoria-36x24.jpg 36w, https:\/\/vitoria.cnt.es\/mh\/wp-content\/uploads\/sites\/2\/2015\/07\/antiguos_cuarteles_san_francisco-vitoria-48x32.jpg 48w, https:\/\/vitoria.cnt.es\/mh\/wp-content\/uploads\/sites\/2\/2015\/07\/antiguos_cuarteles_san_francisco-vitoria.jpg 1016w\" sizes=\"auto, (max-width: 450px) 100vw, 450px\" \/><\/a><figcaption id=\"caption-attachment-982\" class=\"wp-caption-text\">Antiguos cuarteles de San Francisco en Vitoria<\/figcaption><\/figure>\n<p>Al poco se convirti\u00f3 en huelga general de todo el ramo de la construcci\u00f3n y casi de inmediato en huelga general que paraliz\u00f3 la ciudad. A comienzos de octubre de 1930<a class=\"enlaceNotaAlPie\" href=\"#nota20\" name=\"enlaceNota20\"><sup>20<\/sup><\/a> la UGT visita al gobernador para manifestarle que sus afiliados deseaban entrar al trabajo en las obras del edificio de la Telef\u00f3nica y los cuarteles, pero que no pod\u00edan hacerlo por las coacciones ejercidas por el comit\u00e9 de huelga del Sindicato \u00danico. El gobernador da orden terminante a los agentes para que impidan las supuestas coacciones y que tengan en cuenta que debe considerarse facciosos a los que se opongan. De seguido el gobernador recibe la visita de los patronos-contratistas, hermanos Eguinoa, que le dan cuenta de que no saben qu\u00e9 es lo que desean los obreros ya que no han concretado sus peticiones. El gobernador el d\u00eda 4 mand\u00f3 a la guardia civil de a pie y a caballo, guardias de seguridad y polic\u00eda a las obras para proteger a los potenciales esquiroles y detuvieron a Mois\u00e9s Ruiz acusado ce coacciones, al intentar impedir que otro trabajara, y a Atanasio Rituerto, acusado de desorden p\u00fablico<a class=\"enlaceNotaAlPie\" href=\"#nota21\" name=\"enlaceNota21\"><sup>21<\/sup><\/a>.<\/p>\n<p>En <em>La Libertad<\/em>, 3-10-1930, se exponen las posiciones de UGT (piden protecci\u00f3n para trabajar y eludir las coacciones del SU), del gobernador y de la patronal. El Gobernador manifiesta que desde el primer momento de la huelga hab\u00eda dado orden a los agentes de su autoridad para que garantizasen la libertad de trabajo y que hab\u00eda acordado con el fiscal que a los obreros que no se presentasen el lunes al trabajo se les considerase facciosos y se les procesase. Los patronos piden que se respete la libertad del trabajo y que el asunto se solvente por medio de los comit\u00e9s paritarios, pero, bien informados, constatan que el Sindicato \u00danico rechaza esa mediaci\u00f3n. El periodista a\u00f1ade que ayer se celebr\u00f3 una reuni\u00f3n en el ayuntamiento convocada por el Comit\u00e9 Paritario a la que acudi\u00f3 buen n\u00famero de huelguistas, pero que a pesar de que la mayor\u00eda estaba por volver al trabajo, no se tom\u00f3 acuerdo alguno. En el ejemplar del 4-10-1930 se fija la posici\u00f3n de CNT (escrito firmado por Jos\u00e9 Garc\u00eda, en nombre del comit\u00e9 de huelga, y por el presidente de la CNT, Antonio Di\u00e9guez, que desmiente a la UGT: ni hay coacciones, ni hay comit\u00e9 de CNT, sino comit\u00e9 de huelga elegido en asamblea, asamblea que ha rechazado los comit\u00e9s paritarios.<\/p>\n<p>El ultim\u00e1tum gubernamental no sirvi\u00f3 de mucho (estaba claro que hab\u00eda sobrevalorado la fuerza de los otros sindicatos, de la patronal y de los comit\u00e9s paritarios) y el Sindicato \u00danico convoc\u00f3 huelga general del ramo para el d\u00eda ocho a la que no se sumaron ni UGT ni los Sindicatos Cat\u00f3licos<a class=\"enlaceNotaAlPie\" href=\"#nota22\" name=\"enlaceNota22\"><sup>22<\/sup><\/a>. El asunto se complic\u00f3 y a la salida del despacho con el ministro el subsecretario de gobernaci\u00f3n fue interpelado al haber anunciado un peri\u00f3dico que se hab\u00eda intentado asaltar el gobierno civil de Vitoria. El subsecretario afirm\u00f3 que se hab\u00edan desnaturalizado los hechos y que lo \u00fanico sucedido era que el presidente de una sociedad obrera se hab\u00eda situado en la puerta del Gobierno civil a pronunciar un discurso en tonos exaltados y hab\u00eda sido detenido y entonces un grupo de obreros que le acompa\u00f1aba protest\u00f3 ante lo cual se present\u00f3 una pareja de la guardia civil que disolvi\u00f3 al mencionado grupo y detuvieron a una quincena de sus componentes<a class=\"enlaceNotaAlPie\" href=\"#nota23\" name=\"enlaceNota23\"><sup>23<\/sup><\/a>. El conflicto hab\u00eda llegado hasta Madrid y desde luego la prensa le otorg\u00f3 bastante m\u00e1s relevancia que la deseada por el pol\u00edtico. <em>La Vanguardia<\/em> (en art\u00edculos firmados por su corresponsal Sancho) contaba lo siguiente:<br \/>\n\u00abComo estaba anunciado hoy a mediod\u00eda (se refiere al d\u00eda ocho) se plante\u00f3 la huelga general del ramo de construcci\u00f3n, cumpliendo el acuerdo del Sindicato \u00danico. Varios grupos distribuy\u00e9ronse por la poblaci\u00f3n, invitando al paro a los obreros de varios talleres que tienen conexi\u00f3n con dicho ramo. Aunque opusi\u00e9ronse varios en principio, dejaron el trabajo, y a partir de este momento comenzaron los incidentes. El gobernador dispuso la detenci\u00f3n del presidente del Sindicato \u00danico, con cuya firma fueron distribuidas las hojas invitando a la huelga. Enterados los huelguistas dirigi\u00e9ronse en tumultuosa manifestaci\u00f3n al edificio del Gobierno civil, donde hall\u00e1base el presidente, con el prop\u00f3sito de liberarlo. Fuerzas de seguridad y guardia civil lo impidieron, iniciando cargas. Los grupos se internaron en las calles estrechas de la parte vieja de la ciudad, retando a seguirles a los guardias. Estos, conociendo el prop\u00f3sito de agredirles tomaron las bocacalles, logrando detener a siete u ocho. Algunas mujeres protestaron, siendo detenidas dos. El gobernador asegura que emplear\u00e1 la mayor energ\u00eda para evitar coacciones y alteraci\u00f3n de orden.\u00bb<a class=\"enlaceNotaAlPie\" href=\"#nota24\" name=\"enlaceNota24\"><sup>24<\/sup><\/a><\/p>\n<figure id=\"attachment_1210\" aria-describedby=\"caption-attachment-1210\" style=\"width: 450px\" class=\"wp-caption alignleft\"><a href=\"http:\/\/vitoria.cnt.es\/mh\/wp-content\/uploads\/sites\/2\/2016\/03\/derribo_san_francisco-vitoria-1930.jpg\"><img loading=\"lazy\" decoding=\"async\" class=\"wp-image-1210\" title=\"Derribo del convento de San Francisco en Vitoria\" src=\"http:\/\/vitoria.cnt.es\/mh\/wp-content\/uploads\/sites\/2\/2016\/03\/derribo_san_francisco-vitoria-1930-300x225.jpg\" alt=\"Derribo del convento de San Francisco en Vitoria\" width=\"450\" height=\"338\" srcset=\"https:\/\/vitoria.cnt.es\/mh\/wp-content\/uploads\/sites\/2\/2016\/03\/derribo_san_francisco-vitoria-1930-300x225.jpg 300w, https:\/\/vitoria.cnt.es\/mh\/wp-content\/uploads\/sites\/2\/2016\/03\/derribo_san_francisco-vitoria-1930-700x525.jpg 700w, https:\/\/vitoria.cnt.es\/mh\/wp-content\/uploads\/sites\/2\/2016\/03\/derribo_san_francisco-vitoria-1930-24x18.jpg 24w, https:\/\/vitoria.cnt.es\/mh\/wp-content\/uploads\/sites\/2\/2016\/03\/derribo_san_francisco-vitoria-1930-36x27.jpg 36w, https:\/\/vitoria.cnt.es\/mh\/wp-content\/uploads\/sites\/2\/2016\/03\/derribo_san_francisco-vitoria-1930-48x36.jpg 48w, https:\/\/vitoria.cnt.es\/mh\/wp-content\/uploads\/sites\/2\/2016\/03\/derribo_san_francisco-vitoria-1930.jpg 1024w\" sizes=\"auto, (max-width: 450px) 100vw, 450px\" \/><\/a><figcaption id=\"caption-attachment-1210\" class=\"wp-caption-text\">Derribo del convento de San Francisco en Vitoria, en 1930<\/figcaption><\/figure>\n<p>El corresponsal de <em>La Vanguardia<\/em> sigue exponiendo la situaci\u00f3n en los d\u00edas siguientes: \u00abDesde anoche se dec\u00eda que hoy (se refiere al d\u00eda nueve) se ordenar\u00eda por el Sindicato \u00danico la huelga general. Anoche se reunieron los sindicalistas en el campo, en Monte el Pico, y al ser cercados por la guardia civil huyeron en todas direcciones y a las dos de la tarde se distribuyeron por la ciudad grupos compuestos de cinco o seis que lograron cerrar caf\u00e9s, comercios, tiendas, talleres, f\u00e1bricas y peri\u00f3dicos pese a la presencia de parejas de la guardia civil de a pie y de caballo, y fuerzas de seguridad y polic\u00eda. No se han registrado incidentes violentos. La ciudad presenta triste aspecto, pero la tranquilidad es absoluta. A \u00faltima hora de la tarde comisiones de la UGT y del sindicato de obreros cat\u00f3licos en su entrevista con el gobernador han acordado reanudar el trabajo el s\u00e1bado. Algunas detenciones. La banda Municipal se retira entre silbidos atronadores.\u00bb<\/p>\n<p>El corresponsal Sancho sigui\u00f3 informando de la marcha de los acontecimientos (a los que rebajaba el tono el Ministro de la Gobernaci\u00f3n) y bajo el ep\u00edgrafe \u00abSe agravan las huelgas de Vitoria\u00bb escribe: \u00abContin\u00faa la huelga en todos los ramos del trabajo en las f\u00e1bricas y talleres, agravada por los sucesos que se han prodigado durante el d\u00eda, en los que primeramente varios grupos de mujeres salieron al encuentro de los abastecedores de leche arrebat\u00e1ndoles sus recipientes y volcando el l\u00edquido. Lo mismo hicieron con los carros que tra\u00edan verduras, frutas, hortalizas y carb\u00f3n, e igualmente volcaron los carros de basuras, arrebatando a los conductores los \u00fatiles de limpieza y destroz\u00e1ndolos. Otro grupo de hombres pretendi\u00f3 asaltar el matadero para apoderarse de la carne y tirarla, pero hallaron cerradas las puertas y ventanas, que trataron de violentarlas sin conseguirlo, por lo cual arrojaron gran cantidad de piedras\u201d. Intervino la fuerza p\u00fablica vi\u00e9ndose agredida y obligada a hacer varios disparos. De Bilbao vinieron treinta o cuarenta sindicalistas que se unieron a los alborotadores. En la refriega result\u00f3 herido por una bala en el tobillo un huelguista, que fue curado y conducido a la c\u00e1rcel. La guardia dispar\u00f3 hacia las calles de la Correr\u00eda y al de la Zapater\u00eda.\u00bb<a class=\"enlaceNotaAlPie\" href=\"#nota25\" name=\"enlaceNota25\"><sup>25<\/sup><\/a><\/p>\n<p>El d\u00eda once comienzan a normalizarse las cosas<a class=\"enlaceNotaAlPie\" href=\"#nota26\" name=\"enlaceNota26\"><sup>26<\/sup><\/a>, primero con la vuelta al trabajo de los afiliados al Sindicato Cat\u00f3lico, mientras no lo hac\u00edan los de la UGT a la espera de una votaci\u00f3n, que finalmente decidi\u00f3 la vuelta al trabajo, aun cuando lo mayoritario fueron las abstenciones, para el lunes d\u00eda trece. No obstante la polic\u00eda segu\u00eda persiguiendo a la CNT: detenci\u00f3n de Victoriano Francisco Elvira (tras el hallazgo de una multicopista en Asteguieta con la que supuestamente se imprimieron las hojas clandestinas distribuidas durante el conflicto), b\u00fasqueda de Atanasio Rituerto y del tesorero del Sindicato \u00danico.<\/p>\n<p><em>Heraldo Alav\u00e9s<\/em>, portavoz de los tradicionalistas (conglomerado de Casa Social Cat\u00f3lica y Hermandad Alavesa), 11-10-1930, titul\u00f3 en primera p\u00e1gina \u00abHuelga en Vitoria\u00bb y habl\u00f3 de tres d\u00edas de sobresalto. Le dol\u00eda especialmente la no publicaci\u00f3n del peri\u00f3dico. Contaba lo sucedido en t\u00e9rminos semejantes a <em>La Vanguardia<\/em> (con alguna mayor precisi\u00f3n en cuesti\u00f3n de detalles: los reunidos en Monte Pico eran doscientos, el herido de bala se llamaba Pedro Arr\u00f3yabe Fern\u00e1ndez y era natural de Gopegui, el muerto a manos de las fuerzas del orden respond\u00eda al nombre de Gonzalo Est\u00edbaliz Castresana de 56 a\u00f1os, empleado del ayuntamiento, etc. En el ejemplar del d\u00eda 13-10-1930 da la huelga por terminada tras el plebiscito celebrado en la sede de la UGT: se acord\u00f3 por 669 contra 261 volver al trabajo, con 3.000 abstenciones, siempre que se liberara a los detenidos<a class=\"enlaceNotaAlPie\" href=\"#nota27\" name=\"enlaceNota27\"><sup>27<\/sup><\/a>. Insertaba un comunicado de la patronal que sin duda en sus tres puntos dej\u00f3 muy satisfechos a los militantes de la CNT: 1-Reingreso de los despedidos, 2-Rechazo de los comit\u00e9s paritarios en tanto no cuenten con la presencia del Sindicato \u00danico, 3-Pedir la liberaci\u00f3n de los detenidos.<\/p>\n<figure id=\"attachment_990\" aria-describedby=\"caption-attachment-990\" style=\"width: 250px\" class=\"wp-caption alignright\"><a href=\"http:\/\/vitoria.cnt.es\/mh\/wp-content\/uploads\/sites\/2\/2015\/07\/recorte_heraldo_alaves_13-10-1930.jpg\"><img loading=\"lazy\" decoding=\"async\" class=\"wp-image-990\" title=\"Recorte Heraldo Alav\u00e9s 13-10-1930\" src=\"http:\/\/vitoria.cnt.es\/mh\/wp-content\/uploads\/sites\/2\/2015\/07\/recorte_heraldo_alaves_13-10-1930-158x300.jpg\" alt=\"Recorte Heraldo Alav\u00e9s 13-10-1930\" width=\"250\" height=\"475\" srcset=\"https:\/\/vitoria.cnt.es\/mh\/wp-content\/uploads\/sites\/2\/2015\/07\/recorte_heraldo_alaves_13-10-1930-158x300.jpg 158w, https:\/\/vitoria.cnt.es\/mh\/wp-content\/uploads\/sites\/2\/2015\/07\/recorte_heraldo_alaves_13-10-1930-13x24.jpg 13w, https:\/\/vitoria.cnt.es\/mh\/wp-content\/uploads\/sites\/2\/2015\/07\/recorte_heraldo_alaves_13-10-1930-19x36.jpg 19w, https:\/\/vitoria.cnt.es\/mh\/wp-content\/uploads\/sites\/2\/2015\/07\/recorte_heraldo_alaves_13-10-1930-25x48.jpg 25w, https:\/\/vitoria.cnt.es\/mh\/wp-content\/uploads\/sites\/2\/2015\/07\/recorte_heraldo_alaves_13-10-1930.jpg 510w\" sizes=\"auto, (max-width: 250px) 100vw, 250px\" \/><\/a><figcaption id=\"caption-attachment-990\" class=\"wp-caption-text\">Comunicado de la patronal para finalizar la huelga de Octubre de 1930 en Vitoria.<br \/>Recorte de <em>Heraldo Alav\u00e9s<\/em>, 13 de octubre de 1930<\/figcaption><\/figure>\n<p><em>Solidaridad Obrera<\/em>, 11-10-1930 inform\u00f3 bajo el t\u00edtulo \u00abLos grandes conflictos sociales. En Vitoria.\u00bb gui\u00e1ndose por la agencia Atlante en t\u00e9rminos semejantes, subrayando que los detenidos rondaban el centenar y que el \u00faltimo d\u00eda veinte m\u00e1s hab\u00edan ingresado en la c\u00e1rcel.<\/p>\n<p>El conflicto se da por solucionado el d\u00eda 13 cuando m\u00e1s del noventa por ciento de los huelguistas volvieron al trabajo cumpliendo lo que las sociedades obreras hab\u00edan acordado en plebiscito, los tres puntos aceptados por la patronal, el concerniente al gobernador: la liberaci\u00f3n de los presos gubernativos. En la c\u00e1rcel permanec\u00edan los sujetos a procedimiento militar por agresi\u00f3n a la fuerza armada<a class=\"enlaceNotaAlPie\" href=\"#nota28\" name=\"enlaceNota28\"><sup>28<\/sup><\/a>. Un triunfo en toda regla para el Sindicato \u00danico.<\/p>\n<p>Su \u00e9xito fue una demostraci\u00f3n de fuerza tanto m\u00e1s que cont\u00f3 con la oposici\u00f3n de UGT y los sindicatos cat\u00f3licos que invitados por el Sindicato \u00danico a secundar la huelga de la construcci\u00f3n, rechazaron la invitaci\u00f3n<a class=\"enlaceNotaAlPie\" href=\"#nota29\" name=\"enlaceNota29\"><sup>29<\/sup><\/a>. Tambi\u00e9n confirm\u00f3 que las autoridades no olvidan y las persecuciones contra el Sindicato \u00danico de la CNT se generalizaron en los siguientes meses, abusando la autoridad gubernativa de detenciones, encarcelamientos y cierres de su sede social.<\/p>\n<p>Apenas terminada la huelga, Vitoria asiste a la Conferencia de CNT de Madrid. Convocada para los d\u00edas 15-17 de octubre de 1930, fue suspendida, noticia que lleg\u00f3 cuando bastantes delegados ya hab\u00edan alcanzado Madrid por lo que pese a todo decidieron reunirse y acordaron ratificar los postulados del sindicalismo revolucionario y rechazar el colaboracionismo pol\u00edtico<a class=\"enlaceNotaAlPie\" href=\"#nota30\" name=\"enlaceNota30\"><sup>30<\/sup><\/a>. La CNT vitoriana permanecer\u00e1 fiel durante los a\u00f1os republicanos<a class=\"enlaceNotaAlPie\" href=\"#nota31\" name=\"enlaceNota31\"><sup>31<\/sup><\/a> a ese acuerdo, de hecho ya hab\u00eda cumplido anticipadamente con hechos.<\/p>\n<p>El final de a\u00f1o conoci\u00f3 en nuestra ciudad diversos conflictos laborales: constructores de carros<a class=\"enlaceNotaAlPie\" href=\"#nota32\" name=\"enlaceNota32\"><sup>32<\/sup><\/a>, hojalateros<a class=\"enlaceNotaAlPie\" href=\"#nota33\" name=\"enlaceNota33\"><sup>33<\/sup><\/a>, metal\u00fargicos, panaderos. El a\u00f1o acab\u00f3 con la decisi\u00f3n por parte del gobernador de levantar el cierre de la Federaci\u00f3n de Sociedades Obreras<a class=\"enlaceNotaAlPie\" href=\"#nota34\" name=\"enlaceNota34\"><sup>34<\/sup><\/a>, medida que no alcanz\u00f3 a la CNT<a class=\"enlaceNotaAlPie\" href=\"#nota35\" name=\"enlaceNota35\"><sup>35<\/sup><\/a> y con la huelga general por los sucesos de Jaca<a class=\"enlaceNotaAlPie\" href=\"#nota36\" name=\"enlaceNota36\"><sup>36<\/sup><\/a>. El gobernador militar de \u00c1lava, general Javier Azpillaga, el d\u00eda 15 declar\u00f3 el estado de guerra, tal como sus colegas en el resto de Espa\u00f1a. La huelga general declarada alcanz\u00f3 cierto \u00e9xito, pero no perturb\u00f3 la calma ciudadana: se detuvo a varias personas por fijar pasquines (Luciano L\u00f3pez Arana y Antonio P\u00e9rez Ochoa), a algunas otras de creencias republicanas (Santos Ib\u00e1\u00f1ez Moreno y Francisco Langarica Segura y al abogado Juli\u00e1n Apraiz) y a bastantes confederales: Roberto Bernain, Jes\u00fas Lezama, Fernando L\u00f3pez de Calle, Nicomedes Luna, Juan Mart\u00edn, Florencio Mart\u00ednez de Anto\u00f1ana, Atanasio Rituerto, Victoriano Segura) y se clausur\u00f3 la sede del Sindicato \u00danico, confirm\u00e1ndose as\u00ed que nadie se mov\u00eda tanto contra el antiguo r\u00e9gimen como los anarquistas. Los pol\u00edticos republicanos cuando poco despu\u00e9s alcanzaron el poder, pronto olvidaron a qui\u00e9n fundamentalmente lo deb\u00edan.<\/p>\n<h3><strong>Comienzos de 1931<\/strong><\/h3>\n<p>El 15 de enero de 1931 el ayuntamiento, con el fin de retener a los obreros parados, coloc\u00e1ndolos en la brigada municipal dedicada a arreglos de las calles y transformaci\u00f3n del antiguo seminario en escuelas, ante la falta de presupuesto pedir\u00e1 una subvenci\u00f3n a la caja de ahorros<a class=\"enlaceNotaAlPie\" href=\"#nota37\" name=\"enlaceNota37\"><sup>37<\/sup><\/a>. La cuesti\u00f3n de la crisis de trabajo con su secuela de obreros parados se convertir\u00e1 en tema recurrente y permanente en los siguientes a\u00f1os que unos trataban de resolver mediante suscripciones caritativas y la beneficencia, otros mediante la distribuci\u00f3n de subsidios, y otros, en especial la CNT, mediante el reparto del trabajo. Con el paso de los meses tendr\u00e1 relevancia en la ciudad el activismo de los obreros sin trabajo y veremos una y otra vez a una comisi\u00f3n de los mismos moverse buscando soluci\u00f3n a su desesperada situaci\u00f3n<a class=\"enlaceNotaAlPie\" href=\"#nota38\" name=\"enlaceNota38\"><sup>38<\/sup><\/a>.<\/p>\n<p>Por otro lado estaba el asunto de los presos por las luchas sociales, importante en grado sumo para la CNT, y no desde\u00f1able para la Federaci\u00f3n de Sociedades Obreras (UGT) si quer\u00eda contar con audiencia entre los obreros m\u00e1s combativos.<\/p>\n<figure id=\"attachment_992\" aria-describedby=\"caption-attachment-992\" style=\"width: 300px\" class=\"wp-caption alignright\"><a href=\"http:\/\/vitoria.cnt.es\/mh\/wp-content\/uploads\/sites\/2\/2015\/07\/ideal_cinema_vitoria-1925.jpg\"><img loading=\"lazy\" decoding=\"async\" class=\"wp-image-992\" title=\"Ideal Cinema de Vitoria\" src=\"http:\/\/vitoria.cnt.es\/mh\/wp-content\/uploads\/sites\/2\/2015\/07\/ideal_cinema_vitoria-1925-196x300.jpg\" alt=\"Ideal Cinema de Vitoria\" width=\"300\" height=\"459\" srcset=\"https:\/\/vitoria.cnt.es\/mh\/wp-content\/uploads\/sites\/2\/2015\/07\/ideal_cinema_vitoria-1925-196x300.jpg 196w, https:\/\/vitoria.cnt.es\/mh\/wp-content\/uploads\/sites\/2\/2015\/07\/ideal_cinema_vitoria-1925-669x1024.jpg 669w, https:\/\/vitoria.cnt.es\/mh\/wp-content\/uploads\/sites\/2\/2015\/07\/ideal_cinema_vitoria-1925-16x24.jpg 16w, https:\/\/vitoria.cnt.es\/mh\/wp-content\/uploads\/sites\/2\/2015\/07\/ideal_cinema_vitoria-1925-24x36.jpg 24w, https:\/\/vitoria.cnt.es\/mh\/wp-content\/uploads\/sites\/2\/2015\/07\/ideal_cinema_vitoria-1925-31x48.jpg 31w, https:\/\/vitoria.cnt.es\/mh\/wp-content\/uploads\/sites\/2\/2015\/07\/ideal_cinema_vitoria-1925.jpg 1045w\" sizes=\"auto, (max-width: 300px) 100vw, 300px\" \/><\/a><figcaption id=\"caption-attachment-992\" class=\"wp-caption-text\">Ideal Cinema de Vitoria en 1925<\/figcaption><\/figure>\n<p>El a\u00f1o de 1931 empez\u00f3 con la prohibici\u00f3n del mitin pro presos que hab\u00eda de tener lugar en el Ideal Cinema el 15 de febrero<a class=\"enlaceNotaAlPie\" href=\"#nota39\" name=\"enlaceNota39\"><sup>39<\/sup><\/a>. En contraste con el permiso dado a una manifestaci\u00f3n con la misma finalidad organizada por socialistas y republicanos a comienzos de marzo. <em>La Vanguardia<\/em> informaba que \u00abLa Federaci\u00f3n de Sociedades Obreras celebr\u00f3 anoche (cuatro de marzo) una asamblea para tratar de las nuevas gestiones que deben realizarse para conseguir la libertad de los presos afiliados a consecuencia de los sucesos de diciembre, acord\u00e1ndose que, sin previo aviso, la Federaci\u00f3n de \u00e9sta pueda convocar una asamblea magna de juntas directivas para que tomen las determinaciones que estimen pertinentes en vista del resultado, si fuese negativo, haci\u00e9ndose constar que esto no implica en modo alguno asomos de amenaza para las autoridades, precisamente porque la Federaci\u00f3n quiere a todo trance evitar conflictos\u00bb<a class=\"enlaceNotaAlPie\" href=\"#nota40\" name=\"enlaceNota40\"><sup>40<\/sup><\/a>. La CNT no cont\u00f3 con la misma benevolencia del poder y permaneci\u00f3 clausurada hasta la implantaci\u00f3n de la Rep\u00fablica<a class=\"enlaceNotaAlPie\" href=\"#nota41\" name=\"enlaceNota41\"><sup>41<\/sup><\/a>.<\/p>\n<p>Paralelamente la patronal del metal (siete de marzo) distribu\u00eda hojas recomendando al elemento obrero que no se dejase seducir por los que todo lo f\u00edan a las algaradas. Lo cierto es que el d\u00eda siete los manifestantes recorrieron la ciudad y el gobernador se comprometi\u00f3 a elevar las peticiones al Gobierno, mientras el capit\u00e1n general de la regi\u00f3n parec\u00eda mostrarse moderadamente receptivo. Pero una semana despu\u00e9s las gestiones se sent\u00edan fracasadas y los presos declararon su prop\u00f3sito de declararse en huelga de hambre, suspendida al prometer el gobernador insistir en sus gestiones y mostrar su apoyo los socialistas pendientes ya de la conjunci\u00f3n electoral republicano-socialista (la Federaci\u00f3n de Sociedades Obras acord\u00f3 apoyar esa coalici\u00f3n, y en adelante su independencia se limit\u00f3 mucho, m\u00e1s entregada a la pol\u00edtica que al sindicato)<a class=\"enlaceNotaAlPie\" href=\"#nota42\" name=\"enlaceNota42\"><sup>42<\/sup><\/a>. El 4 de abril en el Front\u00f3n Vitoriano se celebra un mitin pro amnist\u00eda con participaci\u00f3n republicana, socialista y confederal en el que subieron a la tribuna Ram\u00f3n Aldasoro, Caballero, Enrique de Francisco, Juli\u00e1n Zugazagoitia, Daniel Orille y Manuel Fern\u00e1ndez Vallejo, los dos \u00faltimos por CNT<a class=\"enlaceNotaAlPie\" href=\"#nota43\" name=\"enlaceNota43\"><sup>43<\/sup><\/a>. Lo cierto es que a comienzos de abril el capit\u00e1n general orden\u00f3 la libertad provisional de seis de los encarcelados al tiempo que se juzgaba a \u00c1ngel y Gregorio D\u00edaz, acusados del delito de insulto a fuerza armada<a class=\"enlaceNotaAlPie\" href=\"#nota44\" name=\"enlaceNota44\"><sup>44<\/sup><\/a>. Y ya no hubo m\u00e1s. Desde el 14 de abril los tiempos ser\u00e1n republicanos y los presos abandonar\u00e1n las erg\u00e1stulas.<\/p>\n<p align=\"right\"><em>Miguel \u00cd\u00f1iguez y Juan G\u00f3mez Per\u00edn<\/em><\/p>\n<hr \/>\n<p><span class=\"notaAlPie\"><a class=\"destinoNotaAlPie\" href=\"#enlaceNota1\" name=\"nota1\"><sup>1<\/sup><\/a> <em>Solidaridad Obrera<\/em>, 18-12-1923. Una referencia secundaria encontramos en <em>Solidaridad Obrera<\/em>, 23-9-1923: la Junta del Sindicato \u00danico de Trabajadores de Vitoria avisa de la llegada a Barcelona de un traidor vendido a la burgues\u00eda que ha creado problemas entre los compa\u00f1eros del ramo de la Construcci\u00f3n de Pamplona y Vitoria, su nombre Ram\u00f3n Montaner.<\/span><\/p>\n<p><span class=\"notaAlPie\"><a class=\"destinoNotaAlPie\" href=\"#enlaceNota2\" name=\"nota2\"><sup>2<\/sup><\/a> <em>Solidaridad Obrera<\/em>, 29-1-1924, publica firmado por El corresponsal, el art\u00edculo \u00abA los obreros metal\u00fargicos\u00bb. Recuerda la huelga de metal\u00fargicos de septiembre-noviembre de 1919, valorada, por sus adeptos, como un triunfo socialista, uno de cuyos acuerdos con la patronal fue la de recuperar a raz\u00f3n de media hora diaria las fiestas de entre semana cuando de seguir las tesis y m\u00e9todos del Sindicato \u00danico deber\u00edan haber cobrado su semanada completa sin m\u00e1s historias.<\/span><\/p>\n<p><span class=\"notaAlPie\"><a class=\"destinoNotaAlPie\" href=\"#enlaceNota3\" name=\"nota3\"><sup>3<\/sup><\/a> <em>Solidaridad Obrera<\/em>, 18-3-1924, 4-4-1924.<\/span><\/p>\n<p><span class=\"notaAlPie\"><a class=\"destinoNotaAlPie\" href=\"#enlaceNota4\" name=\"nota4\"><sup>4<\/sup><\/a> <em>Solidaridad Proletaria<\/em>, 7-3-1925. La mentada Juventud Sindicalista de Vitoria argumenta en favor de la extensi\u00f3n de las Juventudes por un lado para impedir que la CNT caiga en manos de los pol\u00edticos, por otro para sacar a la juventud de la indiferencia y el deporte y pide que se proceda a crearlas ya en el Norte. Esta obsesi\u00f3n vitoriana, como vemos casi diariamene, se mantiene en 2015, En <em>Solidaridad Proletaria<\/em>, 15-3-1925, un no identificado \u00abSol Naciente\u00bb redacta el art\u00edculo <em>\u00abLa juventud en marcha\u00bb<\/em> en el que leemos que no propone ning\u00fan programa, que lo que se debe hacer es trabajar para que el campesino nos comprenda y venga a nosotros, y ense\u00f1ar a la mujer las ideas de superaci\u00f3n y bienestar social para que en vez de enemiga sea compa\u00f1era, y pide finalmente que debe constituirse la FJSE (Federaci\u00f3n de Juventudes Sindicalistas de Espa\u00f1a).<\/span><\/p>\n<p><span class=\"notaAlPie\"><a class=\"destinoNotaAlPie\" href=\"#enlaceNota5\" name=\"nota5\"><sup>5<\/sup><\/a> <em>Solidaridad Obrera<\/em>, La Coru\u00f1a, 25-10-1924.<\/span><\/p>\n<p><span class=\"notaAlPie\"><a class=\"destinoNotaAlPie\" href=\"#enlaceNota6\" name=\"nota6\"><sup>6<\/sup><\/a> <em>Solidaridad Proletaria<\/em>, 25-4-1925. Citado art\u00edculo de Atanasio Rituerto que recuerda la traidora actuaci\u00f3n del jefe socialista de 1920, ahora aceptado por los \u00absocialistas revolucionarios (Largo, Llaneza)\u00bb. Para el firmante una m\u00e1s de las vejaciones y traiciones de que ha sido objeto el socialismo por parte de la Federaci\u00f3n de Sociedades Obreras (l\u00e9ase socialistas). El oportunismo socialista ser\u00e1 muy censurado por la CNT, ya que no debe olvidarse que mientras la CNT padec\u00eda persecuci\u00f3n, la UGT se aprovechaba de la situaci\u00f3n manteniendo buenas relaciones con el dictador. Atanasio Rituerto volver\u00e1 a recordarlo en 1930.<\/span><\/p>\n<p><span class=\"notaAlPie\"><a class=\"destinoNotaAlPie\" href=\"#enlaceNota7\" name=\"nota7\"><sup>7<\/sup><\/a> <em>La Revista Blanca<\/em>, 127.<\/span><\/p>\n<p><span class=\"notaAlPie\"><a class=\"destinoNotaAlPie\" href=\"#enlaceNota8\" name=\"nota8\"><sup>8<\/sup><\/a> En <em>La Libertad<\/em>, 20-3-1930, se publica una carta firmada por una Comisi\u00f3n constituida con Orille, Isauro Hidalgo y Rituerto en la que leemos que han solicitado del Gobernador el fin de la injustificada clausura del SU desde hace cuatro a\u00f1os y que el poncio, por no ser competente, les ha remitido al ministerio de Gobernaci\u00f3n, y as\u00ed lo han hecho.<\/span><\/p>\n<p><span class=\"notaAlPie\"><a class=\"destinoNotaAlPie\" href=\"#enlaceNota9\" name=\"nota9\"><sup>9<\/sup><\/a> <em>\u00a1Despertad!<\/em>, 103, Vigo, 17-5-1930.<\/span><\/p>\n<p><span class=\"notaAlPie\"><a class=\"destinoNotaAlPie\" href=\"#enlaceNota10\" name=\"nota10\"><sup>10<\/sup><\/a> <em>\u00a1Despertad!<\/em>, 105, Vigo, 31-5-1930.<\/span><\/p>\n<p><span class=\"notaAlPie\"><a class=\"destinoNotaAlPie\" href=\"#enlaceNota11\" name=\"nota11\"><sup>11<\/sup><\/a> <em>\u00a1Despertad!<\/em>, 112, Vigo, 19-7-1930.<\/span><\/p>\n<p><span class=\"notaAlPie\"><a class=\"destinoNotaAlPie\" href=\"#enlaceNota12\" name=\"nota12\"><sup>12<\/sup><\/a> <em>La Libertad<\/em>, 10-6-1930, carta firmada por Orille como presidente y Rituerto como vicesecretario del sindicato, y una segunda firmada por el Comit\u00e9 del Sindicato \u00danico.<\/span><\/p>\n<p><span class=\"notaAlPie\"><a class=\"destinoNotaAlPie\" href=\"#enlaceNota13\" name=\"nota13\"><sup>13<\/sup><\/a> En <em>La Libertad<\/em>, 7-6-1930, se dice que el director gerente Ezequiel Peci\u00f1a reconoce justificada la petici\u00f3n de mejora de salario, pero que no pactar\u00eda con el Sindicato \u00danico porque s\u00f3lo reconoc\u00eda a la UGT y el Sindicato Cat\u00f3lico, que no ten\u00eda inconveniente en entrar en tratos con comisiones nombradas en los talleres, y que no pod\u00eda contestar a las peticiones del Sindicato \u00danico porque apenas hab\u00eda obreros afectos al mismo.<br \/>\n<em>La Libertad<\/em>, 9-6-1930, informa que una comisi\u00f3n de obreros de Sierras Alavesas ha visitado al gobernador para comunicarle que se han desligado del Sindicato \u00danico. El gobernador les pide que nombren una comisi\u00f3n que dialogue con el patr\u00f3n Peci\u00f1a.<br \/>\nEl asunto se volvi\u00f3 confuso con rectificaciones y aclaraciones por parte del gerente, de CNT y del periodista informante.<\/span><\/p>\n<p><span class=\"notaAlPie\"><a class=\"destinoNotaAlPie\" href=\"#enlaceNota14\" name=\"nota14\"><sup>14<\/sup><\/a> En <em>La Libertad<\/em>, 22-7-1930 la respuesta de Rituerto. En el ejemplar de 18-7-1930, la queja de la Sociedad de Alba\u00f1iles de UGT: nombrada una comisi\u00f3n para que se reuniera con el SU para tratar de la eliminaci\u00f3n de las fiestas, como lesivas para los obreros, fue maltratada por algunos militantes del SU. Con todo las relaciones del SU con la Sociedad de Alba\u00f1iles de UGT fueron sin duda las m\u00e1s cordiales tenidas con cualquier otro sindicato o ente pol\u00edtico durante los a\u00f1os siguientes. Las relaciones a nivel global con la UGT fueron m\u00e1s bien tensas, propias de quienes compiten por un mismo sector de trabajadores. El SU se encontraba con demasiada frecuencia en las huelgas y conflictos no solo con la oposici\u00f3n de los sindicatos cat\u00f3lico y nacionalista (a este Orille lo consideraba un sindicato libre al servicio de la patronal como en Catalu\u00f1a) sino tambi\u00e9n con la UGT. Choque hubo entre UGT y SU por ejemplo en el conflicto de la empresa Armentia y Corres donde los ugetistas se ejercitaban en el esquirolaje. En asamblea de los metal\u00fargicos de 19-10-1931 se acord\u00f3 solidaridad con los huelguistas de esa empresa y nombrar una comisi\u00f3n que se entrevistara con la UGT a la que pertenec\u00edan los esquiroles, y la UGT respondi\u00f3 que actuaban correctamente de acuerdo con las bases firmadas con la patronal en junio por la representaci\u00f3n obrera (toda de la CNT) (<em>La Libertad<\/em>, 20-10-1931, 21-10-1931). Juli\u00e1n Alarcia, octubre de 1930, en nombre del ramo de construcci\u00f3n contesta al anuncio de huelga en el ramo por parte de la UGT. Escribe que en la asamblea del SU se leyeron las peticiones de UGT a la patronal y la casi dada por hecha huelga, que el SU no est\u00e1 de acuerdo con las peticiones, que no actuar\u00e1 como traidores a la revoluci\u00f3n y que se desliga del asunto (<em>La Libertad<\/em>, 24-10-1931).<\/span><\/p>\n<p><span class=\"notaAlPie\"><a class=\"destinoNotaAlPie\" href=\"#enlaceNota15\" name=\"nota15\"><sup>15<\/sup><\/a> Rese\u00f1ada en <em>\u00a1Despertad!<\/em>, 118, Vigo, 30-8-1930 y en <em>\u00c1lava Republicana<\/em> de 9-8-1930. El vocero vitoriano escribe (firma Portu) que organizada por la comisi\u00f3n pro cultura y el Sindicato \u00danico se celebr\u00f3 una conferencia que adquiri\u00f3 caracteres inesperados considerando la escasa propaganda que hab\u00eda podido hacerse del acto. Destaca la altura de los conferenciantes, dos camareros, que llamaron a sindicarse, a abandonar a los l\u00edderes de la UGT que han convivido con la dictadura, a trabajar en pro de una amplia amnist\u00eda y a oponerse a la guerra.<\/span><\/p>\n<p><span class=\"notaAlPie\"><a class=\"destinoNotaAlPie\" href=\"#enlaceNota16\" name=\"nota16\"><sup>16<\/sup><\/a> Atanasio Rituerto env\u00eda una carta abierta a <em>La Libertad<\/em> de Vitoria (que no la publica) puntualizando unas afirmaciones de la Sociedad de Obreros Alba\u00f1iles, Mamposteros y Peones. Tilda de irresponsables a sus dirigentes y se queja de que no tramitan la baja a obreros que han decidido abandonarla para ingresar en CNT. De paso recuerda que la reci\u00e9n ca\u00edda Dictadura se ensa\u00f1\u00f3 con la CNT y fue tirana para todos, salvo para los dirigentes de la UGT. La carta se public\u00f3 en <em>\u00a1Despertad!<\/em>, 115, Vigo, 9-8-1930.<\/span><\/p>\n<p><span class=\"notaAlPie\"><a class=\"destinoNotaAlPie\" href=\"#enlaceNota17\" name=\"nota17\"><sup>17<\/sup><\/a> <em>La Libertad<\/em>, 16-8-1930 y 20-8-1930. La respuesta del gobernador: la excarcelaci\u00f3n depende del Director de Seguridad y en cuanto al permiso la solicitud debe hacerse por escrito.<\/span><\/p>\n<p><span class=\"notaAlPie\"><a class=\"destinoNotaAlPie\" href=\"#enlaceNota18\" name=\"nota18\"><sup>18<\/sup><\/a> La huelga encontr\u00f3 notable eco en los peri\u00f3dicos nacionales y obviamente en los locales (<em>La Libertad<\/em> y <em>Heraldo Alav\u00e9s<\/em>), aunque en los \u00faltimos, por mor de alcanzarles la huelga, no fue lo extensa que era de esperar . Su desarrollo puede seguirse por ejemplo en <em>ABC<\/em> de Madrid y <em>La Vanguardia<\/em> de Barcelona. El ambiente de conflictividad se ven\u00eda gestando al menos desde el mes de agosto: conflicto en el ramo de la madera, descontento en la f\u00e1brica Ajuria, huelga en las obras de los cuarteles y Telef\u00f3nica en petici\u00f3n de aumento de sueldo, anuncios de huelga en f\u00e1bricas de velas, jabones y muebles. <em>ABC<\/em>, de 24-9-1930, 28-9-1930. En <em>\u00c1lava Republicana<\/em> de 9-8-1930 se lee que los obreros carpinteros contratados por los hermanos Eguinoa para las obras del nuevo edificio de Telef\u00f3nica y de la Caja de Ahorros se han declarado en huelga solicitando aumento de salarios, siendo los actuales irrisorios tanto m\u00e1s que la herramientas de trabajo las ponen los obreros.<\/span><\/p>\n<p><span class=\"notaAlPie\"><a class=\"destinoNotaAlPie\" href=\"#enlaceNota19\" name=\"nota19\"><sup>19<\/sup><\/a> <em>ABC<\/em>, 5-10-1930.<\/span><\/p>\n<p><span class=\"notaAlPie\"><a class=\"destinoNotaAlPie\" href=\"#enlaceNota20\" name=\"nota20\"><sup>20<\/sup><\/a> <em>La Vanguardia<\/em>, 4-10-1930, 7-10-1930, 8-10-1930.<\/span><\/p>\n<p><span class=\"notaAlPie\"><a class=\"destinoNotaAlPie\" href=\"#enlaceNota21\" name=\"nota21\"><sup>21<\/sup><\/a> <em>La Vanguardia<\/em> 5-10-1930 y <em>La Libertad<\/em>, 4-10-1930.<\/span><\/p>\n<p><span class=\"notaAlPie\"><a class=\"destinoNotaAlPie\" href=\"#enlaceNota22\" name=\"nota22\"><sup>22<\/sup><\/a> <em>ABC<\/em>, 8-10-1930 y 9-10-1933. En <em>Heraldo Alav\u00e9s<\/em>, 7-10-1930 se lee que el Sindicato \u00danico convoca para ma\u00f1ana huelga en el ramo de la construcci\u00f3n por el despido de algunos trabajadores de Eguinoa. El mismo vocero en su ejemplar de 8-10-1930, destacaba el \u00e9xito de la huelga pese al rechazo de La Casa Social Cat\u00f3lica y la UGT y expon\u00eda con claridad los motivos: efectuados tres despidos, uno de los afectados es readmitido con la mediaci\u00f3n de los comit\u00e9s paritarios, los otros dos rechazan su intermediaci\u00f3n. Las cosas se precipitan al ser detenido el secretario del SU (Di\u00e9guez): los huelguistas se manifiestas ante el Gobierno Civil, se ordena la detenci\u00f3n del comit\u00e9 de huelga, se clausura la sede del SU y se deniega una reuni\u00f3n obrera solicitada por el SU.<\/span><\/p>\n<p><span class=\"notaAlPie\"><a class=\"destinoNotaAlPie\" href=\"#enlaceNota23\" name=\"nota23\"><sup>23<\/sup><\/a> <em>La Vanguardia<\/em>, 9-10-1930 y <em>ABC<\/em> del mismo d\u00eda. De hecho la prensa de empresa le dio m\u00e1s relevancia que <em>Solidaridad Obrera<\/em> de Barcelona que se ocup\u00f3 de ella en los ejemplares de los d\u00edas 9, 10, 11 y 14 de octubre. En el n\u00famero del d\u00eda 9 se\u00f1ala que pese a que la huelga se rechaz\u00f3 inicialmente por el conjunto en reuni\u00f3n tenida en la Casa Sindical, lo cierto es que se inici\u00f3, con actuaci\u00f3n de piquetes y que un orador sindicalista fue detenido junto a trece huelguistas. El d\u00eda diez comenz\u00f3 a darle m\u00e1s importancia y centraba su informaci\u00f3n en las intervenciones del gobernador. Y mucha m\u00e1s el d\u00eda once, en primera p\u00e1gina bajo el t\u00edtulo \u00abLos grandes conflictos sociales\u00bb.<br \/>\n<em>La Libertad<\/em>, que no pudo informar como hubiera deseado (no sali\u00f3 los d\u00edas 9, 10 y 11) de 8-10-1930. se\u00f1ala el comienzo de la huelga del ramo de la construcci\u00f3n, el paro casi total pese a la oposici\u00f3n de UGT y Cat\u00f3licos, las palabras del poncio garantizando la libertad de trabajo, la detenci\u00f3n del comit\u00e9 de huelga. En su ejemplar del d\u00eda doce, destaca el final de la huelga (se empez\u00f3 a trabajar ayer, aunque en f\u00e1bricas como <em>La Metal\u00fargica<\/em> y <em>Sierras Alavesas<\/em>, las ausencias fueron mayoritarias, en la primera no llegaron a cien y menos a\u00fan en la segunda los que trabajaron. Repite, como otros, que el plebiscito en la sede de UGT: 699 se decantaron por volver al trabajo, 261 por proseguir la huelga y unos tres mil se abstuvieron.<br \/>\nEn <em>Heraldo Alav\u00e9s<\/em>, 8-10-1930, <em>La Libertad<\/em>, 8-10-1930 y <em>Solidaridad Obrera<\/em>, 11-8-1930, se insertan listas de detenidos (no siempre coinciden sus nombres): Manuel Aguilar Deseado, Jos\u00e9 Mar\u00eda Albiso (Arbisu, Albisu) Herrero (Berrero), F\u00e9lix Ant\u00f3n, Teodoro Aparicio, Pedro Arr\u00f3yabe, Antonio Di\u00e9guez San Mill\u00e1n (presidente del SU), F\u00e9lix y Francisco Elvira Gonz\u00e1lez (supuestos impresores de los panfletos), Mar\u00eda Cruz Gamav\u00e1 (Gamab\u00e1n) Garc\u00eda, Jos\u00e9 Garc\u00eda Castaneda, Jos\u00e9 Garc\u00eda de Salazar, Estanislao G\u00f3mez S\u00e1nchez, Pablo Gonz\u00e1lez Salvador, Mauricio Izquierdo, Jos\u00e9 Jim\u00e9nez Aberasturi, Gregorio Laimaco Gabilondo, Tom\u00e1s Laorden, Ricardo L\u00f3pez de la Calle, Eustasio L\u00f3pez Tifal, Nicasio de Marcos P\u00e9rez, Rom\u00e1n M\u00ednguez Domingo, Antonio Nanclares Guti\u00e9rrez, Gerardo Navarrete, Ram\u00f3n Ojanguren, Prudencio Otegui (contador del SU), Benito Paniagua, Daniel Plazaola Villar, Isidro Quintanilla G\u00f3mez, Genoveva Rodr\u00edguez D\u00edaz (D\u00edez), Hermenegildo Ruiz, Mois\u00e9s Ruiz, Te\u00f3filo Unda, Bernab\u00e9 y Jos\u00e9 Villambiste y Dionisio Vilumbrales, en su mayor\u00eda liberados al poco, los menos procesados por insultos a la fuerza armada.<\/span><\/p>\n<p><span class=\"notaAlPie\"><a class=\"destinoNotaAlPie\" href=\"#enlaceNota24\" name=\"nota24\"><sup>24<\/sup><\/a> <em>La Vanguardia<\/em>, 9-10-1930. La informaci\u00f3n de <em>ABC<\/em> del mismo d\u00eda precisaba que se hab\u00eda declarado la huelga general del ramo y que el paro fue total pese a que UGT y los Sindicatos Cat\u00f3licos hab\u00edan acordado la noche anterior no secundar el paro. El mismo rotativo se\u00f1alaba que por la noche hab\u00eda empeorado la situaci\u00f3n. \u00abAl salir la Benem\u00e9rita a la calle fue recibida con insultos y algunas pedradas. Ha sido sorprendido en flagrante coacci\u00f3n, y detenido, el Presidente del Sindicato \u00danico. Al conocer la noticia de la detenci\u00f3n los huelguistas se dirigieron al Gobierno Civil en actitud resuelta habiendo sido necesario que el gobernador civil requiriese el auxilio de la Benem\u00e9rita, que dispers\u00f3 a los grupos. Hasta las once de la noche han sido detenidos m\u00e1s de treinta sindicalistas; entre los detenidos figuran dos mujeres.<br \/>\n\u00abUn grupo de huelguistas penetr\u00f3 violentamente en el domicilio del agente de vigilancia Florencio Andr\u00e9s y, abriendo un boquete en el tejado, desaparecieron. Cr\u00e9ese que antes de las cuatro de la madrugada el n\u00famero de detenidos se habr\u00e1 elevado a cuarenta.<br \/>\n\u00abLa clausura del local donde est\u00e1 instalado el Sindicato \u00danico, ordenada por el gobernador, se ha llevado a cabo sin incidentes.<br \/>\n\u00abHa sido denegado el permiso solicitado por los sindicalistas para celebrar ma\u00f1ana una reuni\u00f3n: estos han anunciado al gobernador que ma\u00f1ana ir\u00e1n a la huelga todos los gremios a que pertenecen los asociados. Al conocerse este anuncio de huelga, muchas mujeres acudieron a la Cooperativa c\u00edvico-militar y a otros establecimientos, para proveerse de v\u00edveres.<br \/>\n\u00abEl gobernador ha manifestado que amparar\u00e1 con toda energ\u00eda la libertad de trabajo, m\u00e1xime const\u00e1ndole que los socialistas cat\u00f3licos no secundan el paro por estimarlo improcedente. En este momento la tranquilidad es completa.\u00bb<\/span><\/p>\n<p><span class=\"notaAlPie\"><a class=\"destinoNotaAlPie\" href=\"#enlaceNota25\" name=\"nota25\"><sup>25<\/sup><\/a> <em>La Vanguardia<\/em>, 11-10-1930. El <em>ABC<\/em> del mismo d\u00eda informaba en sus p\u00e1ginas 23 y 38. La noticia (datada en la madrugada del d\u00eda diez) confirmaba el \u00e9xito del Sindicato \u00danico: ser\u00edan readmitidos los tres despedidos y desaparecer\u00eda el Comit\u00e9 paritario del ramo de la construcci\u00f3n cuya ineficacia hab\u00eda quedado demostrada. Informaba de lo sucedido en la calle: paro general, incluidos los dos peri\u00f3dicos, intentos de cortar el abastecimiento de pan y leche, sablazos y algunos tiros por parte de las fuerzas de orden p\u00fablico, foco principal concentrado en la parte vieja (Correr\u00eda y Zapater\u00eda) donde se han efectuado disparos (tres detenidos por ese motivo) contra la guardia civil que respondi\u00f3 con sus mausers, herido y detenido un huelguista, siguen las detenciones, muerto por la guardia civil un obrero municipal al parecer ajeno al conflicto, entrevista del comit\u00e9 de huelga de la CNT (encarcelado) y el comit\u00e9 metal\u00fargico, etc.<\/span><\/p>\n<p><span class=\"notaAlPie\"><a class=\"destinoNotaAlPie\" href=\"#enlaceNota26\" name=\"nota26\"><sup>26<\/sup><\/a> <em>ABC<\/em>, 12-10-1930.<\/span><\/p>\n<p><span class=\"notaAlPie\"><a class=\"destinoNotaAlPie\" href=\"#enlaceNota27\" name=\"nota27\"><sup>27<\/sup><\/a> <em>Solidaridad Obrera<\/em> del d\u00eda 14 se\u00f1alaba el fin de la huelga tras la celebraci\u00f3n de una asamblea en la madrugada del s\u00e1bado que acord\u00f3 darla por finalizada por 669 votos contra 261 y m\u00e1s de 3.000 abstenciones, eso s\u00ed condicionada a la supresi\u00f3n de los comit\u00e9s paritarios que hab\u00edan demostrado su ineficacia.<\/span><\/p>\n<p><span class=\"notaAlPie\"><a class=\"destinoNotaAlPie\" href=\"#enlaceNota28\" name=\"nota28\"><sup>28<\/sup><\/a> <em>La Vanguardia<\/em>, 14-10-1930, 15-10-1930 y <em>ABC<\/em>, 14-10-1930. En <em>ABC<\/em> de 16-10-1930 y 17-10-1930 se dice que el juzgado militar ha decretado la libertad provisional para Mauricio Izquierdo, Jos\u00e9 Garc\u00eda Casta\u00f1eda y Ram\u00f3n Ojanguren, al tiempo que se notifica auto de procesamiento, por insultos a la fuerza p\u00fablica, a Pedro Arroyades (se refiere a Arr\u00f3yabe), Hermenegildo Ruiz, Bernab\u00e9 Villambiste, Dionisio Vilumbrales y Benito Paniagua. En el <em>ABC<\/em> de 28-10-1930 se dice que el Sindicato \u00danico se ha dirigido al gobernador pidiendo la reapertura del local sindical y que los siete detenidos, sujetos a procesos militares, han nombrado como defensores a varios capitanes y oficiales de la guarnici\u00f3n vitoriana.<\/span><\/p>\n<p><span class=\"notaAlPie\"><a class=\"destinoNotaAlPie\" href=\"#enlaceNota29\" name=\"nota29\"><sup>29<\/sup><\/a> <em>La Libertad<\/em>, 7-10-1930 y 8-10-1930. <em>La Libertad<\/em> no se pudo publicar los d\u00edas 9, 10 y 11.<\/span><\/p>\n<p><span class=\"notaAlPie\"><a class=\"destinoNotaAlPie\" href=\"#enlaceNota30\" name=\"nota30\"><sup>30<\/sup><\/a> <em>La Revista Blanca<\/em> 179. Su convocatoria y orden del d\u00eda en <em>Solidaridad Obrera<\/em> de 2-9-1930 y 4-9-1930. Amplia rese\u00f1a, con lista de delegados, en <em>Tierra y Libertad<\/em>, 8-11-1930. Manuel Fern\u00e1ndez Vallejo represent\u00f3 a Calahorra, Bilbao y Vitoria. Adem\u00e1s diversos sindicatos y secciones de camareros delegaron en el Comit\u00e9 de Relaciones del ramo, entre ellos el Sindicato \u00danico <em>La Alianza<\/em> de Vitoria.<\/span><\/p>\n<p><span class=\"notaAlPie\"><a class=\"destinoNotaAlPie\" href=\"#enlaceNota31\" name=\"nota31\"><sup>31<\/sup><\/a> En <em>Solidaridad Obrera<\/em> de 26-10-1932 leemos una nota del Sindicato Metal\u00fargico de Vitoria en la que se dirige a todos los sindicaros y compa\u00f1eros de la regi\u00f3n catalana apoyando la decisi\u00f3n tomada en el \u00abcaso Sabadell\u00bb, o sea, la expulsi\u00f3n de los sindicalistas pol\u00edticos, sindicatos pseudorevolucionarios y se\u00f1alando que no permitir\u00e1n la m\u00e1s m\u00ednima alteraci\u00f3n de los principios y finalidades revolucionarias a las que aspira la CNT, o sea, el comunismo libertario.<br \/>\nEn <em>Solidaridad Obrera<\/em> de 22-7-1934 se publica otra nota del Sindicato Metal\u00fargico en el que deja claro que en ese sindicato no existen treintistas ni pesta\u00f1istas y una vez m\u00e1s \u00abhacemos en esta nota auto de fe de los ideales an\u00e1rquicos\u00bb.<\/span><\/p>\n<p><span class=\"notaAlPie\"><a class=\"destinoNotaAlPie\" href=\"#enlaceNota32\" name=\"nota32\"><sup>32<\/sup><\/a> <em>Solidaridad Obrera<\/em>, de 26-10-1930 informa escuetamente de que se ha solucionado tras una reuni\u00f3n con el gobernador.<\/span><\/p>\n<p><span class=\"notaAlPie\"><a class=\"destinoNotaAlPie\" href=\"#enlaceNota33\" name=\"nota33\"><sup>33<\/sup><\/a> Huelga de hojalateros desde el 11 de noviembre (<em>ABC<\/em>, 11-11-1930), resuelta el d\u00eda 15. (<em>ABC<\/em>, 16-11-1930).<\/span><\/p>\n<p><span class=\"notaAlPie\"><a class=\"destinoNotaAlPie\" href=\"#enlaceNota34\" name=\"nota34\"><sup>34<\/sup><\/a> <em>ABC<\/em>, 28-12-1930: El gobernador levanta el cierre de la Federaci\u00f3n de Sociedades Obreras.<\/span><\/p>\n<p><span class=\"notaAlPie\"><a class=\"destinoNotaAlPie\" href=\"#enlaceNota35\" name=\"nota35\"><sup>35<\/sup><\/a> El sindicato ya hab\u00eda sido clausurado en octubre, de hecho el d\u00eda 21 la CNT pidi\u00f3 al gobernador la apertura del mismo (<em>La Libertad<\/em>, 21-10-1930), sin que sepamos si lo lograron. A fines de noviembre s\u00ed estaba abierto: el gobernador el d\u00eda 27 accede a la celebraci\u00f3n de una conferencia de Isaac Puente en la sede del sindicato (<em>La Libertad<\/em>, 27-11-1931).<\/span><\/p>\n<p><span class=\"notaAlPie\"><a class=\"destinoNotaAlPie\" href=\"#enlaceNota36\" name=\"nota36\"><sup>36<\/sup><\/a> <em>La Libertad<\/em>, 15-12-1930 y <em>Heraldo Alav\u00e9s<\/em>, 15-12-1930. Sucesos de Jaca, tranquilidad en Vitoria: se declara la huelga pac\u00edfica con bastante seguimiento (trabajan menos de cien asalariados en <em>Ajuria<\/em>).<br \/>\nEl 17 de diciembre (<em>ABC<\/em>, 18-12-1930) informa de que lleg\u00f3 a Vitoria una compa\u00f1\u00eda del segundo de monta\u00f1a proveniente de Jaca. En <em>ABC<\/em> del 19-12-1930, leemos: abiertas todas las f\u00e1bricas metal\u00fargicas entraron 202 obreros (ayer 96)\u2026virtualmente terminada la huelga.<br \/>\nAntonio Rivera, <em>La utop\u00eda futura<\/em> (Vitoria, 2008), 183.<\/span><\/p>\n<p><span class=\"notaAlPie\"><a class=\"destinoNotaAlPie\" href=\"#enlaceNota37\" name=\"nota37\"><sup>37<\/sup><\/a> <em>ABC<\/em>, 16-1-1931.<\/span><\/p>\n<p><span class=\"notaAlPie\"><a class=\"destinoNotaAlPie\" href=\"#enlaceNota38\" name=\"nota38\"><sup>38<\/sup><\/a> En <em>La Vanguardia<\/em>, 24-2-1931, leemos que una nutrida representaci\u00f3n de obreros sin trabajo visit\u00f3 al alcaide interino para rogarle que se procure emplearlos, contest\u00e1ndoles que se hab\u00eda gastado totalmente la cantidad presupuestada; pero que en vista de la situaci\u00f3n se hab\u00eda enviado una exposici\u00f3n al Gobierno solicitando que facilitara alguna cantidad. La misma comisi\u00f3n visit\u00f3 la redacci\u00f3n de los diarios a suplicar que las cantidades recogidas en la subscripci\u00f3n abierta a su favor, les sean entregadas cuanto antes, en atenci\u00f3n a su situaci\u00f3n angustiosa. En <em>La Vanguardia<\/em>, 26-2-1931, de nuevo una comisi\u00f3n de obreros sin trabajo de diversos oficios solicit\u00f3 al gobernador que influyera para que fueran admitidos en alg\u00fan taller y activara la distribuci\u00f3n de las cantidades recaudadas en la suscripci\u00f3n popular. El gobernador se comprometi\u00f3 a nombrar una comisi\u00f3n.<br \/>\nEn <em>ABC<\/em>, 5-3-1931 el alcalde se muestra muy preocupado por el paro obrero: la Caja de Ahorros no da dinero, el ayuntamiento despide obreros para turnarlos con parados.<\/span><\/p>\n<p><span class=\"notaAlPie\"><a class=\"destinoNotaAlPie\" href=\"#enlaceNota39\" name=\"nota39\"><sup>39<\/sup><\/a> <em>La Vanguardia<\/em>, 15-2-1931.<\/span><\/p>\n<p><span class=\"notaAlPie\"><a class=\"destinoNotaAlPie\" href=\"#enlaceNota40\" name=\"nota40\"><sup>40<\/sup><\/a> <em>La Vanguardia<\/em>, 8-3-1931, que precisaba que el acto se fijaba para las doce de la ma\u00f1ana, partir\u00eda de la plaza de Alfonso XIII, recorrer\u00eda las calles de Dato y General \u00c1lava y una comisi\u00f3n entregar\u00eda una petici\u00f3n al gobernador civil. Tanto <em>ABC<\/em> como <em>La Vanguardia<\/em> del 10-3-1931 informaron del desarrollo de la manifestaci\u00f3n: celebrada dentro del mayor orden, la comisi\u00f3n fue recibida \u00abafectuosamente\u00bb por el Gobernador que les asegur\u00f3 que deseaba tanto como ellos conseguir los prop\u00f3sitos de los manifestantes y que elevar\u00eda sus conclusiones al Gobierno. <em>La Libertad<\/em>, 7-3-1931 (convocatoria) y 9-3-1931 (desarrollo) inform\u00f3 en el mismo tono de mutua comprensi\u00f3n entre el Gobernador y los convocantes (socialistas y republicanos).<\/span><\/p>\n<p><span class=\"notaAlPie\"><a class=\"destinoNotaAlPie\" href=\"#enlaceNota41\" name=\"nota41\"><sup>41<\/sup><\/a> <em>La Libertad<\/em>, 15-12-1930, 2-2-1931, 26-2-1931. Clausurada el 15 de diciembre de 1930, fueron varias las comisiones del Sindicato (30 de diciembre de 1930, dos de febrero de 1931, 26 de febrero de 1931) que solicitaron del gobernador su reapertura as\u00ed como la liberaci\u00f3n de los compa\u00f1eros presos, sin \u00e9xito. El poncio argumentaba \u00abmientras no se sujeten a lo preceptuado a este respecto, haci\u00e9ndose preciso la presentaci\u00f3n de un nuevo reglamento, constituci\u00f3n de Junta Directiva y una porci\u00f3n de detalles que se consideran precisos&#8230;\u00bb<\/span><\/p>\n<p><span class=\"notaAlPie\"><a class=\"destinoNotaAlPie\" href=\"#enlaceNota42\" name=\"nota42\"><sup>42<\/sup><\/a> <em>La Vanguardia<\/em>, 15-3-1931 y <em>ABC<\/em>, 17-3-1931.<\/span><\/p>\n<p><span class=\"notaAlPie\"><a class=\"destinoNotaAlPie\" href=\"#enlaceNota43\" name=\"nota43\"><sup>43<\/sup><\/a> <em>La Libertad<\/em>, 4-4-1931.<\/span><\/p>\n<p><span class=\"notaAlPie\"><a class=\"destinoNotaAlPie\" href=\"#enlaceNota44\" name=\"nota44\"><sup>44<\/sup><\/a> <em>ABC<\/em>, 25-3-1931 y <em>La Vanguardia<\/em>, 9-4-1931.<\/span><\/p>\n","protected":false},"excerpt":{"rendered":"<p>1. La dictadura de Primo de Rivera La dictadura de Primo de Rivera (13-9-1923 \/ 28-1-1930) supone la desarticulaci\u00f3n casi total de la CNT, ilegalizada por el dictador, cuyos militantes m\u00e1s prestigiosos pasan a la clandestinidad, a los presidios o &hellip; <\/p>\n","protected":false},"author":2,"featured_media":1210,"comment_status":"closed","ping_status":"open","sticky":false,"template":"","format":"standard","meta":{"jetpack_post_was_ever_published":false,"_jetpack_newsletter_access":"","_jetpack_dont_email_post_to_subs":false,"_jetpack_newsletter_tier_id":0,"_jetpack_memberships_contains_paywalled_content":false,"_jetpack_memberships_contains_paid_content":false,"footnotes":"","jetpack_publicize_message":"","jetpack_publicize_feature_enabled":true,"jetpack_social_post_already_shared":true,"jetpack_social_options":{"image_generator_settings":{"template":"highway","enabled":false},"version":2}},"categories":[4],"tags":[10],"class_list":["post-939","post","type-post","status-publish","format-standard","has-post-thumbnail","hentry","category-la-historia","tag-la-historia"],"jetpack_publicize_connections":[],"jetpack_featured_media_url":"https:\/\/vitoria.cnt.es\/mh\/wp-content\/uploads\/sites\/2\/2016\/03\/derribo_san_francisco-vitoria-1930.jpg","jetpack_sharing_enabled":true,"jetpack_shortlink":"https:\/\/wp.me\/p58fhe-f9","_links":{"self":[{"href":"https:\/\/vitoria.cnt.es\/mh\/wp-json\/wp\/v2\/posts\/939","targetHints":{"allow":["GET"]}}],"collection":[{"href":"https:\/\/vitoria.cnt.es\/mh\/wp-json\/wp\/v2\/posts"}],"about":[{"href":"https:\/\/vitoria.cnt.es\/mh\/wp-json\/wp\/v2\/types\/post"}],"author":[{"embeddable":true,"href":"https:\/\/vitoria.cnt.es\/mh\/wp-json\/wp\/v2\/users\/2"}],"replies":[{"embeddable":true,"href":"https:\/\/vitoria.cnt.es\/mh\/wp-json\/wp\/v2\/comments?post=939"}],"version-history":[{"count":55,"href":"https:\/\/vitoria.cnt.es\/mh\/wp-json\/wp\/v2\/posts\/939\/revisions"}],"predecessor-version":[{"id":997,"href":"https:\/\/vitoria.cnt.es\/mh\/wp-json\/wp\/v2\/posts\/939\/revisions\/997"}],"wp:featuredmedia":[{"embeddable":true,"href":"https:\/\/vitoria.cnt.es\/mh\/wp-json\/wp\/v2\/media\/1210"}],"wp:attachment":[{"href":"https:\/\/vitoria.cnt.es\/mh\/wp-json\/wp\/v2\/media?parent=939"}],"wp:term":[{"taxonomy":"category","embeddable":true,"href":"https:\/\/vitoria.cnt.es\/mh\/wp-json\/wp\/v2\/categories?post=939"},{"taxonomy":"post_tag","embeddable":true,"href":"https:\/\/vitoria.cnt.es\/mh\/wp-json\/wp\/v2\/tags?post=939"}],"curies":[{"name":"wp","href":"https:\/\/api.w.org\/{rel}","templated":true}]}}